{"id":17623,"date":"2021-01-25T16:46:03","date_gmt":"2021-01-25T16:46:03","guid":{"rendered":"http:\/\/www.iceagetv.com\/radiosite\/?p=17623"},"modified":"2021-01-25T16:46:03","modified_gmt":"2021-01-25T16:46:03","slug":"confinements-255-millions-demplois-detruits-dans-le-monde","status":"publish","type":"post","link":"https:\/\/www.iceagetv.com\/radiosite\/confinements-255-millions-demplois-detruits-dans-le-monde\/","title":{"rendered":"CONFINEMENTS: 255 MILLIONS D&rsquo;EMPLOIS D\u00c9TRUITS DANS LE MONDE"},"content":{"rendered":"\n<p>\n\nC&rsquo;est quatre fois plus que lors de la crise financi\u00e8re de 2009 selon un rapport de l&rsquo;Organisation internationale du Travail (OIT).<\/p>\n\n\n\n<p>L&rsquo;impact des confinements dans de nombreux pays de la plan\u00e8te ont eu des cons\u00e9quences sans pr\u00e9c\u00e9dent sur le march\u00e9 du travail.<\/p>\n\n\n\n<p>Selon la\u00a0<a rel=\"noreferrer noopener\" href=\"https:\/\/www.ilo.org\/wcmsp5\/groups\/public\/---dgreports\/---dcomm\/documents\/briefingnote\/wcms_767223.pdf\" target=\"_blank\">septi\u00e8me \u00e9dition de l&rsquo;Observatoire de l&rsquo;OIT<\/a>\u00a0(Organisation internationale du Travail), \u00ab\u00a0les derniers chiffres montrent que, sur l\u2019ensemble de l\u2019ann\u00e9e, 8,8% des heures de travail dans le monde ont \u00e9t\u00e9 perdues (par rapport au quatri\u00e8me trimestre 2019), ce qui \u00e9quivaut \u00e0 255 millions d\u2019emplois \u00e0 temps plein. Cela repr\u00e9sente environ un nombre quatre fois plus \u00e9lev\u00e9 que celui des heures perdues pendant la crise financi\u00e8re mondiale de 2009\u00a0\u00bb.<\/p>\n\n\n\n<p>Toujours selon ce rapport, \u00ab\u00a0ces heures de travail perdues recouvrent \u00e0 la fois la r\u00e9duction du nombre d\u2019heures effectu\u00e9es par celles et ceux qui ont un travail, et le niveau sans pr\u00e9c\u00e9dent des pertes d\u2019emplois qui touchent 114 millions de personnes\u00a0\u00bb.<\/p>\n\n\n\n<h2 class=\"wp-block-heading\">\u00ab\u00a0On sous-estime gravement les cons\u00e9quences du covid sur le march\u00e9 du travail\u00a0\u00bb<\/h2>\n\n\n\n<p>Concr\u00e8tement, 71% de ces pertes d\u2019emplois (81 millions de personnes) \u00ab\u00a0rel\u00e8vent de l\u2019inactivit\u00e9 plut\u00f4t que du ch\u00f4mage, ce qui signifie que ces personnes ont quitt\u00e9 le march\u00e9 du travail parce qu\u2019elles n\u2019\u00e9taient pas en mesure de travailler, peut-\u00eatre en raison des mesures de restrictions li\u00e9es \u00e0 la pand\u00e9mie ou, tout simplement, parce qu\u2019elles ont cess\u00e9 de chercher du travail\u00a0\u00bb.<\/p>\n\n\n\n<p>\u00ab\u00a0Si l\u2019on s\u2019attache uniquement au ch\u00f4mage, on sous-estime donc gravement les cons\u00e9quences du COVID-19 sur le march\u00e9 du travail\u00a0\u00bb.<\/p>\n\n\n\n<p>Ces cons\u00e9quences ont \u00e9t\u00e9 plus douloureuses pour les femmes que pour les hommes. Au niveau mondial, les pertes d\u2019emplois les ayant affect\u00e9es s\u2019\u00e9l\u00e8vent \u00e0 5% contre 3,9% pour les hommes. \u00ab\u00a0En particulier, les femmes risquaient beaucoup plus que les hommes de devoir quitter le march\u00e9 du travail et de se retrouver inactives\u00a0\u00bb, commente l&rsquo;OIT.<\/p>\n\n\n\n<p>M\u00eame sanction pour les travailleurs les plus jeunes (15\/24 ans): \u00ab\u00a0les pertes d\u2019emplois s\u2019\u00e9levaient \u00e0 8,7%, par rapport \u00e0 3,7% pour les adultes. Cela met en \u00e9vidence le risque plus que jamais r\u00e9el d\u2019une g\u00e9n\u00e9ration perdue, peut-on lire dans l\u2019Observatoire.<\/p>\n\n\n\n<h2 class=\"wp-block-heading\">Une baisse de 4,4% du PIB mondial<\/h2>\n\n\n\n<p>Le secteur le plus touch\u00e9 est celui des activit\u00e9s d\u2019h\u00e9bergement et de restauration, avec une baisse en moyenne de plus de 20%, suivi par le commerce et les activit\u00e9s de fabrication. \u00ab\u00a0Par contre, on a assist\u00e9 \u00e0 une hausse des embauches au deuxi\u00e8me trimestre et au troisi\u00e8me trimestre 2020 dans l\u2019information et la communication ainsi que dans les activit\u00e9s financi\u00e8res et d\u2019assurances. Des gains marginaux ont \u00e9galement \u00e9t\u00e9 enregistr\u00e9s pour les activit\u00e9s extractives et les services\u00a0\u00bb.<\/p>\n\n\n\n<p>Cette saign\u00e9e aurait entra\u00een\u00e9 une baisse globale et mondiale de 8,3% des revenus du travail de mani\u00e8re globale (avant la prise en compte des mesures de soutien), ce qui \u00e9quivaut \u00e0 3700 milliards de dollars ou encore 4,4% du Produit int\u00e9rieur brut mondial (PIB).<\/p>\n\n\n\n<p>Et pour 2021? \u00c9videmment les incertitudes sanitaires ne permettent pas d&rsquo;\u00e9tablir des scenarii pr\u00e9cis. \u00ab\u00a0Le sc\u00e9nario de r\u00e9f\u00e9rence, bas\u00e9 sur les pr\u00e9visions du Fonds mon\u00e9taire international d\u2019octobre 2020, pr\u00e9voit une perte de 3% du nombre d\u2019heures de travail dans le monde\u00a0\u00bb. Un sc\u00e9nario plus pessimiste table sur une perte de 4,6%, une vision optimiste estime la perte \u00e0 1,3%. \u00ab\u00a0Tout d\u00e9pendra si la pand\u00e9mie est sous contr\u00f4le et si l\u2019on enregistre un regain de confiance de la part des consommateurs et des entreprises.<\/p>\n\n\n\n<p>Reste une sombre certitude selon l&rsquo;OIT, \u00ab\u00a0dans tous les sc\u00e9narios, les Am\u00e9riques, l&rsquo;Europe et l&rsquo;Asie centrale subiraient environ deux fois les pertes d&rsquo;heures de travail des autres r\u00e9gions\u00a0\u00bb.<\/p>\n\n\n\n<p><\/p>\n","protected":false},"excerpt":{"rendered":"<p>C&rsquo;est quatre fois plus que lors de la crise financi\u00e8re de 2009 selon un rapport de l&rsquo;Organisation internationale du Travail (OIT). L&rsquo;impact des confinements dans de nombreux pays de la plan\u00e8te ont eu des cons\u00e9quences sans pr\u00e9c\u00e9dent sur le march\u00e9 du travail. Selon la\u00a0septi\u00e8me \u00e9dition de l&rsquo;Observatoire de l&rsquo;OIT\u00a0(Organisation internationale du Travail), \u00ab\u00a0les derniers chiffres [&hellip;]<\/p>\n","protected":false},"author":2,"featured_media":17624,"comment_status":"open","ping_status":"open","sticky":false,"template":"","format":"standard","meta":{"_jetpack_memberships_contains_paid_content":false,"footnotes":"","jetpack_publicize_message":"","jetpack_publicize_feature_enabled":true,"jetpack_social_post_already_shared":true,"jetpack_social_options":{"image_generator_settings":{"template":"highway","default_image_id":0,"font":"","enabled":false},"version":2},"_wpas_customize_per_network":false},"categories":[405],"tags":[],"class_list":["post-17623","post","type-post","status-publish","format-standard","has-post-thumbnail","hentry","category-actu-france-monde"],"jetpack_publicize_connections":[],"jetpack_featured_media_url":"https:\/\/i0.wp.com\/www.iceagetv.com\/radiosite\/wp-content\/uploads\/2021\/01\/255-MILLIONS-DEMPLOIS-D%C3%89TRUITS-DANS-LE-MONDE.jpg?fit=464%2C261&ssl=1","jetpack_sharing_enabled":true,"_links":{"self":[{"href":"https:\/\/www.iceagetv.com\/radiosite\/wp-json\/wp\/v2\/posts\/17623","targetHints":{"allow":["GET"]}}],"collection":[{"href":"https:\/\/www.iceagetv.com\/radiosite\/wp-json\/wp\/v2\/posts"}],"about":[{"href":"https:\/\/www.iceagetv.com\/radiosite\/wp-json\/wp\/v2\/types\/post"}],"author":[{"embeddable":true,"href":"https:\/\/www.iceagetv.com\/radiosite\/wp-json\/wp\/v2\/users\/2"}],"replies":[{"embeddable":true,"href":"https:\/\/www.iceagetv.com\/radiosite\/wp-json\/wp\/v2\/comments?post=17623"}],"version-history":[{"count":1,"href":"https:\/\/www.iceagetv.com\/radiosite\/wp-json\/wp\/v2\/posts\/17623\/revisions"}],"predecessor-version":[{"id":17625,"href":"https:\/\/www.iceagetv.com\/radiosite\/wp-json\/wp\/v2\/posts\/17623\/revisions\/17625"}],"wp:featuredmedia":[{"embeddable":true,"href":"https:\/\/www.iceagetv.com\/radiosite\/wp-json\/wp\/v2\/media\/17624"}],"wp:attachment":[{"href":"https:\/\/www.iceagetv.com\/radiosite\/wp-json\/wp\/v2\/media?parent=17623"}],"wp:term":[{"taxonomy":"category","embeddable":true,"href":"https:\/\/www.iceagetv.com\/radiosite\/wp-json\/wp\/v2\/categories?post=17623"},{"taxonomy":"post_tag","embeddable":true,"href":"https:\/\/www.iceagetv.com\/radiosite\/wp-json\/wp\/v2\/tags?post=17623"}],"curies":[{"name":"wp","href":"https:\/\/api.w.org\/{rel}","templated":true}]}}