{"id":17661,"date":"2021-01-29T07:33:51","date_gmt":"2021-01-29T07:33:51","guid":{"rendered":"http:\/\/www.iceagetv.com\/radiosite\/?p=17661"},"modified":"2021-01-29T07:33:51","modified_gmt":"2021-01-29T07:33:51","slug":"coronavirus-emmanuel-macron-devrait-intervenir-dimanche-a-20h-a-la-television-pour-annoncer-les-mesures-de-confinement-quil-aura-decide-samedi","status":"publish","type":"post","link":"https:\/\/www.iceagetv.com\/radiosite\/coronavirus-emmanuel-macron-devrait-intervenir-dimanche-a-20h-a-la-television-pour-annoncer-les-mesures-de-confinement-quil-aura-decide-samedi\/","title":{"rendered":"Coronavirus &#8211; Emmanuel Macron devrait intervenir dimanche \u00e0 20h \u00e0 la t\u00e9l\u00e9vision pour annoncer les mesures de confinement qu&rsquo;il aura d\u00e9cid\u00e9 samedi"},"content":{"rendered":"\n<p>Alors que la situation sanitaire continue de se d\u00e9grader en France et que les variants progressent chaque jour, le Pr\u00e9sident devrait faire de nouvelles annonces dimanche soir \u00e0 la t\u00e9l\u00e9vision. Ce sont les nouvelles informations qui circulent ce matin dans les r\u00e9dactions en provenance de l&rsquo;Elys\u00e9e. \u00ab\u00a0C&rsquo;est la plus grosse exposition pour lui\u00a0\u00bb, estime un conseiller minist\u00e9riel. Le d\u00e9but de semaine prochaine semble improbable car, en retardant les annonces, on retarde aussi la mise en place des mesures. Et les projections li\u00e9es aux variants \u00ab\u00a0ne permettent pas ce luxe\u00a0\u00bb rench\u00e9rit ce m\u00eame conseiller.<\/p>\n\n\n\n<p>\u00ab\u00a0Sinc\u00e8rement rien n&rsquo;est d\u00e9cid\u00e9. Il y a une borne \u00e0 samedi pour faire un point sur les effets du couvre-feu\u00a0\u00bb, a indiqu\u00e9 une source gouvernementale. \u00ab\u00a0Il est \u00e9videmment possible de r\u00e9fl\u00e9chir \u00e0 allonger les vacances d&rsquo;un c\u00f4t\u00e9 ou de l&rsquo;autre. Mais notre objectif est que les enfants puissent continuer \u00e0 apprendre\u00a0\u00bb, a confirm\u00e9 le porte-parole du gouvernement, Gabriel Attal, alors que le ministre de l&rsquo;Education Jean-Michel Blanquer milite plut\u00f4t pour \u00ab\u00a0pr\u00e9server les calendriers autant qu&rsquo;on peut\u00a0\u00bb.<\/p>\n\n\n\n<p>Les variants du virus, qui se sont diffus\u00e9s au Royaume-Uni et en Afrique du Sud et qui repr\u00e9senteraient d\u00e9sormais un dixi\u00e8me des cas en France (2.000 par jour), \u00ab\u00a0sont susceptibles d&rsquo;entra\u00eener une vague \u00e9pid\u00e9mique tr\u00e8s forte, plus forte encore que les pr\u00e9c\u00e9dentes compte-tenu de (leur) forte contagiosit\u00e9\u00a0\u00bb, a mis en garde le ministre de la Sant\u00e9, Olivier V\u00e9ran, lors d&rsquo;un point presse jeudi apr\u00e8s-midi.<\/p>\n\n\n\n<p>Dans l&rsquo;imm\u00e9diat, \u00ab\u00a0nous ne sommes pas \u00e0 proprement parler dans une vague \u00e9pid\u00e9mique (&#8230;) mais le virus circule \u00e0 un niveau \u00e9lev\u00e9\u00a0\u00bb, \u00ab\u00a0il diffuse plus vite chaque semaine\u00a0\u00bb et l&rsquo;efficacit\u00e9 du couvre-feu \u00e0 18h \u00ab\u00a0s&rsquo;estompe\u00a0\u00bb, a ajout\u00e9 le ministre. Selon les donn\u00e9es de Sant\u00e9 publique France, un peu plus de 141.000 personnes ont \u00e9t\u00e9 test\u00e9es positives la semaine derni\u00e8re, soit une moyenne de 20.100 par jour, contre 128.000 la semaine pr\u00e9c\u00e9dente, soit une moyenne de 18.300.<\/p>\n\n\n\n<p>Des discussions sont \u00e9galement en cours sur un \u00e9ventuel durcissement du protocole sanitaire dans les commerces, notamment les grandes surfaces alimentaires, a indiqu\u00e9 le pr\u00e9sident de l&rsquo;enseigne Syst\u00e8me U, Dominique Schelcher.<\/p>\n\n\n\n<p>Alors qu&rsquo;un nouveau confinement \u00e9tait pr\u00e9sent\u00e9 en fin de semaine derni\u00e8re comme n\u00e9cessaire par le pr\u00e9sident du conseil scientifique, Jean-Fran\u00e7ois Delfraissy, le gouvernement a temporis\u00e9, disant vouloir attendre les r\u00e9sultats du couvre-feu \u00e0 18h avec deux semaines de recul (c&rsquo;est \u00e0 dire ce week-end), et de nouvelles donn\u00e9es sur la propagation des variants anglais et sud-africain plus contagieux.<\/p>\n\n\n\n<p>L&rsquo;ex\u00e9cutif cherche un \u00ab\u00a0point d&rsquo;\u00e9quilibre\u00a0\u00bb, avec la n\u00e9cessit\u00e9 de \u00ab\u00a0prot\u00e9ger les Fran\u00e7ais\u00a0\u00bb sans toutefois \u00ab\u00a0mettre le pays sous cloche\u00a0\u00bb, a expliqu\u00e9 le patron des d\u00e9put\u00e9s LREM Christophe Castaner. Le tout sur fond d&rsquo;interrogations sur un ras-le-bol de la population face aux restrictions sanitaires, alors que les caf\u00e9s, restaurants et lieux culturels n&rsquo;ont jamais rouvert depuis leur fermeture fin octobre.<\/p>\n\n\n\n<p><\/p>\n","protected":false},"excerpt":{"rendered":"<p>Alors que la situation sanitaire continue de se d\u00e9grader en France et que les variants progressent chaque jour, le Pr\u00e9sident devrait faire de nouvelles annonces dimanche soir \u00e0 la t\u00e9l\u00e9vision. Ce sont les nouvelles informations qui circulent ce matin dans les r\u00e9dactions en provenance de l&rsquo;Elys\u00e9e. \u00ab\u00a0C&rsquo;est la plus grosse exposition pour lui\u00a0\u00bb, estime un [&hellip;]<\/p>\n","protected":false},"author":2,"featured_media":17662,"comment_status":"open","ping_status":"open","sticky":false,"template":"","format":"standard","meta":{"_jetpack_memberships_contains_paid_content":false,"footnotes":"","jetpack_publicize_message":"","jetpack_publicize_feature_enabled":true,"jetpack_social_post_already_shared":true,"jetpack_social_options":{"image_generator_settings":{"template":"highway","default_image_id":0,"font":"","enabled":false},"version":2},"_wpas_customize_per_network":false},"categories":[405],"tags":[],"class_list":["post-17661","post","type-post","status-publish","format-standard","has-post-thumbnail","hentry","category-actu-france-monde"],"jetpack_publicize_connections":[],"jetpack_featured_media_url":"https:\/\/i0.wp.com\/www.iceagetv.com\/radiosite\/wp-content\/uploads\/2021\/01\/Emmanuel-Macron-devrait-intervenir-dimanche-%C3%A0-20h-%C3%A0-la-t%C3%A9l%C3%A9vision-pour-annoncer-les-mesures-de-confinement-quil-aura-d%C3%A9cid%C3%A9-samedi.jpg?fit=679%2C293&ssl=1","jetpack_sharing_enabled":true,"_links":{"self":[{"href":"https:\/\/www.iceagetv.com\/radiosite\/wp-json\/wp\/v2\/posts\/17661","targetHints":{"allow":["GET"]}}],"collection":[{"href":"https:\/\/www.iceagetv.com\/radiosite\/wp-json\/wp\/v2\/posts"}],"about":[{"href":"https:\/\/www.iceagetv.com\/radiosite\/wp-json\/wp\/v2\/types\/post"}],"author":[{"embeddable":true,"href":"https:\/\/www.iceagetv.com\/radiosite\/wp-json\/wp\/v2\/users\/2"}],"replies":[{"embeddable":true,"href":"https:\/\/www.iceagetv.com\/radiosite\/wp-json\/wp\/v2\/comments?post=17661"}],"version-history":[{"count":1,"href":"https:\/\/www.iceagetv.com\/radiosite\/wp-json\/wp\/v2\/posts\/17661\/revisions"}],"predecessor-version":[{"id":17663,"href":"https:\/\/www.iceagetv.com\/radiosite\/wp-json\/wp\/v2\/posts\/17661\/revisions\/17663"}],"wp:featuredmedia":[{"embeddable":true,"href":"https:\/\/www.iceagetv.com\/radiosite\/wp-json\/wp\/v2\/media\/17662"}],"wp:attachment":[{"href":"https:\/\/www.iceagetv.com\/radiosite\/wp-json\/wp\/v2\/media?parent=17661"}],"wp:term":[{"taxonomy":"category","embeddable":true,"href":"https:\/\/www.iceagetv.com\/radiosite\/wp-json\/wp\/v2\/categories?post=17661"},{"taxonomy":"post_tag","embeddable":true,"href":"https:\/\/www.iceagetv.com\/radiosite\/wp-json\/wp\/v2\/tags?post=17661"}],"curies":[{"name":"wp","href":"https:\/\/api.w.org\/{rel}","templated":true}]}}