{"id":17680,"date":"2021-01-30T07:53:26","date_gmt":"2021-01-30T07:53:26","guid":{"rendered":"http:\/\/www.iceagetv.com\/radiosite\/?p=17680"},"modified":"2021-01-30T07:53:26","modified_gmt":"2021-01-30T07:53:26","slug":"agression-de-yuriy-9-jeunes-vont-etre-presentes-a-un-juge","status":"publish","type":"post","link":"https:\/\/www.iceagetv.com\/radiosite\/agression-de-yuriy-9-jeunes-vont-etre-presentes-a-un-juge\/","title":{"rendered":"Agression de Yuriy : 9 jeunes vont \u00eatre pr\u00e9sent\u00e9s \u00e0 un juge"},"content":{"rendered":"\n<p>Le procureur de&nbsp;<a href=\"https:\/\/www.lepoint.fr\/tags\/paris\">Paris<\/a>, R\u00e9my Heitz, a indiqu\u00e9 vendredi 29&nbsp;janvier, dans la soir\u00e9e, que neuf jeunes, soup\u00e7onn\u00e9s d&rsquo;avoir particip\u00e9 \u00e0&nbsp;<a href=\"https:\/\/www.lepoint.fr\/faits-divers\/agression-de-yuriy-9-mineurs-interpelles-28-01-2021-2411626_2627.php\">l&rsquo;agression du jeune Yuriy<\/a>&nbsp;mi-janvier \u00e0 Paris, seront pr\u00e9sent\u00e9s samedi \u00e0 un juge d&rsquo;instruction. \u00ab&nbsp;\u00c0&nbsp;l&rsquo;issue de leur garde \u00e0 vue, huit mineurs et un majeur ont \u00e9t\u00e9 d\u00e9f\u00e9r\u00e9s ce vendredi au tribunal judiciaire de Paris aux fins d&rsquo;ouverture d&rsquo;une information judiciaire samedi&nbsp;\u00bb, a annonc\u00e9 dans un communiqu\u00e9 le procureur&nbsp;au sujet de cette enqu\u00eate ouverte notamment du chef de tentative d&rsquo;homicide volontaire.<\/p>\n\n\n\n<p>Le procureur&nbsp;rappelle que, jeudi et vendredi, \u00ab&nbsp;onze mineurs, \u00e2g\u00e9s de&nbsp;15&nbsp;\u00e0 17&nbsp;ans, et un majeur, \u00e2g\u00e9 de 18&nbsp;ans, majoritairement domicili\u00e9s \u00e0 Vanves (92), ont \u00e9t\u00e9 plac\u00e9s en garde \u00e0 vue des chefs de tentative d&rsquo;assassinat, association de malfaiteurs en vue de la commission d&rsquo;un crime et vol en r\u00e9union&nbsp;\u00bb. \u00ab&nbsp;Quatre des mineurs s&rsquo;\u00e9taient spontan\u00e9ment pr\u00e9sent\u00e9s aux services de police&nbsp;\u00bb, pr\u00e9cise-t-il. \u00ab&nbsp;Ils sont soup\u00e7onn\u00e9s d&rsquo;avoir constitu\u00e9 un groupe afin de pr\u00e9parer une action collective violente \u00e0 l&rsquo;\u00e9gard d&rsquo;un autre groupe de personnes en r\u00e9action \u00e0 une pr\u00e9c\u00e9dente rixe, d&rsquo;avoir dans ce cadre commis des violences sur Yuriy et de lui avoir vol\u00e9 son t\u00e9l\u00e9phone portable&nbsp;\u00bb, ajoute R\u00e9my Heitz.<\/p>\n","protected":false},"excerpt":{"rendered":"<p>Le procureur de&nbsp;Paris, R\u00e9my Heitz, a indiqu\u00e9 vendredi 29&nbsp;janvier, dans la soir\u00e9e, que neuf jeunes, soup\u00e7onn\u00e9s d&rsquo;avoir particip\u00e9 \u00e0&nbsp;l&rsquo;agression du jeune Yuriy&nbsp;mi-janvier \u00e0 Paris, seront pr\u00e9sent\u00e9s samedi \u00e0 un juge d&rsquo;instruction. \u00ab&nbsp;\u00c0&nbsp;l&rsquo;issue de leur garde \u00e0 vue, huit mineurs et un majeur ont \u00e9t\u00e9 d\u00e9f\u00e9r\u00e9s ce vendredi au tribunal judiciaire de Paris aux fins d&rsquo;ouverture [&hellip;]<\/p>\n","protected":false},"author":2,"featured_media":17681,"comment_status":"open","ping_status":"open","sticky":false,"template":"","format":"standard","meta":{"_jetpack_memberships_contains_paid_content":false,"footnotes":"","jetpack_publicize_message":"","jetpack_publicize_feature_enabled":true,"jetpack_social_post_already_shared":true,"jetpack_social_options":{"image_generator_settings":{"template":"highway","default_image_id":0,"font":"","enabled":false},"version":2},"_wpas_customize_per_network":false},"categories":[405],"tags":[],"class_list":["post-17680","post","type-post","status-publish","format-standard","has-post-thumbnail","hentry","category-actu-france-monde"],"jetpack_publicize_connections":[],"jetpack_featured_media_url":"https:\/\/i0.wp.com\/www.iceagetv.com\/radiosite\/wp-content\/uploads\/2021\/01\/Agression-de-Yuriy.jpg?fit=660%2C281&ssl=1","jetpack_sharing_enabled":true,"_links":{"self":[{"href":"https:\/\/www.iceagetv.com\/radiosite\/wp-json\/wp\/v2\/posts\/17680","targetHints":{"allow":["GET"]}}],"collection":[{"href":"https:\/\/www.iceagetv.com\/radiosite\/wp-json\/wp\/v2\/posts"}],"about":[{"href":"https:\/\/www.iceagetv.com\/radiosite\/wp-json\/wp\/v2\/types\/post"}],"author":[{"embeddable":true,"href":"https:\/\/www.iceagetv.com\/radiosite\/wp-json\/wp\/v2\/users\/2"}],"replies":[{"embeddable":true,"href":"https:\/\/www.iceagetv.com\/radiosite\/wp-json\/wp\/v2\/comments?post=17680"}],"version-history":[{"count":1,"href":"https:\/\/www.iceagetv.com\/radiosite\/wp-json\/wp\/v2\/posts\/17680\/revisions"}],"predecessor-version":[{"id":17682,"href":"https:\/\/www.iceagetv.com\/radiosite\/wp-json\/wp\/v2\/posts\/17680\/revisions\/17682"}],"wp:featuredmedia":[{"embeddable":true,"href":"https:\/\/www.iceagetv.com\/radiosite\/wp-json\/wp\/v2\/media\/17681"}],"wp:attachment":[{"href":"https:\/\/www.iceagetv.com\/radiosite\/wp-json\/wp\/v2\/media?parent=17680"}],"wp:term":[{"taxonomy":"category","embeddable":true,"href":"https:\/\/www.iceagetv.com\/radiosite\/wp-json\/wp\/v2\/categories?post=17680"},{"taxonomy":"post_tag","embeddable":true,"href":"https:\/\/www.iceagetv.com\/radiosite\/wp-json\/wp\/v2\/tags?post=17680"}],"curies":[{"name":"wp","href":"https:\/\/api.w.org\/{rel}","templated":true}]}}