{"id":17702,"date":"2021-02-01T17:13:17","date_gmt":"2021-02-01T17:13:17","guid":{"rendered":"http:\/\/www.iceagetv.com\/radiosite\/?p=17702"},"modified":"2021-02-01T17:13:17","modified_gmt":"2021-02-01T17:13:17","slug":"toulon-un-individu-les-mains-en-sang-interpelle-apres-avoir-jete-une-tete-humaine-par-la-fenetre-dun-immeuble-du-cours-lafayette-les-motivations-de-lindividu-qui-a-commis-ce-geste-barbare-ne","status":"publish","type":"post","link":"https:\/\/www.iceagetv.com\/radiosite\/toulon-un-individu-les-mains-en-sang-interpelle-apres-avoir-jete-une-tete-humaine-par-la-fenetre-dun-immeuble-du-cours-lafayette-les-motivations-de-lindividu-qui-a-commis-ce-geste-barbare-ne\/","title":{"rendered":"Toulon: Un individu, les mains en sang, interpell\u00e9 apr\u00e8s avoir jet\u00e9 une t\u00eate humaine par la fen\u00eatre d&rsquo;un immeuble du cours Lafayette &#8211; Les motivations de l&rsquo;individu qui a commis ce geste barbare ne sont pas encore connues"},"content":{"rendered":"\n<p>Un homme a \u00e9t\u00e9 interpell\u00e9 lundi apr\u00e8s-midi au coeur de Toulon, apr\u00e8s la d\u00e9couverte d&rsquo;une t\u00eate tranch\u00e9e dans un carton jet\u00e9 par la fen\u00eatre d&rsquo;un appartement, a-t-on appris de sources polici\u00e8res, qui \u00e9cartaient a priori toute piste terroriste. L&rsquo;alerte a \u00e9t\u00e9 donn\u00e9e un peu avant 14H30, quand des passants ont vu tomber ce carton d&rsquo;une fen\u00eatre d&rsquo;un immeuble du cours Lafayette, \u00e0 quelques encablures de la rade, a pr\u00e9cis\u00e9 \u00e0 l&rsquo;AFP la porte-parole de la DDSP du Var, confirmant un information initiale du quotidien r\u00e9gional Var Matin. Peu apr\u00e8s l&rsquo;arriv\u00e9e des forces de l&rsquo;ordre sur place, et notamment d&rsquo;une \u00e9quipe de la BAC (brigade anti-criminalit\u00e9), un homme est apparu \u00e0 la fen\u00eatre de l&rsquo;appartement, les mains pleines de sang, entra\u00eenant le recours \u00e0 des policiers du RAID pour d\u00e9clencher une intervention.<\/p>\n\n\n\n<p>L&rsquo;interpellation a eu lieu vers 15H00, apr\u00e8s que les policiers ont enfonc\u00e9 la porte derri\u00e8re laquelle le suspect s&rsquo;\u00e9tait barricad\u00e9. Aucun des policiers n&rsquo;a \u00e9t\u00e9 bless\u00e9 lors de l&rsquo;op\u00e9ration, et l&rsquo;homme interpell\u00e9, seul dans l&rsquo;appartement, n&rsquo;\u00e9tait pas arm\u00e9. \u00ab\u00a0Aucun \u00e9l\u00e9ment ne permet de lier cet acte \u00e0 un \u00e9v\u00e9nement terroriste\u00a0\u00bb, a-t-on insist\u00e9 aupr\u00e8s de l&rsquo;AFP du c\u00f4t\u00e9 de la Direction d\u00e9partementale de la s\u00e9curit\u00e9 publique (DDSP) du Var, saisie de l&rsquo;enqu\u00eate. Au del\u00e0 de la victime et de la personne interpell\u00e9e, personne d&rsquo;autre ne se trouvait a priori dans l&rsquo;appartement lors de l&rsquo;intervention des forces de l&rsquo;ordre. \u00ab\u00a0Cet acte inqualifiable est l&rsquo;expression de ce que la folie humaine, pouss\u00e9e \u00e0 son paroxysme, peut produire de pire\u00a0\u00bb, a r\u00e9agi le maire LR de Toulon Hubert Falco dans un communiqu\u00e9, pr\u00e9cisant que \u00ab\u00a0les motivations de l&rsquo;individu qui a commis ce geste barbare (n&rsquo;\u00e9taient) pas encore connues\u00a0\u00bb. Toujours selon le premier magistrat de la ville, \u00ab\u00a0une enqu\u00eate est en cours et semble s&rsquo;orienter vers un horrible fait divers\u00a0\u00bb. <\/p>\n","protected":false},"excerpt":{"rendered":"<p>Un homme a \u00e9t\u00e9 interpell\u00e9 lundi apr\u00e8s-midi au coeur de Toulon, apr\u00e8s la d\u00e9couverte d&rsquo;une t\u00eate tranch\u00e9e dans un carton jet\u00e9 par la fen\u00eatre d&rsquo;un appartement, a-t-on appris de sources polici\u00e8res, qui \u00e9cartaient a priori toute piste terroriste. L&rsquo;alerte a \u00e9t\u00e9 donn\u00e9e un peu avant 14H30, quand des passants ont vu tomber ce carton d&rsquo;une [&hellip;]<\/p>\n","protected":false},"author":2,"featured_media":17703,"comment_status":"open","ping_status":"open","sticky":false,"template":"","format":"standard","meta":{"_jetpack_memberships_contains_paid_content":false,"footnotes":"","jetpack_publicize_message":"","jetpack_publicize_feature_enabled":true,"jetpack_social_post_already_shared":true,"jetpack_social_options":{"image_generator_settings":{"template":"highway","default_image_id":0,"font":"","enabled":false},"version":2},"_wpas_customize_per_network":false},"categories":[405],"tags":[],"class_list":["post-17702","post","type-post","status-publish","format-standard","has-post-thumbnail","hentry","category-actu-france-monde"],"jetpack_publicize_connections":[],"jetpack_featured_media_url":"https:\/\/i0.wp.com\/www.iceagetv.com\/radiosite\/wp-content\/uploads\/2021\/02\/Og.jpg?fit=679%2C293&ssl=1","jetpack_sharing_enabled":true,"_links":{"self":[{"href":"https:\/\/www.iceagetv.com\/radiosite\/wp-json\/wp\/v2\/posts\/17702","targetHints":{"allow":["GET"]}}],"collection":[{"href":"https:\/\/www.iceagetv.com\/radiosite\/wp-json\/wp\/v2\/posts"}],"about":[{"href":"https:\/\/www.iceagetv.com\/radiosite\/wp-json\/wp\/v2\/types\/post"}],"author":[{"embeddable":true,"href":"https:\/\/www.iceagetv.com\/radiosite\/wp-json\/wp\/v2\/users\/2"}],"replies":[{"embeddable":true,"href":"https:\/\/www.iceagetv.com\/radiosite\/wp-json\/wp\/v2\/comments?post=17702"}],"version-history":[{"count":1,"href":"https:\/\/www.iceagetv.com\/radiosite\/wp-json\/wp\/v2\/posts\/17702\/revisions"}],"predecessor-version":[{"id":17704,"href":"https:\/\/www.iceagetv.com\/radiosite\/wp-json\/wp\/v2\/posts\/17702\/revisions\/17704"}],"wp:featuredmedia":[{"embeddable":true,"href":"https:\/\/www.iceagetv.com\/radiosite\/wp-json\/wp\/v2\/media\/17703"}],"wp:attachment":[{"href":"https:\/\/www.iceagetv.com\/radiosite\/wp-json\/wp\/v2\/media?parent=17702"}],"wp:term":[{"taxonomy":"category","embeddable":true,"href":"https:\/\/www.iceagetv.com\/radiosite\/wp-json\/wp\/v2\/categories?post=17702"},{"taxonomy":"post_tag","embeddable":true,"href":"https:\/\/www.iceagetv.com\/radiosite\/wp-json\/wp\/v2\/tags?post=17702"}],"curies":[{"name":"wp","href":"https:\/\/api.w.org\/{rel}","templated":true}]}}