{"id":17712,"date":"2021-02-02T16:49:40","date_gmt":"2021-02-02T16:49:40","guid":{"rendered":"http:\/\/www.iceagetv.com\/radiosite\/?p=17712"},"modified":"2021-02-02T16:49:40","modified_gmt":"2021-02-02T16:49:40","slug":"coronavirus-le-vaccin-astrazeneca-pas-recommande-aux-plus-de-65-ans-et-pourra-etre-administre-par-les-pharmaciens-haute-autorite-de-sante","status":"publish","type":"post","link":"https:\/\/www.iceagetv.com\/radiosite\/coronavirus-le-vaccin-astrazeneca-pas-recommande-aux-plus-de-65-ans-et-pourra-etre-administre-par-les-pharmaciens-haute-autorite-de-sante\/","title":{"rendered":"Coronavirus &#8211; Le vaccin AstraZeneca pas recommand\u00e9 aux plus de 65 ans et pourra \u00eatre administr\u00e9 par les pharmaciens (Haute autorit\u00e9 de sant\u00e9)"},"content":{"rendered":"\n<p><strong>Le vaccin d\u00e9velopp\u00e9 par AstraZeneca et d\u00e9sormais autoris\u00e9 dans l&rsquo;Union europ\u00e9enne n&rsquo;est pas recommand\u00e9 pour les personnes \u00e2g\u00e9es de plus de 65 ans, indique la Haute autorit\u00e9 de sant\u00e9.<\/strong><\/p>\n\n\n\n<p>Le vaccin AstraZeneca contre le Covid-19 ne sera probablement pas r\u00e9serv\u00e9 en priorit\u00e9 aux \u00e9tudiants, a confirm\u00e9 mardi Jean Castex en r\u00e9pondant ainsi d\u00e9favorablement \u00e0 l&rsquo;appel du d\u00e9put\u00e9 UDI Jean-Christophe Lagarde. Rappelant que \u00ab\u00a0la strat\u00e9gie vaccinale consiste \u00e0 vacciner en priorit\u00e9 (&#8230;) les publics vuln\u00e9rables\u00a0\u00bb comme les personnes \u00e2g\u00e9es de plus de 75 ans, et \u00ab\u00a0les publics expos\u00e9s\u00a0\u00bb, au premier rang desquels les soignants, le Premier ministre a estim\u00e9 qu&rsquo;il y avait \u00ab\u00a0peu de probabilit\u00e9 qu&rsquo;ils (les \u00e9tudiants, ndlr) figurent parmi les publics les plus vuln\u00e9rables\u00a0\u00bb. \u00ab\u00a0Ce n&rsquo;est pas celles et ceux qui d\u00e9veloppent les formes les plus graves de la maladie\u00a0\u00bb, a-t-il encore soulign\u00e9, fermant ainsi la porte \u00e0 leur r\u00e9server des premi\u00e8res doses de ce vaccin. La France est dans l&rsquo;attente mardi d&rsquo;une d\u00e9cision de la Haute autorit\u00e9 de Sant\u00e9, qui doit d\u00e9terminer si le vaccin AstraZeneca peut \u00eatre inject\u00e9 \u00e0 des personnes \u00e2g\u00e9es. Dans plusieurs pays, comme l&rsquo;Allemagne, l&rsquo;Autriche ou l&rsquo;Italie, les autorit\u00e9s sanitaires ont \u00e9mis des r\u00e9serves plus ou moins fortes sur son efficacit\u00e9 pour les personnes \u00e2g\u00e9es. C&rsquo;est \u00e0 ce titre que le d\u00e9put\u00e9 UDI Jean-Christophe Lagarde a donc r\u00e9it\u00e9r\u00e9 sa proposition de l&rsquo;orienter d&rsquo;abord vers les jeunes, mardi lors de la s\u00e9ance de questions au gouvernement. \u00ab\u00a0Il y a des priorit\u00e9s sanitaires dans la d\u00e9sesp\u00e9rance que vivent les \u00e9tudiants\u00a0\u00bb, a insist\u00e9 M. Lagarde. \u00ab\u00a0Cette g\u00e9n\u00e9ration est la plus confin\u00e9e de France. Combien de temps pensez-vous qu&rsquo;ils le supporteront ?\u00a0\u00bb, a-t-il encore lanc\u00e9, alors que M. Castex a assur\u00e9 que \u00ab\u00a0le gouvernement accorde un soin tout \u00e0 fait particulier aux \u00e9tudiants\u00a0\u00bb. Le vaccin Spoutnik V est efficace \u00e0 91,6\u00a0% contre les formes symptomatiques du Covid-19, selon des r\u00e9sultats publi\u00e9s dans la revue m\u00e9dicale The Lancet et valid\u00e9s par des experts ind\u00e9pendants.\u00a0\u00ab\u00a0Les r\u00e9sultats rapport\u00e9s sont clairs et le principe scientifique de cette vaccination est d\u00e9montr\u00e9, ce qui veut dire qu&rsquo;un vaccin suppl\u00e9mentaire peut d\u00e9sormais rejoindre le combat pour r\u00e9duire l&rsquo;incidence du Covid-19\u00a0\u00bb, estiment deux sp\u00e9cialistes britanniques, les professeurs Ian Jones et Polly Roy, dans un commentaire joint \u00e0 l&rsquo;\u00e9tude du Lancet. <\/p>\n","protected":false},"excerpt":{"rendered":"<p>Le vaccin d\u00e9velopp\u00e9 par AstraZeneca et d\u00e9sormais autoris\u00e9 dans l&rsquo;Union europ\u00e9enne n&rsquo;est pas recommand\u00e9 pour les personnes \u00e2g\u00e9es de plus de 65 ans, indique la Haute autorit\u00e9 de sant\u00e9. Le vaccin AstraZeneca contre le Covid-19 ne sera probablement pas r\u00e9serv\u00e9 en priorit\u00e9 aux \u00e9tudiants, a confirm\u00e9 mardi Jean Castex en r\u00e9pondant ainsi d\u00e9favorablement \u00e0 l&rsquo;appel [&hellip;]<\/p>\n","protected":false},"author":2,"featured_media":17713,"comment_status":"open","ping_status":"open","sticky":false,"template":"","format":"standard","meta":{"_jetpack_memberships_contains_paid_content":false,"footnotes":"","jetpack_publicize_message":"","jetpack_publicize_feature_enabled":true,"jetpack_social_post_already_shared":true,"jetpack_social_options":{"image_generator_settings":{"template":"highway","default_image_id":0,"font":"","enabled":false},"version":2},"_wpas_customize_per_network":false},"categories":[405],"tags":[],"class_list":["post-17712","post","type-post","status-publish","format-standard","has-post-thumbnail","hentry","category-actu-france-monde"],"jetpack_publicize_connections":[],"jetpack_featured_media_url":"https:\/\/i0.wp.com\/www.iceagetv.com\/radiosite\/wp-content\/uploads\/2021\/02\/AstraZeneca.jpg?fit=679%2C293&ssl=1","jetpack_sharing_enabled":true,"_links":{"self":[{"href":"https:\/\/www.iceagetv.com\/radiosite\/wp-json\/wp\/v2\/posts\/17712","targetHints":{"allow":["GET"]}}],"collection":[{"href":"https:\/\/www.iceagetv.com\/radiosite\/wp-json\/wp\/v2\/posts"}],"about":[{"href":"https:\/\/www.iceagetv.com\/radiosite\/wp-json\/wp\/v2\/types\/post"}],"author":[{"embeddable":true,"href":"https:\/\/www.iceagetv.com\/radiosite\/wp-json\/wp\/v2\/users\/2"}],"replies":[{"embeddable":true,"href":"https:\/\/www.iceagetv.com\/radiosite\/wp-json\/wp\/v2\/comments?post=17712"}],"version-history":[{"count":1,"href":"https:\/\/www.iceagetv.com\/radiosite\/wp-json\/wp\/v2\/posts\/17712\/revisions"}],"predecessor-version":[{"id":17714,"href":"https:\/\/www.iceagetv.com\/radiosite\/wp-json\/wp\/v2\/posts\/17712\/revisions\/17714"}],"wp:featuredmedia":[{"embeddable":true,"href":"https:\/\/www.iceagetv.com\/radiosite\/wp-json\/wp\/v2\/media\/17713"}],"wp:attachment":[{"href":"https:\/\/www.iceagetv.com\/radiosite\/wp-json\/wp\/v2\/media?parent=17712"}],"wp:term":[{"taxonomy":"category","embeddable":true,"href":"https:\/\/www.iceagetv.com\/radiosite\/wp-json\/wp\/v2\/categories?post=17712"},{"taxonomy":"post_tag","embeddable":true,"href":"https:\/\/www.iceagetv.com\/radiosite\/wp-json\/wp\/v2\/tags?post=17712"}],"curies":[{"name":"wp","href":"https:\/\/api.w.org\/{rel}","templated":true}]}}