{"id":17730,"date":"2021-02-03T19:05:07","date_gmt":"2021-02-03T19:05:07","guid":{"rendered":"http:\/\/www.iceagetv.com\/radiosite\/?p=17730"},"modified":"2021-02-03T19:05:07","modified_gmt":"2021-02-03T19:05:07","slug":"un-homme-vole-une-camionnette-dans-le-quartier-de-la-defense-et-fonce-sur-des-pietons-faisant-un-mort-et-un-blesse-lauteur-des-faits-a-ensuite-tente-de-se-suicider","status":"publish","type":"post","link":"https:\/\/www.iceagetv.com\/radiosite\/un-homme-vole-une-camionnette-dans-le-quartier-de-la-defense-et-fonce-sur-des-pietons-faisant-un-mort-et-un-blesse-lauteur-des-faits-a-ensuite-tente-de-se-suicider\/","title":{"rendered":"Un homme vole une camionnette dans le quartier de la D\u00e9fense et fonce sur des pi\u00e9tons faisant un mort et un bless\u00e9 &#8211; L&rsquo;auteur des faits a ensuite tent\u00e9 de se suicider"},"content":{"rendered":"\n<p><strong>Le point sur la situation &#8211;&nbsp;<\/strong>Au moins une personne est d\u00e9c\u00e9d\u00e9e et une bless\u00e9e apr\u00e8s qu\u2019un individu au volant d\u2019une camionnette vol\u00e9e a fonc\u00e9 sur des pi\u00e9tons sur le parvis de La D\u00e9fense. L\u2019auteur des faits, qui a tent\u00e9 de s\u2019enfuir \u00e0 pied puis a \u00e9t\u00e9 interpell\u00e9, serait un \u00abmarginal\u00bb, a indiqu\u00e9&nbsp; une source polici\u00e8re. Apr\u00e8s avoir vol\u00e9 une camionnette de la mairie de Nanterre, un individu a d\u00e9lib\u00e9r\u00e9ment fonc\u00e9 sur des pi\u00e9tons sur le parvis de La D\u00e9fense \u00e0 Puteaux.&nbsp;Au moins deux personnes ont \u00e9t\u00e9 bless\u00e9es dans ces \u00e9v\u00e9nements.<\/p>\n\n\n\n<p>L\u2019auteur des faits s\u2019est d\u2019abord enfui \u00e0 pied, pour \u00eatre interpell\u00e9 plus tard, toujours selon la m\u00eame source. Il s\u2019agirait d\u2019un \u00abmarginal\u00bb, a pr\u00e9cis\u00e9 une source polici\u00e8re.\u00a0Par la suite, la m\u00eame source a confirm\u00e9 que l\u2019un des bless\u00e9s \u00e9tait d\u00e9c\u00e9d\u00e9. L\u2019autre a \u00e9t\u00e9 hospitalis\u00e9 en urgence absolue.\u00a0\u200bLes forces de l\u2019ordre excluent la piste terroriste. Elles indiquent qu\u2019avant d\u2019avoir \u00e9t\u00e9 arr\u00eat\u00e9 par la police, l\u2019auteur des faits a essay\u00e9 de mettre fin \u00e0 ses jours et a tent\u00e9 de se jeter sur les rails de la station RER.  <strong>Un pi\u00e9ton a \u00e9t\u00e9 tu\u00e9 et un autre bless\u00e9 cet apr\u00e8s-midi dans le quartier de La D\u00e9fense<\/strong>, par une camionnette qui leur a fonc\u00e9\u00a0 dessus. Le conducteur aurait vol\u00e9 le v\u00e9hicule avant de percuter ces deux personnes et de prendre la fuit ensuite, a pr\u00e9cis\u00e9 la pr\u00e9fecture de police de Paris.\u00a0L&rsquo;homme a \u00e9t\u00e9 interpell\u00e9. Selon le parquet de Nanterre, il s&rsquo;agirait un SDF. Aucun \u00e9l\u00e9ment ne sugg\u00e8re \u00e0 ce stade un acte terroriste, a pr\u00e9cis\u00e9 le parquet. Une enqu\u00eate a \u00e9t\u00e9 confi\u00e9e \u00e0 la police judiciaire. <\/p>\n","protected":false},"excerpt":{"rendered":"<p>Le point sur la situation &#8211;&nbsp;Au moins une personne est d\u00e9c\u00e9d\u00e9e et une bless\u00e9e apr\u00e8s qu\u2019un individu au volant d\u2019une camionnette vol\u00e9e a fonc\u00e9 sur des pi\u00e9tons sur le parvis de La D\u00e9fense. L\u2019auteur des faits, qui a tent\u00e9 de s\u2019enfuir \u00e0 pied puis a \u00e9t\u00e9 interpell\u00e9, serait un \u00abmarginal\u00bb, a indiqu\u00e9&nbsp; une source polici\u00e8re. [&hellip;]<\/p>\n","protected":false},"author":2,"featured_media":0,"comment_status":"open","ping_status":"open","sticky":false,"template":"","format":"standard","meta":{"_jetpack_memberships_contains_paid_content":false,"footnotes":"","jetpack_publicize_message":"","jetpack_publicize_feature_enabled":true,"jetpack_social_post_already_shared":true,"jetpack_social_options":{"image_generator_settings":{"template":"highway","default_image_id":0,"font":"","enabled":false},"version":2},"_wpas_customize_per_network":false},"categories":[405],"tags":[],"class_list":["post-17730","post","type-post","status-publish","format-standard","hentry","category-actu-france-monde"],"jetpack_publicize_connections":[],"jetpack_featured_media_url":"","jetpack_sharing_enabled":true,"_links":{"self":[{"href":"https:\/\/www.iceagetv.com\/radiosite\/wp-json\/wp\/v2\/posts\/17730","targetHints":{"allow":["GET"]}}],"collection":[{"href":"https:\/\/www.iceagetv.com\/radiosite\/wp-json\/wp\/v2\/posts"}],"about":[{"href":"https:\/\/www.iceagetv.com\/radiosite\/wp-json\/wp\/v2\/types\/post"}],"author":[{"embeddable":true,"href":"https:\/\/www.iceagetv.com\/radiosite\/wp-json\/wp\/v2\/users\/2"}],"replies":[{"embeddable":true,"href":"https:\/\/www.iceagetv.com\/radiosite\/wp-json\/wp\/v2\/comments?post=17730"}],"version-history":[{"count":1,"href":"https:\/\/www.iceagetv.com\/radiosite\/wp-json\/wp\/v2\/posts\/17730\/revisions"}],"predecessor-version":[{"id":17731,"href":"https:\/\/www.iceagetv.com\/radiosite\/wp-json\/wp\/v2\/posts\/17730\/revisions\/17731"}],"wp:attachment":[{"href":"https:\/\/www.iceagetv.com\/radiosite\/wp-json\/wp\/v2\/media?parent=17730"}],"wp:term":[{"taxonomy":"category","embeddable":true,"href":"https:\/\/www.iceagetv.com\/radiosite\/wp-json\/wp\/v2\/categories?post=17730"},{"taxonomy":"post_tag","embeddable":true,"href":"https:\/\/www.iceagetv.com\/radiosite\/wp-json\/wp\/v2\/tags?post=17730"}],"curies":[{"name":"wp","href":"https:\/\/api.w.org\/{rel}","templated":true}]}}