{"id":17749,"date":"2021-02-04T19:19:18","date_gmt":"2021-02-04T19:19:18","guid":{"rendered":"http:\/\/www.iceagetv.com\/radiosite\/?p=17749"},"modified":"2021-02-04T19:19:18","modified_gmt":"2021-02-04T19:19:18","slug":"vaccination-teletravail-prudence-avant-les-vacances-ce-quil-faut-retenir-de-la-conference-de-presse-du-gouvernement-sur-le-covid-19","status":"publish","type":"post","link":"https:\/\/www.iceagetv.com\/radiosite\/vaccination-teletravail-prudence-avant-les-vacances-ce-quil-faut-retenir-de-la-conference-de-presse-du-gouvernement-sur-le-covid-19\/","title":{"rendered":"Vaccination, t\u00e9l\u00e9travail, \u00ab\u00a0prudence\u00a0\u00bb avant les vacances\u2026 Ce qu&rsquo;il faut retenir de la conf\u00e9rence de presse du gouvernement sur le Covid-19"},"content":{"rendered":"\n<p>Le message se voulait ferme et rassurant. Jean Castex, accompagn\u00e9 de plusieurs ministres, a fait un<a href=\"https:\/\/www.francetvinfo.fr\/sante\/maladie\/coronavirus\/direct-covid-19-nouvelles-mesures-situation-sanitaire-du-pays-regardez-la-conference-de-presse-de-jean-castex-et-d-olivier-veran_4283661.html\">&nbsp;point d&rsquo;\u00e9tape<\/a>, jeudi 4&nbsp;f\u00e9vrier, pour rendre compte de l&rsquo;\u00e9volution de l&rsquo;\u00e9pid\u00e9mie de&nbsp;<a href=\"https:\/\/www.francetvinfo.fr\/sante\/maladie\/coronavirus\/\">Covid-19<\/a>&nbsp;en France, des mesures prises et de l&rsquo;avanc\u00e9e de la vaccination. Voici ce qu&rsquo;il faut retenir de son intervention.<\/p>\n\n\n\n<h2 class=\"wp-block-heading\">Pas de nouvelle \u00ab\u00a0vague \u00e9pid\u00e9mique d&rsquo;ampleur\u00a0\u00bb&nbsp;<\/h2>\n\n\n\n<p><em>\u00ab\u00a0Chaque jour, la France enregistre une moyenne de 20&nbsp;000&nbsp;nouvelles contaminations, de 1&nbsp;600&nbsp;nouvelles hospitalisations et de 320&nbsp;personnes d\u00e9c\u00e9d\u00e9es\u00a0\u00bb,<\/em>&nbsp;a d&rsquo;abord d\u00e9clar\u00e9 le Premier ministre, \u00e9voquant&nbsp;<em>\u00ab\u00a0une pression majeure<\/em><em>&nbsp;sur nos structures hospitali\u00e8res\u00a0\u00bb. \u00ab\u00a0Six malades sur 10 accueillis&nbsp;<\/em><em>dans nos services de r\u00e9animation sont des malades de la Covid\u00a0\u00bb,&nbsp;<\/em>a-t-il d\u00e9taill\u00e9<em>.<\/em>&nbsp;<\/p>\n\n\n\n<p>Jean Castex estime que\u00a0<em>\u00ab\u00a0si la situation reste pr\u00e9occupante, elle se distingue n\u00e9anmoins de celle de beaucoup de nos voisins<\/em>.\u00a0<em>Nous n&rsquo;avons pas connu au cours des derni\u00e8res semaines de nouvelle vague \u00e9pid\u00e9mique d&rsquo;ampleur\u00a0\u00bb<\/em>.\u00a0<\/p>\n\n\n\n<p>l a \u00e9galement remarqu\u00e9 que les variants dits anglais, sud-africain et br\u00e9silien, r\u00e9put\u00e9s plus contagieux,&nbsp;progressent sur notre territoire.&nbsp;<em>\u00ab\u00a0En quelques semaines, la part des malades atteints par ces nouvelles formes du virus est pass\u00e9e d&rsquo;environ 3,3% le 8 janvier \u00e0 14% aujourd&rsquo;hui, selon les estimations, avec des taux encore sup\u00e9rieurs dans certaines r\u00e9gions\u00a0\u00bb,<\/em>&nbsp;a-t-il d\u00e9taill\u00e9.<\/p>\n\n\n\n<h2 class=\"wp-block-heading\">Un confinement ne se \u00ab\u00a0justifie pas\u00a0\u00bb pour le moment<\/h2>\n\n\n\n<p>Malgr\u00e9 cette situation sanitaire tendue, un troisi\u00e8me confinement n&rsquo;est pas \u00e0 l&rsquo;ordre du jour et\u00a0<em>\u00ab\u00a0ne peut s&rsquo;envisager qu&rsquo;en tout dernier recours\u00a0\u00bb<\/em>,\u00a0a\u00a0estim\u00e9 le Premier ministre. \u00ab\u00a0<em>La situation ne le justifie pas\u00a0\u00e0 ce jour\u00a0: notre niveau d&rsquo;incidence est certes \u00e9lev\u00e9, mais il reste encore tr\u00e8s inf\u00e9rieur \u00e0 ce qu&rsquo;il \u00e9tait en octobre dernier, alors m\u00eame que nous d\u00e9pistons toujours autant\u00a0\u00bb.<\/em>\u00a0Jean Castex n&rsquo;a cependant pas exclu de\u00a0<em>\u00ab\u00a0prendre ses responsabilit\u00e9s\u00a0\u00bb<\/em>\u00a0si c&rsquo;\u00e9tait n\u00e9cessaire.\u00a0<em>\u00ab\u00a0L&rsquo;heure est au respect maximal de nos r\u00e8gles communes\u00a0\u00bb,<\/em>\u00a0a-t-il martel\u00e9.<\/p>\n\n\n\n<h2 class=\"wp-block-heading\">Des rendez-vous suppl\u00e9mentaires pour se faire vacciner d\u00e8s&nbsp;vendredi<\/h2>\n\n\n\n<p>Alors que le pr\u00e9sident a promis que tous les Fran\u00e7ais qui le souhaitent pourraient \u00eatre vaccin\u00e9s d&rsquo;ici la fin de l&rsquo;\u00e9t\u00e9, le Premier ministre a&nbsp;annonc\u00e9 l&rsquo;acc\u00e9l\u00e9ration du rythme&nbsp;<em>\u00ab\u00a0en direction de trois publics particuli\u00e8rement prioritaires&nbsp;: les plus de 75&nbsp;ans, les personnes atteintes d&rsquo;une pathologie grave et bien-s\u00fbr nos soignants\u00a0\u00bb<\/em>.<\/p>\n\n\n\n<p>En cons\u00e9quence, de\u00a0nouveaux rendez-vous vont \u00eatre fix\u00e9s pour permettre de recevoir la premi\u00e8re dose : un total de\u00a0<em>\u00ab\u00a01,7\u00a0million de rendez-vous suppl\u00e9mentaires\u00a0\u00bb\u00a0<\/em>va ainsi \u00eatre ouvert dans les prochains jours. Quelque<em>\u00a0\u00ab\u00a0500\u00a0000\u00a0rendez-vous\u00a0\u00bb\u00a0<\/em>pour des injections fin f\u00e9vrier<em>\u00a0\u00ab\u00a0seront ouverts \u00e0 compter de demain\u00a0\u00bb\u00a0<\/em>[vendredi 5 f\u00e9vrier] et<em>\u00a0\u00ab\u00a01,2\u00a0million de rendez-vous\u00a0\u00bb<\/em>\u00a0pour le mois de mars<em>\u00a0\u00ab\u00a0seront ouverts d\u00e8s le milieu de la semaine prochaine\u00a0\u00bb<\/em>, a indiqu\u00e9 Jean Castex.\u00a0Ils<em>\u00a0\u00ab\u00a0seront suivis encore d&rsquo;au moins 500\u00a0000\u00a0rendez-vous suppl\u00e9mentaires sur le mois de mars\u00a0\u00bb.\u00a0<\/em><\/p>\n\n\n\n<p>Le Premier ministre&nbsp;a par ailleurs assur\u00e9&nbsp;que la France respecterait&nbsp;<em>\u00ab\u00a0le d\u00e9lai de 3 \u00e0 4 semaines entre les deux injections des vaccins Pfizer et Moderna\u00a0\u00bb<\/em>. Pas question, \u00ab\u00a0<em>contrairement \u00e0 d&rsquo;autres pays\u00a0\u00bb<\/em>&nbsp;de chercher&nbsp;<em>\u00ab\u00a0\u00e0 vacciner un maximum de personnes en d\u00e9calant \u00e0 plus tard le rappel\u00a0\u00bb. \u00ab\u00a0Nous ne ferons pas ce choix p\u00e9rilleux sur le plan sanitaire<\/em>\u00ab\u00a0, a-t-il insist\u00e9.&nbsp;<\/p>\n\n\n\n<h2 class=\"wp-block-heading\">Le vaccin AstraZeneca&nbsp;administr\u00e9 d\u00e8s samedi<\/h2>\n\n\n\n<p>Le Premier ministre a \u00e9galement sp\u00e9cifi\u00e9 que gr\u00e2ce au vaccin AstraZeneca, qui vient d&rsquo;\u00eatre autoris\u00e9 en France,\u00a0<em>\u00ab\u00a0nous pourrons atteindre l&rsquo;objectif de 4\u00a0millions de personnes ayant re\u00e7u leur premi\u00e8re injection d&rsquo;ici la fin du mois de f\u00e9vrier\u00a0\u00bb<\/em>. Selon lui,\u00a0la vaccination au moyen de ce produit\u00a0<em>\u00ab\u00a0devrait commencer d\u00e8s ce samedi\u00a0\u00bb<\/em>. Ces doses seront d&rsquo;abord destin\u00e9es \u00e0\u00a0<em>\u00ab\u00a0l&rsquo;ensemble des professionnels de sant\u00e9, puis les personnes de 50 \u00e0 65\u00a0ans ayant des comorbidit\u00e9s, enfin l&rsquo;ensemble des personnes de 50 \u00e0 65\u00a0ans\u00a0\u00bb.\u00a0<\/em><\/p>\n\n\n\n<h2 class=\"wp-block-heading\">Un appel ferme au t\u00e9l\u00e9travail massif<\/h2>\n\n\n\n<p>Le Premier ministre a \u00e9galement mis l&rsquo;accent sur le t\u00e9l\u00e9travail, en semon\u00e7ant les entreprises qui y ont peu recours.\u00a0<em>\u00ab\u00a0T\u00e9l\u00e9travailler partout o\u00f9 c&rsquo;est possible devient imp\u00e9ratif. Or, depuis la fin de l&rsquo;ann\u00e9e, le recours au t\u00e9l\u00e9travail s&rsquo;est r\u00e9duit\u00a0(&#8230;)\u00a0Il y a encore trop d&rsquo;entreprises o\u00f9 le t\u00e9l\u00e9travail serait possible, mais n&rsquo;existe pas du tout ou \u00e0 des niveaux tr\u00e8s faibles\u00a0\u00bb,\u00a0<\/em>a-t-il regrett\u00e9. A cette m\u00eame conf\u00e9rence de presse, la ministre du Travail, Elisabeth Borne, a \u00e9galement appel\u00e9 les entreprises \u00e0 se\u00a0<em>\u00ab\u00a0remobiliser\u00a0\u00bb<\/em>\u00a0sur le t\u00e9l\u00e9travail, dont la pratique\u00a0<em>\u00ab\u00a0s&rsquo;\u00e9rode depuis fin novembre\u00a0\u00bb<\/em>. Elle leur a demand\u00e9\u00a0<em>\u00ab\u00a0de r\u00e9duire la part des salari\u00e9s qui ne t\u00e9l\u00e9travaillent pas du tout\u00a0\u00bb<\/em>\u00a0et de faire en sorte\u00a0<em>\u00ab\u00a0que les salari\u00e9s qui t\u00e9l\u00e9travaillent aujourd&rsquo;hui un, deux ou trois jours par semaine fassent au moins un jour de t\u00e9l\u00e9travail en plus.\u00a0\u00bb\u00a0<\/em><\/p>\n\n\n\n<h2 class=\"wp-block-heading\">Prudence\u00a0\u00bb avant les vacances scolaires<\/h2>\n\n\n\n<p>&nbsp;A la veille du d\u00e9but des vacances de f\u00e9vrier, le Premier ministre a aussi invit\u00e9 \u00e0&nbsp;<em>\u00ab\u00a0la plus grande prudence\u00a0\u00bb&nbsp;<\/em>afin d&rsquo;\u00e9viter les contagions<em>. \u00ab\u00a0Il faut,<\/em>&nbsp;a-t-il r\u00e9affirm\u00e9,<em>&nbsp;vous faire tester et vous isoler au moindre doute, appliquer les gestes barri\u00e8res, respecter les r\u00e8gles communes.\u00a0\u00bb&nbsp;\u00ab\u00a0Nous avons choisi de ne pas limiter les d\u00e9placements entre r\u00e9gions\u00a0\u00bb,&nbsp;<\/em>mais<em>&nbsp;\u00ab\u00a0nous devons \u00e9viter tout rel\u00e2chement\u00a0\u00bb&nbsp;<\/em>des gestes barri\u00e8res,<em>&nbsp;\u00ab\u00a0comme vous l&rsquo;avez fait \u00e0 l&rsquo;occasion des f\u00eates de fin d&rsquo;ann\u00e9e\u00a0\u00bb<\/em>, a demand\u00e9 le Premier ministre.<\/p>\n\n\n\n<p>Malgr\u00e9 ces cong\u00e9s, pas question d&rsquo;aller prendre l&rsquo;air au-del\u00e0 de la m\u00e9tropole. Jean Castex a ainsi annonc\u00e9 que&nbsp;<em>\u00ab\u00a0<\/em><em>les d\u00e9placements en direction ou provenance des territoires d&rsquo;outre-mer&nbsp;sont concern\u00e9s par l&rsquo;interdiction de tout d\u00e9placement sauf motif imp\u00e9rieux\u00a0\u00bb.&nbsp;<\/em>Une d\u00e9cision prise pour&nbsp;<em>\u00ab\u00a0<\/em><em>prot\u00e9ger\u00a0\u00bb&nbsp;<\/em>ces territoires<em>&nbsp;\u00ab\u00a0d&rsquo;un risque de contamination en provenance de la m\u00e9tropole ou de l&rsquo;\u00e9tranger<\/em><em>\u00ab\u00a0.<\/em><\/p>\n\n\n\n<h2 class=\"wp-block-heading\">Des tests salivaires seront r\u00e9alis\u00e9s dans les \u00e9coles<\/h2>\n\n\n\n<p>Au retour des vacances scolaires, les tests salivaires de d\u00e9tection du Covid-19 seront r\u00e9alis\u00e9s dans les \u00e9coles et les universit\u00e9s<em>,<\/em>&nbsp;a annonc\u00e9 \u00e0 cette m\u00eame conf\u00e9rence de presse le ministre de la Sant\u00e9, Olivier V\u00e9ran. Mais attention :&nbsp;&nbsp;il ne s&rsquo;agira pas de tests rapides, dont les r\u00e9sultats tombent en moins d&rsquo;une heure, mais bien de tests PCR qui devront toujours \u00eatre analys\u00e9s en laboratoire.<em>\u00ab\u00a0Seule la technique de pr\u00e9l\u00e8vement change dans ce cas-l\u00e0\u00a0\u00bb,<\/em>&nbsp;a pr\u00e9cis\u00e9 le ministre. Il a soulign\u00e9 que le test est moins d\u00e9sagr\u00e9able \u00e0 r\u00e9aliser, donc plus facile \u00e0 accepter pour les enfants : on \u00e9vite&nbsp;<em>\u00ab\u00a0l&rsquo;\u00e9couvillon dans le nez\u00a0\u00bb<\/em>, cette sorte de coton-tige enfonc\u00e9 dans la narine. A la place, il suffit de cracher de la salive.<\/p>\n\n\n\n<p><\/p>\n\n\n\n<p><\/p>\n\n\n\n<p><\/p>\n\n\n\n<p><\/p>\n\n\n\n<p><\/p>\n","protected":false},"excerpt":{"rendered":"<p>Le message se voulait ferme et rassurant. Jean Castex, accompagn\u00e9 de plusieurs ministres, a fait un&nbsp;point d&rsquo;\u00e9tape, jeudi 4&nbsp;f\u00e9vrier, pour rendre compte de l&rsquo;\u00e9volution de l&rsquo;\u00e9pid\u00e9mie de&nbsp;Covid-19&nbsp;en France, des mesures prises et de l&rsquo;avanc\u00e9e de la vaccination. Voici ce qu&rsquo;il faut retenir de son intervention. Pas de nouvelle \u00ab\u00a0vague \u00e9pid\u00e9mique d&rsquo;ampleur\u00a0\u00bb&nbsp; \u00ab\u00a0Chaque jour, la France [&hellip;]<\/p>\n","protected":false},"author":2,"featured_media":17751,"comment_status":"open","ping_status":"open","sticky":false,"template":"","format":"standard","meta":{"_jetpack_memberships_contains_paid_content":false,"footnotes":"","jetpack_publicize_message":"","jetpack_publicize_feature_enabled":true,"jetpack_social_post_already_shared":true,"jetpack_social_options":{"image_generator_settings":{"template":"highway","default_image_id":0,"font":"","enabled":false},"version":2},"_wpas_customize_per_network":false},"categories":[405],"tags":[],"class_list":["post-17749","post","type-post","status-publish","format-standard","has-post-thumbnail","hentry","category-actu-france-monde"],"jetpack_publicize_connections":[],"jetpack_featured_media_url":"https:\/\/i0.wp.com\/www.iceagetv.com\/radiosite\/wp-content\/uploads\/2021\/02\/conf-4-fev.png?fit=900%2C413&ssl=1","jetpack_sharing_enabled":true,"_links":{"self":[{"href":"https:\/\/www.iceagetv.com\/radiosite\/wp-json\/wp\/v2\/posts\/17749","targetHints":{"allow":["GET"]}}],"collection":[{"href":"https:\/\/www.iceagetv.com\/radiosite\/wp-json\/wp\/v2\/posts"}],"about":[{"href":"https:\/\/www.iceagetv.com\/radiosite\/wp-json\/wp\/v2\/types\/post"}],"author":[{"embeddable":true,"href":"https:\/\/www.iceagetv.com\/radiosite\/wp-json\/wp\/v2\/users\/2"}],"replies":[{"embeddable":true,"href":"https:\/\/www.iceagetv.com\/radiosite\/wp-json\/wp\/v2\/comments?post=17749"}],"version-history":[{"count":1,"href":"https:\/\/www.iceagetv.com\/radiosite\/wp-json\/wp\/v2\/posts\/17749\/revisions"}],"predecessor-version":[{"id":17752,"href":"https:\/\/www.iceagetv.com\/radiosite\/wp-json\/wp\/v2\/posts\/17749\/revisions\/17752"}],"wp:featuredmedia":[{"embeddable":true,"href":"https:\/\/www.iceagetv.com\/radiosite\/wp-json\/wp\/v2\/media\/17751"}],"wp:attachment":[{"href":"https:\/\/www.iceagetv.com\/radiosite\/wp-json\/wp\/v2\/media?parent=17749"}],"wp:term":[{"taxonomy":"category","embeddable":true,"href":"https:\/\/www.iceagetv.com\/radiosite\/wp-json\/wp\/v2\/categories?post=17749"},{"taxonomy":"post_tag","embeddable":true,"href":"https:\/\/www.iceagetv.com\/radiosite\/wp-json\/wp\/v2\/tags?post=17749"}],"curies":[{"name":"wp","href":"https:\/\/api.w.org\/{rel}","templated":true}]}}