{"id":17753,"date":"2021-02-05T11:03:38","date_gmt":"2021-02-05T11:03:38","guid":{"rendered":"http:\/\/www.iceagetv.com\/radiosite\/?p=17753"},"modified":"2021-02-05T11:03:38","modified_gmt":"2021-02-05T11:03:38","slug":"covid-19-quatre-premiers-cas-de-variant-bresilien-detectes-en-france","status":"publish","type":"post","link":"https:\/\/www.iceagetv.com\/radiosite\/covid-19-quatre-premiers-cas-de-variant-bresilien-detectes-en-france\/","title":{"rendered":"Covid-19 : quatre premiers cas de variant br\u00e9silien d\u00e9tect\u00e9s en France"},"content":{"rendered":"\n<p>Alors que le variant anglais repr\u00e9sente d\u00e9sormais pr\u00e8s de 14% des tests positifs, celui en provenance du Br\u00e9sil, encore plus contagieux, suscite de nouvelles inqui\u00e9tudes. Quatre premiers cas ont \u00e9t\u00e9 d\u00e9tect\u00e9s en France, a indiqu\u00e9 ce jeudi le ministre de la Sant\u00e9.<\/p>\n\n\n\n<p>Il se d\u00e9veloppe comme une tra\u00een\u00e9e de poudre. Le variant br\u00e9silien est d\u00e9sormais dominant en Amazonie, et tous les indices indiquent d\u00e9j\u00e0 qu&rsquo;il est plus contagieux que les variants anglais et sud-africain. \u00c0 titre d&rsquo;exemple, alors que la mutation britannique a mis environ trois mois pour dominer l&rsquo;\u00e9pid\u00e9mie en Angleterre, le variant br\u00e9silien est devenu majoritaire dans la r\u00e9gion de Manaus en seulement un mois. L&rsquo;apparition du variant P1, comme il se nomme, suscite donc ces derniers jours de nouvelles inqui\u00e9tudes. D\u00e9j\u00e0 d\u00e9tect\u00e9 au Japon, en Allemagne et dans le Minnesota, il vient tout juste d&rsquo;\u00eatre rep\u00e9r\u00e9 en France.<\/p>\n\n\n\n<p>On sait\u00a0<em>\u00ab\u00a0depuis hier\u00a0\u00bb<\/em>\u00a0(mercredi 3 f\u00e9vrier, ndlr) qu&rsquo;il y a\u00a0<em>\u00ab\u00a0quatre cas de variant d&rsquo;origine br\u00e9silienne, notamment dans le Var, dans la r\u00e9gion Aura (Auvergne-Rh\u00f4ne-Alpes) et \u00e0 La R\u00e9union\u00a0\u00bb,<\/em>\u00a0a d\u00e9clar\u00e9 ce jeudi Olivier V\u00e9ran lors d&rsquo;une conf\u00e9rence de presse aux c\u00f4t\u00e9s du Premier ministre, ajoutant que le variant d&rsquo;origine sud-africaine a \u00e9galement \u00e9t\u00e9 identifi\u00e9. Et le ministre de la Sant\u00e9 n&rsquo;a pas cach\u00e9 ses craintes \u00e0 leur sujet :\u00a0<em>\u00ab\u00a0D&rsquo;abord parce qu&rsquo;il existe moins de donn\u00e9es sur les infections qu&rsquo;ils entra\u00eenent. Ensuite parce que certaines \u00e9tudes tendent \u00e0 montrer qu&rsquo;il y a davantage de r\u00e9infections, et enfin parce que nous manquons d\u2019\u00e9l\u00e9ments pour \u00eatre pleinement s\u00fbrs que les vaccins sont aussi efficaces sur eux\u00a0\u00bb<\/em>, a-t-il indiqu\u00e9.<\/p>\n\n\n\n<h3 class=\"wp-block-heading\">Une femme de retour de Manaus<\/h3>\n\n\n\n<p>Parmi les quatre cas de variant br\u00e9silien d\u00e9tect\u00e9s en France, on d\u00e9nombre notamment une femme qui revenait de Manaus (nord-ouest du Br\u00e9sil) et qui a transit\u00e9 par Sao-Paulo, puis Francfort en Allemagne avant de prendre l\u2019avion pour Paris, puis pour Marseille.&nbsp;<em>\u00ab\u00a0Elle a pr\u00e9sent\u00e9 des sympt\u00f4mes peu apr\u00e8s son arriv\u00e9e en France. Elle a \u00e9t\u00e9 test\u00e9e et a \u00e9t\u00e9 mise \u00e0 l\u2019isolement strict\u00a0\u00bb<\/em>, a pr\u00e9cis\u00e9 Olivier V\u00e9ran qui indique qu\u2019apr\u00e8s le&nbsp;<em>contact tracing, \u00ab\u00a0une autre personne a \u00e9t\u00e9 identifi\u00e9e voyageant avec elle et des cas contacts ont \u00e9galement \u00e9t\u00e9 identifi\u00e9s mais il n&rsquo;y a pas eu de cha\u00eene de contamination\u00a0\u00bb.<\/em><\/p>\n\n\n\n<p>Ce qui est diff\u00e9rent pour un autre cas du variant br\u00e9silien identifi\u00e9 dans la r\u00e9gion Auvergne-Rh\u00f4ne-Alpes,\u00a0<em>\u00ab\u00a0qui travaille dans les h\u00f4pitaux de Gen\u00e8ve\u00a0\u00bb<\/em>. Dix personnes qu\u2019il a c\u00f4toy\u00e9es ont \u00e9t\u00e9 d\u00e9clar\u00e9es positives en attente de recherche de variant.\u00a0<em>\u00ab\u00a0Pour l\u2019instant, la situation est ma\u00eetris\u00e9e et les cha\u00eenes de contamination ont \u00e9t\u00e9 contr\u00f4l\u00e9es\u00a0\u00bb<\/em>, a insist\u00e9 le ministre de la Sant\u00e9. Les donn\u00e9es actuelles\u00a0<em>\u00ab\u00a0ne permettent pas de dire si ce variant est plus meurtrier\u00a0\u00bb<\/em>, m\u00eame si les autorit\u00e9s ne rejettent pas l&rsquo;id\u00e9e que sa propagation rapide \u00e0 Manaus y a jou\u00e9 un r\u00f4le dans la dramatique augmentation des morts du Covid-19. Pour le gouvernement, l&rsquo;objectif est donc clair :\u00a0<em>\u00ab\u00a0Nous voulons limiter au maximum la diffusion de ces variants, gagner du temps pour pouvoir vacciner et prot\u00e9ger les plus fragiles d\u2019entre nous\u00a0\u00bb,<\/em>\u00a0a assur\u00e9 Olivier V\u00e9ran, assurant que la France pratique\u00a0<em>\u00ab\u00a0un s\u00e9quen\u00e7age massif \u00ab\u00a0<\/em>\u00a0des cas positifs. Pour autant,\u00a0<em>\u00ab\u00a0les variants, parce qu&rsquo;ils sont plus contagieux, sont amen\u00e9s \u00e0 remplacer progressivement le Covid-19 dans la forme que nous connaissons\u00a0\u00bb,<\/em>\u00a0a-t-il pr\u00e9venu. <\/p>\n\n\n\n<p><\/p>\n\n\n\n<p><\/p>\n","protected":false},"excerpt":{"rendered":"<p>Alors que le variant anglais repr\u00e9sente d\u00e9sormais pr\u00e8s de 14% des tests positifs, celui en provenance du Br\u00e9sil, encore plus contagieux, suscite de nouvelles inqui\u00e9tudes. Quatre premiers cas ont \u00e9t\u00e9 d\u00e9tect\u00e9s en France, a indiqu\u00e9 ce jeudi le ministre de la Sant\u00e9. Il se d\u00e9veloppe comme une tra\u00een\u00e9e de poudre. Le variant br\u00e9silien est d\u00e9sormais [&hellip;]<\/p>\n","protected":false},"author":2,"featured_media":16895,"comment_status":"open","ping_status":"open","sticky":false,"template":"","format":"standard","meta":{"_jetpack_memberships_contains_paid_content":false,"footnotes":"","jetpack_publicize_message":"","jetpack_publicize_feature_enabled":true,"jetpack_social_post_already_shared":true,"jetpack_social_options":{"image_generator_settings":{"template":"highway","default_image_id":0,"font":"","enabled":false},"version":2},"_wpas_customize_per_network":false},"categories":[405],"tags":[],"class_list":["post-17753","post","type-post","status-publish","format-standard","has-post-thumbnail","hentry","category-actu-france-monde"],"jetpack_publicize_connections":[],"jetpack_featured_media_url":"https:\/\/i0.wp.com\/www.iceagetv.com\/radiosite\/wp-content\/uploads\/2020\/11\/Une-nouvelle-mutation-du-coronavirus-pourrait-le-rendre-plus-contagieux.png?fit=818%2C357&ssl=1","jetpack_sharing_enabled":true,"_links":{"self":[{"href":"https:\/\/www.iceagetv.com\/radiosite\/wp-json\/wp\/v2\/posts\/17753","targetHints":{"allow":["GET"]}}],"collection":[{"href":"https:\/\/www.iceagetv.com\/radiosite\/wp-json\/wp\/v2\/posts"}],"about":[{"href":"https:\/\/www.iceagetv.com\/radiosite\/wp-json\/wp\/v2\/types\/post"}],"author":[{"embeddable":true,"href":"https:\/\/www.iceagetv.com\/radiosite\/wp-json\/wp\/v2\/users\/2"}],"replies":[{"embeddable":true,"href":"https:\/\/www.iceagetv.com\/radiosite\/wp-json\/wp\/v2\/comments?post=17753"}],"version-history":[{"count":1,"href":"https:\/\/www.iceagetv.com\/radiosite\/wp-json\/wp\/v2\/posts\/17753\/revisions"}],"predecessor-version":[{"id":17754,"href":"https:\/\/www.iceagetv.com\/radiosite\/wp-json\/wp\/v2\/posts\/17753\/revisions\/17754"}],"wp:featuredmedia":[{"embeddable":true,"href":"https:\/\/www.iceagetv.com\/radiosite\/wp-json\/wp\/v2\/media\/16895"}],"wp:attachment":[{"href":"https:\/\/www.iceagetv.com\/radiosite\/wp-json\/wp\/v2\/media?parent=17753"}],"wp:term":[{"taxonomy":"category","embeddable":true,"href":"https:\/\/www.iceagetv.com\/radiosite\/wp-json\/wp\/v2\/categories?post=17753"},{"taxonomy":"post_tag","embeddable":true,"href":"https:\/\/www.iceagetv.com\/radiosite\/wp-json\/wp\/v2\/tags?post=17753"}],"curies":[{"name":"wp","href":"https:\/\/api.w.org\/{rel}","templated":true}]}}