{"id":17755,"date":"2021-02-05T12:13:01","date_gmt":"2021-02-05T12:13:01","guid":{"rendered":"http:\/\/www.iceagetv.com\/radiosite\/?p=17755"},"modified":"2021-02-05T12:13:01","modified_gmt":"2021-02-05T12:13:01","slug":"une-personne-majeure-ecope-de-6-mois-de-prison-avec-sursis-et-trois-mineurs-mis-en-examen-apres-avoir-frappe-et-tondu-devant-une-camera-jeune-garcon-handicape-de-22-ans-a-belfort","status":"publish","type":"post","link":"https:\/\/www.iceagetv.com\/radiosite\/une-personne-majeure-ecope-de-6-mois-de-prison-avec-sursis-et-trois-mineurs-mis-en-examen-apres-avoir-frappe-et-tondu-devant-une-camera-jeune-garcon-handicape-de-22-ans-a-belfort\/","title":{"rendered":"Une personne majeure \u00e9cope de 6 mois de prison avec sursis et trois mineurs mis en examen apr\u00e8s avoir frapp\u00e9 et tondu devant une cam\u00e9ra jeune gar\u00e7on handicap\u00e9 de 22 ans \u00e0 Belfort"},"content":{"rendered":"\n<p>Une personne majeure a \u00e9cop\u00e9 de six mois de prison avec sursis et trois mineurs ont \u00e9t\u00e9 mis en examen apr\u00e8s des violences sur un jeune handicap\u00e9 mental film\u00e9es et diffus\u00e9es sur les r\u00e9seaux sociaux, a annonc\u00e9 le parquet de Belfort. En garde \u00e0 vue depuis mercredi et d\u00e9f\u00e9r\u00e9s jeudi, les quatre individus ont reconnu leur implication, a indiqu\u00e9 dans un communiqu\u00e9 le parquet. Une cinqui\u00e8me personne majeure, \u00e9galement interpell\u00e9e, a finalement \u00e9t\u00e9 mise hors de cause, selon la m\u00eame source. La personne majeure d\u00e9f\u00e9r\u00e9e, dont l&rsquo;implication est \u00ab\u00a0plus p\u00e9riph\u00e9rique\u00a0\u00bb et qui n&rsquo;a \u00ab\u00a0port\u00e9 aucun coup\u00a0\u00bb, a fait l&rsquo;objet \u00ab\u00a0d&rsquo;une proc\u00e9dure de comparution sur reconnaissance pr\u00e9alable de culpabilit\u00e9 du chef de violence volontaire aggrav\u00e9e\u00a0\u00bb, notamment par la vuln\u00e9rabilit\u00e9 de la victime. Elle a accept\u00e9 la peine de six mois de prison avec sursis propos\u00e9e par le minist\u00e8re public, selon le communiqu\u00e9.<\/p>\n\n\n\n<p>Selon le quotidien r\u00e9gional L&rsquo;Est R\u00e9publicain, il s&rsquo;agit d&rsquo;une jeune femme de 22 ans. Les trois mineurs, \u00e9galement mis en cause pour des violences sur un autre jeune majeur pr\u00e9sent au moment des faits, ont \u00e9t\u00e9 pr\u00e9sent\u00e9s au juge des enfants, selon le communiqu\u00e9. Ils ont \u00e9t\u00e9 mis en examen pour violence volontaire aggrav\u00e9e et pour diffusion de l&rsquo;enregistrement des images des deux agressions, notamment. Conform\u00e9ment aux r\u00e9quisitions du parquet, ils ont \u00e9t\u00e9 plac\u00e9s sous contr\u00f4le judiciaire dans l&rsquo;attente de leur comparution devant le tribunal pour enfants. Ils ont interdiction d&rsquo;entrer en relation avec les victimes et de para\u00eetre dans le Territoire de Belfort et devront \u00ab\u00a0respecter les conditions d&rsquo;un placement dans un centre \u00e9ducatif ferm\u00e9\u00a0\u00bb, selon le parquet. Les violences avaient \u00e9t\u00e9 commises dans la nuit de samedi \u00e0 dimanche \u00e0 Dorans, pr\u00e8s de Belfort. La vid\u00e9o avait rapidement \u00e9t\u00e9 diffus\u00e9e et relay\u00e9e sur les r\u00e9seaux sociaux, avant d&rsquo;\u00eatre supprim\u00e9e de nombreux comptes. Selon L&rsquo;Est R\u00e9publicain, les images montrent notamment la principale victime en train d&rsquo;\u00eatre frapp\u00e9e au visage, puis tondue, des faits qui avaient suscit\u00e9 une large indignation. Ian Boucard, d\u00e9put\u00e9 (LR) du Territoire de Belfort, avait \u00e9mis un signalement aupr\u00e8s des autorit\u00e9s \u00ab\u00a0pour que les auteurs soient retrouv\u00e9s rapidement\u00a0\u00bb. Le pr\u00e9sident (LR) du conseil d\u00e9partemental du Territoire de Belfort, Florian Bouquet, avait quant \u00e0 lui condamn\u00e9 des \u00ab\u00a0actes d&rsquo;une rare cruaut\u00e9\u00a0\u00bb.<\/p>\n","protected":false},"excerpt":{"rendered":"<p>Une personne majeure a \u00e9cop\u00e9 de six mois de prison avec sursis et trois mineurs ont \u00e9t\u00e9 mis en examen apr\u00e8s des violences sur un jeune handicap\u00e9 mental film\u00e9es et diffus\u00e9es sur les r\u00e9seaux sociaux, a annonc\u00e9 le parquet de Belfort. En garde \u00e0 vue depuis mercredi et d\u00e9f\u00e9r\u00e9s jeudi, les quatre individus ont reconnu [&hellip;]<\/p>\n","protected":false},"author":2,"featured_media":17756,"comment_status":"open","ping_status":"open","sticky":false,"template":"","format":"standard","meta":{"_jetpack_memberships_contains_paid_content":false,"footnotes":"","jetpack_publicize_message":"","jetpack_publicize_feature_enabled":true,"jetpack_social_post_already_shared":true,"jetpack_social_options":{"image_generator_settings":{"template":"highway","default_image_id":0,"font":"","enabled":false},"version":2},"_wpas_customize_per_network":false},"categories":[405],"tags":[],"class_list":["post-17755","post","type-post","status-publish","format-standard","has-post-thumbnail","hentry","category-actu-france-monde"],"jetpack_publicize_connections":[],"jetpack_featured_media_url":"https:\/\/i0.wp.com\/www.iceagetv.com\/radiosite\/wp-content\/uploads\/2021\/02\/Une-personne-majeure-%C3%A9cope-de-6-mois-de-prison-avec-sursis-et-trois-mineurs-mis-en-examen-apr%C3%A8s-avoir-frapp%C3%A9-et-tondu-devant-une-cam%C3%A9ra-jeune-gar%C3%A7on-handicap%C3%A9-de-22-ans-%C3%A0-Belfort.jpg?fit=679%2C293&ssl=1","jetpack_sharing_enabled":true,"_links":{"self":[{"href":"https:\/\/www.iceagetv.com\/radiosite\/wp-json\/wp\/v2\/posts\/17755","targetHints":{"allow":["GET"]}}],"collection":[{"href":"https:\/\/www.iceagetv.com\/radiosite\/wp-json\/wp\/v2\/posts"}],"about":[{"href":"https:\/\/www.iceagetv.com\/radiosite\/wp-json\/wp\/v2\/types\/post"}],"author":[{"embeddable":true,"href":"https:\/\/www.iceagetv.com\/radiosite\/wp-json\/wp\/v2\/users\/2"}],"replies":[{"embeddable":true,"href":"https:\/\/www.iceagetv.com\/radiosite\/wp-json\/wp\/v2\/comments?post=17755"}],"version-history":[{"count":1,"href":"https:\/\/www.iceagetv.com\/radiosite\/wp-json\/wp\/v2\/posts\/17755\/revisions"}],"predecessor-version":[{"id":17757,"href":"https:\/\/www.iceagetv.com\/radiosite\/wp-json\/wp\/v2\/posts\/17755\/revisions\/17757"}],"wp:featuredmedia":[{"embeddable":true,"href":"https:\/\/www.iceagetv.com\/radiosite\/wp-json\/wp\/v2\/media\/17756"}],"wp:attachment":[{"href":"https:\/\/www.iceagetv.com\/radiosite\/wp-json\/wp\/v2\/media?parent=17755"}],"wp:term":[{"taxonomy":"category","embeddable":true,"href":"https:\/\/www.iceagetv.com\/radiosite\/wp-json\/wp\/v2\/categories?post=17755"},{"taxonomy":"post_tag","embeddable":true,"href":"https:\/\/www.iceagetv.com\/radiosite\/wp-json\/wp\/v2\/tags?post=17755"}],"curies":[{"name":"wp","href":"https:\/\/api.w.org\/{rel}","templated":true}]}}