{"id":17784,"date":"2021-02-09T15:07:22","date_gmt":"2021-02-09T15:07:22","guid":{"rendered":"http:\/\/www.iceagetv.com\/radiosite\/?p=17784"},"modified":"2021-02-09T15:07:22","modified_gmt":"2021-02-09T15:07:22","slug":"grand-froid-27-departements-en-vigilance-orange-neige-verglas-et-crues","status":"publish","type":"post","link":"https:\/\/www.iceagetv.com\/radiosite\/grand-froid-27-departements-en-vigilance-orange-neige-verglas-et-crues\/","title":{"rendered":"GRAND FROID : 27 D\u00c9PARTEMENTS EN VIGILANCE ORANGE \u00abNEIGE-VERGLAS\u00bb ET CRUES"},"content":{"rendered":"\n<p>M\u00e9t\u00e9o France a plac\u00e9, ce mardi 9 f\u00e9vrier, 27 d\u00e9partements en vigilance orange. Le Nord et le Pas-de-Calais sont en alerte \u00abgrand froid\u00bb et les d\u00e9partements de la Bretagne \u00e0 l&rsquo;Ile-de-France en passant par la Normandie sont en vigilance \u00abneige-verglas\u00bb.<\/p>\n\n\n\n<p>M\u00e9t\u00e9o France \u00e9voque \u00abun \u00e9pisode neigeux remarquable, n\u00e9cessitant une vigilance particuli\u00e8re, du fait des hauteurs de neige attendues\u00bb. Pour cette raison, \u00abaucun car scolaire ne circulera ce mardi sur la Bretagne\u00bb, a indiqu\u00e9 la R\u00e9gion Bretagne \u00e0 l&rsquo;AFP. \u00abIl a d\u00e9j\u00e0 \u00e9t\u00e9 d\u00e9cid\u00e9, en concertation avec les op\u00e9rateurs, d&rsquo;annuler l&rsquo;ensemble des dessertes. Si les trajets allers pouvaient \u00eatre assur\u00e9s, les trajets retours \u00e9taient trop risqu\u00e9s\u00bb, a ajout\u00e9 la R\u00e9gion. <\/p>\n\n\n\n<p>5 \u00e0 10 centim\u00e8tres de neige sont attendus sur certaines parties de la Bretagne, avec localement parfois 15 cm, en faisant un des \u00e9pisodes \u00ables plus marquants de ce d\u00e9but de XXIe si\u00e8cle, notamment en termes d&rsquo;\u00e9tendues touch\u00e9es par la neige en Bretagne\u00bb, a comment\u00e9 M\u00e9t\u00e9o-France sur Twitter, rappelant le pr\u00e9c\u00e9dent \u00ab\u00e9pisode m\u00e9morable\u00bb de fin f\u00e9vrier 1986. Pour les autres d\u00e9partements en vigilance orange, 5 cm de neige environ sont attendus. En Ile-de-France,&nbsp;2 \u00e0 7 cm de neige sont avec&nbsp;8 \u00e0 10 cm localement sur le sud de la r\u00e9gion.<\/p>\n\n\n\n<p>Dans le d\u00e9tail, 21 d\u00e9partements sont en alerte \u00abneige-verglas\u00bb, selon M\u00e9t\u00e9o France : le Calvados, les C\u00f4tes-d&rsquo;Armor, l&rsquo;Eure, l&rsquo;Eure-et-Loir, le Finist\u00e8re, l&rsquo;Ille-et-Vilaine, le Loir-et-Cher, le Loiret, la Manche, la Mayenne, le Morbihan, l&rsquo;Orne, la Sarthe,Paris, la Seine-et-Marne, les Yvelines, l&rsquo;Essonne, les Hauts-de-Seine, la Seine-Saint-Denis, le Val-de-Marne et le Val-d&rsquo;Oise.<\/p>\n\n\n\n<p>Deux d\u00e9partements sont en alerte \u00abgrand froid\u00bb : le Nord et le Pas-de-Calais. \u00abLes temp\u00e9ratures sur le Nord et le Pas-de-Calais sont actuellement de l\u2019ordre de -7 \u00e0 -5 degr\u00e9s dans l&rsquo;int\u00e9rieur et -4 \u00e0 -2 degr\u00e9s sur le littoral. En ressenti on est proche de -14 \u00e0 -12 degr\u00e9s sur ces deux d\u00e9partements\u00bb, \u00e9crit M\u00e9t\u00e9o France. Il va \u00e9galement faire froid en Normandie ou en r\u00e9gion parisienne, avec des temp\u00e9ratures ressenties entre -10 et -15\u00b0C mercredi et jeudi. La mairie de Paris a d&rsquo;ailleurs appel\u00e9 lundi le gouvernement \u00e0 d\u00e9clencher le plan \u00abgrand froid\u00bb qui permet notamment l&rsquo;h\u00e9bergement des sans-abri.<\/p>\n\n\n\n<p>L&rsquo;alerte orange pour crue vient d&rsquo;\u00eatre lev\u00e9e pour la Charente, annonce M\u00e9t\u00e9o France. Elles est toujours active pour la Charente-Maritime, le Maine-et-Loire, l&rsquo;Oise, la Seine-et-Marne et la Somme.<\/p>\n\n\n\n<p><\/p>\n\n\n\n<p><\/p>\n","protected":false},"excerpt":{"rendered":"<p>M\u00e9t\u00e9o France a plac\u00e9, ce mardi 9 f\u00e9vrier, 27 d\u00e9partements en vigilance orange. Le Nord et le Pas-de-Calais sont en alerte \u00abgrand froid\u00bb et les d\u00e9partements de la Bretagne \u00e0 l&rsquo;Ile-de-France en passant par la Normandie sont en vigilance \u00abneige-verglas\u00bb. M\u00e9t\u00e9o France \u00e9voque \u00abun \u00e9pisode neigeux remarquable, n\u00e9cessitant une vigilance particuli\u00e8re, du fait des hauteurs [&hellip;]<\/p>\n","protected":false},"author":2,"featured_media":17785,"comment_status":"open","ping_status":"open","sticky":false,"template":"","format":"standard","meta":{"_jetpack_memberships_contains_paid_content":false,"footnotes":"","jetpack_publicize_message":"","jetpack_publicize_feature_enabled":true,"jetpack_social_post_already_shared":true,"jetpack_social_options":{"image_generator_settings":{"template":"highway","default_image_id":0,"font":"","enabled":false},"version":2},"_wpas_customize_per_network":false},"categories":[14],"tags":[],"class_list":["post-17784","post","type-post","status-publish","format-standard","has-post-thumbnail","hentry","category-actu-meteo"],"jetpack_publicize_connections":[],"jetpack_featured_media_url":"https:\/\/i0.wp.com\/www.iceagetv.com\/radiosite\/wp-content\/uploads\/2021\/02\/27-D%C3%89PARTEMENTS-EN-VIGILANCE-ORANGE.jpg?fit=679%2C381&ssl=1","jetpack_sharing_enabled":true,"_links":{"self":[{"href":"https:\/\/www.iceagetv.com\/radiosite\/wp-json\/wp\/v2\/posts\/17784","targetHints":{"allow":["GET"]}}],"collection":[{"href":"https:\/\/www.iceagetv.com\/radiosite\/wp-json\/wp\/v2\/posts"}],"about":[{"href":"https:\/\/www.iceagetv.com\/radiosite\/wp-json\/wp\/v2\/types\/post"}],"author":[{"embeddable":true,"href":"https:\/\/www.iceagetv.com\/radiosite\/wp-json\/wp\/v2\/users\/2"}],"replies":[{"embeddable":true,"href":"https:\/\/www.iceagetv.com\/radiosite\/wp-json\/wp\/v2\/comments?post=17784"}],"version-history":[{"count":1,"href":"https:\/\/www.iceagetv.com\/radiosite\/wp-json\/wp\/v2\/posts\/17784\/revisions"}],"predecessor-version":[{"id":17786,"href":"https:\/\/www.iceagetv.com\/radiosite\/wp-json\/wp\/v2\/posts\/17784\/revisions\/17786"}],"wp:featuredmedia":[{"embeddable":true,"href":"https:\/\/www.iceagetv.com\/radiosite\/wp-json\/wp\/v2\/media\/17785"}],"wp:attachment":[{"href":"https:\/\/www.iceagetv.com\/radiosite\/wp-json\/wp\/v2\/media?parent=17784"}],"wp:term":[{"taxonomy":"category","embeddable":true,"href":"https:\/\/www.iceagetv.com\/radiosite\/wp-json\/wp\/v2\/categories?post=17784"},{"taxonomy":"post_tag","embeddable":true,"href":"https:\/\/www.iceagetv.com\/radiosite\/wp-json\/wp\/v2\/tags?post=17784"}],"curies":[{"name":"wp","href":"https:\/\/api.w.org\/{rel}","templated":true}]}}