{"id":17791,"date":"2021-02-10T17:22:32","date_gmt":"2021-02-10T17:22:32","guid":{"rendered":"http:\/\/www.iceagetv.com\/radiosite\/?p=17791"},"modified":"2021-02-10T17:22:32","modified_gmt":"2021-02-10T17:22:32","slug":"conseil-de-defense-il-existe-un-chemin-pour-eviter-le-reconfinement-estime-attal","status":"publish","type":"post","link":"https:\/\/www.iceagetv.com\/radiosite\/conseil-de-defense-il-existe-un-chemin-pour-eviter-le-reconfinement-estime-attal\/","title":{"rendered":"Conseil de d\u00e9fense : \u201cIl existe un chemin pour \u00e9viter le reconfinement\u201d, estime Attal"},"content":{"rendered":"\n<p>\n\nD\u2019apr\u00e8s le porte-parole du gouvernement, qui s\u2019est exprim\u00e9 apr\u00e8s le conseil de d\u00e9fense, la situation de la France est encore \u201cfragile\u201d<\/p>\n\n\n\n<p>Alors que&nbsp;<a href=\"https:\/\/www.sudouest.fr\/sante\/coronavirus\/nouvelle-aquitaine\/covid-19-la-france-a-franchi-la-barre-des-80-000-morts-officiel-1262638.php\" target=\"_blank\" rel=\"noreferrer noopener\">la France a d\u00e9pass\u00e9 mardi soir la barre des 80\u2009000 morts<\/a>&nbsp;dus au Covid-19, le gouvernement s\u2019est r\u00e9uni ce mercredi matin pour un nouveau conseil de d\u00e9fense autour d\u2019Emmanuel Macron. Gabriel Attal a pris la parole \u00e0 l\u2019issue du conseil des ministres qui suivait. Pour le porte-parole du gouvernement, \u201cil existe bien un chemin pour \u00e9viter le reconfinement\u201d.<\/p>\n\n\n\n<blockquote class=\"wp-block-quote is-layout-flow wp-block-quote-is-layout-flow\"><p>Ce chemin n\u2019est pas large mais il existe et nous aurions tort de ne pas tout mettre en \u0153uvre pour y parvenir.\u201d<\/p><\/blockquote>\n\n\n\n<p>Mardi d\u00e9j\u00e0,\u00a0<a rel=\"noreferrer noopener\" href=\"https:\/\/www.sudouest.fr\/sante\/coronavirus\/vaccin\/covid-19-on-ne-sera-peut-etre-jamais-reconfine-olivier-veran-1255083.php\" target=\"_blank\">Olivier V\u00e9ran a estim\u00e9 qu\u2019il \u00e9tait possible qu\u2019on ne soit pas reconfin\u00e9.<\/a>\u00a0\u00a0\u201cLe confinement n\u2019est pas un choix de facilit\u00e9 et de s\u00e9curit\u00e9, c\u2019est un choix de n\u00e9cessit\u00e9 quand la situation \u00e9pid\u00e9mique nous \u00e9chappe. Ce n\u2019est pas le cas\u201d, a tranch\u00e9 le ministre de la Sant\u00e9.<\/p>\n\n\n\n<h2 class=\"wp-block-heading\">Trop t\u00f4t pour se r\u00e9jouir\u201d<\/h2>\n\n\n\n<p>Ce mercredi, Gabriel Attal a toutefois conc\u00e9d\u00e9 que la situation restait \u201cfragile\u201d et a appel\u00e9 les Fran\u00e7ais \u00e0 rester \u201cextr\u00eamement prudents\u201d. Il a aussi not\u00e9 qu\u2019il existait des disparit\u00e9s territoriales en France. Il a soulign\u00e9 qu\u2019une cinquantaine de d\u00e9partements connaissaient une baisse de leur taux d\u2019incidence. Il reste en revanche stable dans une trentaine et poursuit sa hausse dans une vingtaine. \u201cIl est encore trop t\u00f4t pour se r\u00e9jouir\u201d, admet le porte-parole qui a salu\u00e9 la \u201cresponsabilit\u00e9 extraordinaire des Fran\u00e7ais\u201d. \u201cC\u2019est parce que chacun prend sa part que la situation reste stable\u201d<\/p>\n\n\n\n<p>Il convient toutefois de suivre avec attention la propagation des variants du coronavirus (britannique, sud-africain et br\u00e9silien). Mardi, Olivier V\u00e9ran estimait que ces variants \u00abaugmentent d\u2019environ 50% par semaine, c\u2019est-\u00e0-dire moins vite que les pays qui n\u2019\u00e9taient pas sous couvre-feu. Donc il y a une efficacit\u00e9 des mesures d\u00e9cid\u00e9es qui permettent de stabiliser la situation sanitaire\u00bb.<\/p>\n\n\n\n<p>Le porte-parole du gouvernement a par ailleurs tir\u00e9 un premier bilan de la fermeture des fronti\u00e8res fran\u00e7aises et du renforcement des contr\u00f4les : \u201cplus de 1\u2009000 personnes ont fait l\u2019objet d\u2019une mesure de non-admission sur le territoire national, dont pr\u00e8s de 200 r\u00e9embarquements imm\u00e9diats\u201d, et \u201c1\u2009444 personnes\u201d n\u2019ont pu sortir du territoire \u201cfaute de motif imp\u00e9rieux appropri\u00e9<\/p>\n\n\n\n<p><\/p>\n\n\n\n<p><\/p>\n","protected":false},"excerpt":{"rendered":"<p>D\u2019apr\u00e8s le porte-parole du gouvernement, qui s\u2019est exprim\u00e9 apr\u00e8s le conseil de d\u00e9fense, la situation de la France est encore \u201cfragile\u201d Alors que&nbsp;la France a d\u00e9pass\u00e9 mardi soir la barre des 80\u2009000 morts&nbsp;dus au Covid-19, le gouvernement s\u2019est r\u00e9uni ce mercredi matin pour un nouveau conseil de d\u00e9fense autour d\u2019Emmanuel Macron. Gabriel Attal a pris [&hellip;]<\/p>\n","protected":false},"author":2,"featured_media":17792,"comment_status":"open","ping_status":"open","sticky":false,"template":"","format":"standard","meta":{"_jetpack_memberships_contains_paid_content":false,"footnotes":"","jetpack_publicize_message":"","jetpack_publicize_feature_enabled":true,"jetpack_social_post_already_shared":true,"jetpack_social_options":{"image_generator_settings":{"template":"highway","default_image_id":0,"font":"","enabled":false},"version":2},"_wpas_customize_per_network":false},"categories":[405],"tags":[],"class_list":["post-17791","post","type-post","status-publish","format-standard","has-post-thumbnail","hentry","category-actu-france-monde"],"jetpack_publicize_connections":[],"jetpack_featured_media_url":"https:\/\/i0.wp.com\/www.iceagetv.com\/radiosite\/wp-content\/uploads\/2021\/02\/Il-existe-un-chemin-pour-%C3%A9viter-le-reconfinement.jpg?fit=1000%2C500&ssl=1","jetpack_sharing_enabled":true,"_links":{"self":[{"href":"https:\/\/www.iceagetv.com\/radiosite\/wp-json\/wp\/v2\/posts\/17791","targetHints":{"allow":["GET"]}}],"collection":[{"href":"https:\/\/www.iceagetv.com\/radiosite\/wp-json\/wp\/v2\/posts"}],"about":[{"href":"https:\/\/www.iceagetv.com\/radiosite\/wp-json\/wp\/v2\/types\/post"}],"author":[{"embeddable":true,"href":"https:\/\/www.iceagetv.com\/radiosite\/wp-json\/wp\/v2\/users\/2"}],"replies":[{"embeddable":true,"href":"https:\/\/www.iceagetv.com\/radiosite\/wp-json\/wp\/v2\/comments?post=17791"}],"version-history":[{"count":1,"href":"https:\/\/www.iceagetv.com\/radiosite\/wp-json\/wp\/v2\/posts\/17791\/revisions"}],"predecessor-version":[{"id":17793,"href":"https:\/\/www.iceagetv.com\/radiosite\/wp-json\/wp\/v2\/posts\/17791\/revisions\/17793"}],"wp:featuredmedia":[{"embeddable":true,"href":"https:\/\/www.iceagetv.com\/radiosite\/wp-json\/wp\/v2\/media\/17792"}],"wp:attachment":[{"href":"https:\/\/www.iceagetv.com\/radiosite\/wp-json\/wp\/v2\/media?parent=17791"}],"wp:term":[{"taxonomy":"category","embeddable":true,"href":"https:\/\/www.iceagetv.com\/radiosite\/wp-json\/wp\/v2\/categories?post=17791"},{"taxonomy":"post_tag","embeddable":true,"href":"https:\/\/www.iceagetv.com\/radiosite\/wp-json\/wp\/v2\/tags?post=17791"}],"curies":[{"name":"wp","href":"https:\/\/api.w.org\/{rel}","templated":true}]}}