{"id":17824,"date":"2021-02-14T14:42:21","date_gmt":"2021-02-14T14:42:21","guid":{"rendered":"http:\/\/www.iceagetv.com\/radiosite\/?p=17824"},"modified":"2021-02-14T14:42:21","modified_gmt":"2021-02-14T14:42:21","slug":"coronavirus-lhomme-qui-a-ete-reinfecte-pour-la-premiere-fois-par-un-variant-sud-africain-a-colombes-pres-de-paris-est-dans-un-etat-grave","status":"publish","type":"post","link":"https:\/\/www.iceagetv.com\/radiosite\/coronavirus-lhomme-qui-a-ete-reinfecte-pour-la-premiere-fois-par-un-variant-sud-africain-a-colombes-pres-de-paris-est-dans-un-etat-grave\/","title":{"rendered":"Coronavirus &#8211; L&rsquo;homme qui a \u00e9t\u00e9 r\u00e9infect\u00e9 pour la premi\u00e8re fois par un variant sud-africain, \u00e0 Colombes pr\u00e8s de Paris, est dans un \u00e9tat grave"},"content":{"rendered":"\n<p>L\u2019\u00e9quipe du service de m\u00e9decine intensive et r\u00e9animation de l\u2019h\u00f4pital Louis-Mourier AP-HP, dirig\u00e9 par le Pr Jean-Damien Ricard, d\u2019Universit\u00e9 de Paris et de l\u2019Inserm rapporte le premier cas grave d\u2019un patient r\u00e9infect\u00e9 par le variant Sud-Africain 501Y.V2 du SARS-CoV-2, quelques mois apr\u00e8s une premi\u00e8re infection par le SARS-CoV-2. Ce premier cas de r\u00e9infection par le variant Sud-Africain a fait l\u2019objet d\u2019une publication le 10 f\u00e9vrier 2021 dans la revue Clinical Infectious Diseases.<\/p>\n\n\n\n<p>En septembre 2020, un homme, qui a des ant\u00e9c\u00e9dents d&rsquo;asthme, souffre de fi\u00e8vre et a des difficult\u00e9s \u00e0 respirer mod\u00e9r\u00e9es. Une infection au SARS-CoV-2 est diagnostiqu\u00e9e avec un test PCR. Les sympt\u00f4mes disparaissent en quelques jours et l&rsquo;homme est test\u00e9 n\u00e9gatif \u00e0 deux reprises en d\u00e9cembre.<\/p>\n","protected":false},"excerpt":{"rendered":"<p>L\u2019\u00e9quipe du service de m\u00e9decine intensive et r\u00e9animation de l\u2019h\u00f4pital Louis-Mourier AP-HP, dirig\u00e9 par le Pr Jean-Damien Ricard, d\u2019Universit\u00e9 de Paris et de l\u2019Inserm rapporte le premier cas grave d\u2019un patient r\u00e9infect\u00e9 par le variant Sud-Africain 501Y.V2 du SARS-CoV-2, quelques mois apr\u00e8s une premi\u00e8re infection par le SARS-CoV-2. Ce premier cas de r\u00e9infection par le [&hellip;]<\/p>\n","protected":false},"author":2,"featured_media":17825,"comment_status":"open","ping_status":"open","sticky":false,"template":"","format":"standard","meta":{"_jetpack_memberships_contains_paid_content":false,"footnotes":"","jetpack_publicize_message":"","jetpack_publicize_feature_enabled":true,"jetpack_social_post_already_shared":true,"jetpack_social_options":{"image_generator_settings":{"template":"highway","default_image_id":0,"font":"","enabled":false},"version":2},"_wpas_customize_per_network":false},"categories":[405],"tags":[],"class_list":["post-17824","post","type-post","status-publish","format-standard","has-post-thumbnail","hentry","category-actu-france-monde"],"jetpack_publicize_connections":[],"jetpack_featured_media_url":"https:\/\/i0.wp.com\/www.iceagetv.com\/radiosite\/wp-content\/uploads\/2021\/02\/Lhomme-qui-a-%C3%A9t%C3%A9-r%C3%A9infect%C3%A9-pour-la-premi%C3%A8re-fois-par-un-variant-sud-africain.jpg?fit=679%2C293&ssl=1","jetpack_sharing_enabled":true,"_links":{"self":[{"href":"https:\/\/www.iceagetv.com\/radiosite\/wp-json\/wp\/v2\/posts\/17824","targetHints":{"allow":["GET"]}}],"collection":[{"href":"https:\/\/www.iceagetv.com\/radiosite\/wp-json\/wp\/v2\/posts"}],"about":[{"href":"https:\/\/www.iceagetv.com\/radiosite\/wp-json\/wp\/v2\/types\/post"}],"author":[{"embeddable":true,"href":"https:\/\/www.iceagetv.com\/radiosite\/wp-json\/wp\/v2\/users\/2"}],"replies":[{"embeddable":true,"href":"https:\/\/www.iceagetv.com\/radiosite\/wp-json\/wp\/v2\/comments?post=17824"}],"version-history":[{"count":1,"href":"https:\/\/www.iceagetv.com\/radiosite\/wp-json\/wp\/v2\/posts\/17824\/revisions"}],"predecessor-version":[{"id":17826,"href":"https:\/\/www.iceagetv.com\/radiosite\/wp-json\/wp\/v2\/posts\/17824\/revisions\/17826"}],"wp:featuredmedia":[{"embeddable":true,"href":"https:\/\/www.iceagetv.com\/radiosite\/wp-json\/wp\/v2\/media\/17825"}],"wp:attachment":[{"href":"https:\/\/www.iceagetv.com\/radiosite\/wp-json\/wp\/v2\/media?parent=17824"}],"wp:term":[{"taxonomy":"category","embeddable":true,"href":"https:\/\/www.iceagetv.com\/radiosite\/wp-json\/wp\/v2\/categories?post=17824"},{"taxonomy":"post_tag","embeddable":true,"href":"https:\/\/www.iceagetv.com\/radiosite\/wp-json\/wp\/v2\/tags?post=17824"}],"curies":[{"name":"wp","href":"https:\/\/api.w.org\/{rel}","templated":true}]}}