{"id":17852,"date":"2021-02-17T16:36:05","date_gmt":"2021-02-17T16:36:05","guid":{"rendered":"http:\/\/www.iceagetv.com\/radiosite\/?p=17852"},"modified":"2021-02-17T16:36:05","modified_gmt":"2021-02-17T16:36:05","slug":"royaume-uni-le-prince-philip-epoux-de-la-reine-elizabeth-ii-a-ete-hospitalise-par-precaution-apres-setre-senti-mal-annonce-le-palais-de-buckingham","status":"publish","type":"post","link":"https:\/\/www.iceagetv.com\/radiosite\/royaume-uni-le-prince-philip-epoux-de-la-reine-elizabeth-ii-a-ete-hospitalise-par-precaution-apres-setre-senti-mal-annonce-le-palais-de-buckingham\/","title":{"rendered":"Royaume-Uni : Le prince Philip, \u00e9poux de la reine Elizabeth II, a \u00e9t\u00e9 hospitalis\u00e9 \u00ab\u00a0par pr\u00e9caution\u00a0\u00bb apr\u00e8s s&rsquo;\u00eatre senti mal, annonce le palais de Buckingham"},"content":{"rendered":"\n<p>Le prince Philip, \u00e9poux de la reine Elizabeth II, a \u00e9t\u00e9 hospitalis\u00e9 \u00abpar pr\u00e9caution\u00bb \u00e0 Londres apr\u00e8s s&rsquo;\u00eatre senti mal, a annonc\u00e9 mercredi le palais de Buckingham. Le duc d&rsquo;Edimbourg, 99 ans, \u00aba \u00e9t\u00e9 admis au King Edward VII Hospital \u00e0 Londres mardi soir. Son hospitalisation est une mesure de pr\u00e9caution sur conseil du m\u00e9decin de son altesse royale, apr\u00e8s qu&rsquo;il s&rsquo;est senti indispos\u00e9\u00bb, a indiqu\u00e9 le palais dans un communiqu\u00e9. \u00abIl est pr\u00e9vu que le duc reste \u00e0 l&rsquo;h\u00f4pital quelques jours en observation et se repose\u00bb, est-il ajout\u00e9.<\/p>\n\n\n\n<p>Le prince Philip a pris sa retraite en ao\u00fbt 2017, apr\u00e8s avoir particip\u00e9 \u00e0 plus de 22.000 engagements publics officiels depuis l&rsquo;accession de son \u00e9pouse au tr\u00f4ne en 1952. Il continue d&rsquo;accompagner la reine, lorsqu&rsquo;il le souhaite, pour certaines apparitions publiques. Au mois de juin 2017, le prince Philip avait \u00e9t\u00e9 hospitalis\u00e9 deux nuits pour soigner \u00abune infection li\u00e9e \u00e0 une pathologie existante\u00bb. Il avait \u00e9t\u00e9 op\u00e9r\u00e9 de la hanche en 2018.<em>close<\/em><em>volume_off<\/em><\/p>\n\n\n\n<p>En janvier 2019, il avait subi un spectaculaire accident de voiture lorsque sa Land Rover avait percut\u00e9 un autre v\u00e9hicule en sortant d&rsquo;une all\u00e9e du domaine de Sandringham et s&rsquo;\u00e9tait renvers\u00e9e. Indemne, il avait alors renonc\u00e9 \u00e0 son permis de conduire. Fin d\u00e9cembre de la m\u00eame ann\u00e9e, il avait \u00e9t\u00e9 hospitalis\u00e9 pendant quatre nuits \u00e0 l&rsquo;h\u00f4pital Edward VII pour \u00eatre \u00abtrait\u00e9 en observation en raison de probl\u00e8mes de sant\u00e9 pr\u00e9existants\u00bb, selon le palais.<\/p>\n","protected":false},"excerpt":{"rendered":"<p>Le prince Philip, \u00e9poux de la reine Elizabeth II, a \u00e9t\u00e9 hospitalis\u00e9 \u00abpar pr\u00e9caution\u00bb \u00e0 Londres apr\u00e8s s&rsquo;\u00eatre senti mal, a annonc\u00e9 mercredi le palais de Buckingham. Le duc d&rsquo;Edimbourg, 99 ans, \u00aba \u00e9t\u00e9 admis au King Edward VII Hospital \u00e0 Londres mardi soir. Son hospitalisation est une mesure de pr\u00e9caution sur conseil du m\u00e9decin [&hellip;]<\/p>\n","protected":false},"author":2,"featured_media":17853,"comment_status":"open","ping_status":"open","sticky":false,"template":"","format":"standard","meta":{"_jetpack_memberships_contains_paid_content":false,"footnotes":"","jetpack_publicize_message":"","jetpack_publicize_feature_enabled":true,"jetpack_social_post_already_shared":true,"jetpack_social_options":{"image_generator_settings":{"template":"highway","default_image_id":0,"font":"","enabled":false},"version":2},"_wpas_customize_per_network":false},"categories":[68],"tags":[],"class_list":["post-17852","post","type-post","status-publish","format-standard","has-post-thumbnail","hentry","category-actu-culturelle"],"jetpack_publicize_connections":[],"jetpack_featured_media_url":"https:\/\/i0.wp.com\/www.iceagetv.com\/radiosite\/wp-content\/uploads\/2021\/02\/le-prince-philip.jpg?fit=679%2C293&ssl=1","jetpack_sharing_enabled":true,"_links":{"self":[{"href":"https:\/\/www.iceagetv.com\/radiosite\/wp-json\/wp\/v2\/posts\/17852","targetHints":{"allow":["GET"]}}],"collection":[{"href":"https:\/\/www.iceagetv.com\/radiosite\/wp-json\/wp\/v2\/posts"}],"about":[{"href":"https:\/\/www.iceagetv.com\/radiosite\/wp-json\/wp\/v2\/types\/post"}],"author":[{"embeddable":true,"href":"https:\/\/www.iceagetv.com\/radiosite\/wp-json\/wp\/v2\/users\/2"}],"replies":[{"embeddable":true,"href":"https:\/\/www.iceagetv.com\/radiosite\/wp-json\/wp\/v2\/comments?post=17852"}],"version-history":[{"count":1,"href":"https:\/\/www.iceagetv.com\/radiosite\/wp-json\/wp\/v2\/posts\/17852\/revisions"}],"predecessor-version":[{"id":17854,"href":"https:\/\/www.iceagetv.com\/radiosite\/wp-json\/wp\/v2\/posts\/17852\/revisions\/17854"}],"wp:featuredmedia":[{"embeddable":true,"href":"https:\/\/www.iceagetv.com\/radiosite\/wp-json\/wp\/v2\/media\/17853"}],"wp:attachment":[{"href":"https:\/\/www.iceagetv.com\/radiosite\/wp-json\/wp\/v2\/media?parent=17852"}],"wp:term":[{"taxonomy":"category","embeddable":true,"href":"https:\/\/www.iceagetv.com\/radiosite\/wp-json\/wp\/v2\/categories?post=17852"},{"taxonomy":"post_tag","embeddable":true,"href":"https:\/\/www.iceagetv.com\/radiosite\/wp-json\/wp\/v2\/tags?post=17852"}],"curies":[{"name":"wp","href":"https:\/\/api.w.org\/{rel}","templated":true}]}}