{"id":17855,"date":"2021-02-17T20:02:02","date_gmt":"2021-02-17T20:02:02","guid":{"rendered":"http:\/\/www.iceagetv.com\/radiosite\/?p=17855"},"modified":"2021-02-17T20:02:02","modified_gmt":"2021-02-17T20:02:02","slug":"coronavirus-la-situation-reste-si-fragile-quun-rien-peut-la-faire-basculer-previent-le-gouvernement","status":"publish","type":"post","link":"https:\/\/www.iceagetv.com\/radiosite\/coronavirus-la-situation-reste-si-fragile-quun-rien-peut-la-faire-basculer-previent-le-gouvernement\/","title":{"rendered":"Coronavirus : \u00ab\u00a0La situation reste si fragile qu&rsquo;un rien peut la faire basculer\u00a0\u00bb pr\u00e9vient le gouvernement"},"content":{"rendered":"\n<p> Comme pr\u00e9vu, le gouvernement n&rsquo;a pas annonc\u00e9 de nouvelles restrictions pour lutter contre l&rsquo;\u00e9pid\u00e9mie de coronavirus. Alors que se tenait ce mercredi matin un Conseil de d\u00e9fense sanitaire puis un Conseil des ministres, Gabriel Attal, porte-parole du gouvernement a n\u00e9anmoins\u00a0<strong>\u00e9cart\u00e9 tout assouplissement des mesures<\/strong>. Il serait\u00a0<em>\u00ab\u00a0totalement d\u00e9raisonnable<\/em>\u00a0\u00bb de r\u00e9duire les efforts contre le Covid-19 car les Fran\u00e7ais pourraient \u00ab\u00a0<em>payer tr\u00e8s cher toute forme de rel\u00e2chement<\/em>\u00a0\u00bb a-t-il pr\u00e9venu.  <em>La situation reste si fragile qu&rsquo;un rien peut la faire basculer<\/em>\u00a0\u00bb et \u00ab\u00a0<em>la vigilance reste de mise<\/em>\u00a0\u00bb car \u00ab\u00a0<em>la pression hospitali\u00e8re reste tr\u00e8s forte<\/em>\u00a0\u00bb a d\u00e9clar\u00e9 Gabriel Attal. Depuis deux semaines, la situation \u00e9pid\u00e9mique demeure stable en France mais \u00e0 un niveau \u00e9lev\u00e9. Le nombre de nouveaux cas d\u00e9passe 18.000 par jour en moyenne sur la semaine \u00e9coul\u00e9e et celui des patients hospitalis\u00e9s en r\u00e9animation \u00e9tait mardi de 3.338, au plus haut depuis une semaine. Il a \u00e9galement annonc\u00e9 qu&rsquo;<strong>Olivier V\u00e9ran, ministre de la Sant\u00e9, tiendrait un nouveau point de la situation jeudi<\/strong>. <\/p>\n\n\n\n<h2 class=\"wp-block-heading\">Les Fran\u00e7ais ont \u00ab\u00a0su d\u00e9jouer les pronostics\u00a0\u00bb<\/h2>\n\n\n\n<p>Gabriel Attal a de nouveau salu\u00e9 la \u00ab\u00a0<em>tr\u00e8s grande responsabilit\u00e9 des Fran\u00e7ais<\/em>\u00ab\u00a0, qui \u00ab\u00a0<em>ont su d\u00e9jouer les pronostics<\/em>\u00ab\u00a0, notamment ceux de nombreux scientifiques qui tablaient sur une aggravation de la situation \u00e0 cause de l&rsquo;apparition de variants du virus. Face \u00e0 une \u00ab\u00a0<em>\u00e9pid\u00e9mie impr\u00e9visible<\/em>\u00ab\u00a0, \u00ab\u00a0<em>nous ne sommes pas \u00e0 l&rsquo;heure d&rsquo;envisager l&rsquo;assouplissement des restrictions et des r\u00e9ouvertures dans certains secteurs comme la restauration ou les lieux culturels<\/em>\u00a0\u00bb a-t-il soulign\u00e9. &nbsp;<\/p>\n\n\n\n<p>Le porte-parole du gouvernement a par ailleurs dit \u00ab\u00a0<em>comprendre la frustration des plus de 75 ans<\/em>\u00a0\u00bb qui attendent \u00ab\u00a0<em>souvent le vaccin comme une d\u00e9livrance<\/em>\u00ab\u00a0. \u00ab\u00a0<em>Le rythme de production, de livraison, et celui de l&rsquo;ouverture de rendez-vous ne sont pas \u00e0 la hauteur<\/em>\u00a0\u00bb comme \u00ab\u00a0<em>c&rsquo;est le cas partout dans le monde<\/em>\u00a0\u00bb a-t-il ajout\u00e9, en affirmant que la \u00ab\u00a0<em>m\u00e9canique \u00e9tait bien en route<\/em>\u00a0\u00bb pour \u00ab\u00a0<em>acc\u00e9l\u00e9rer la cadence<\/em>\u00ab\u00a0.&nbsp;<\/p>\n\n\n\n<p>Il a pr\u00e9cis\u00e9 que 75% des r\u00e9sidents des Ehpad et au moins 20% des plus de 75 ans avaient re\u00e7u au moins une dose.&nbsp;<\/p>\n\n\n\n<p><\/p>\n","protected":false},"excerpt":{"rendered":"<p>Comme pr\u00e9vu, le gouvernement n&rsquo;a pas annonc\u00e9 de nouvelles restrictions pour lutter contre l&rsquo;\u00e9pid\u00e9mie de coronavirus. Alors que se tenait ce mercredi matin un Conseil de d\u00e9fense sanitaire puis un Conseil des ministres, Gabriel Attal, porte-parole du gouvernement a n\u00e9anmoins\u00a0\u00e9cart\u00e9 tout assouplissement des mesures. Il serait\u00a0\u00ab\u00a0totalement d\u00e9raisonnable\u00a0\u00bb de r\u00e9duire les efforts contre le Covid-19 car [&hellip;]<\/p>\n","protected":false},"author":2,"featured_media":17856,"comment_status":"open","ping_status":"open","sticky":false,"template":"","format":"standard","meta":{"_jetpack_memberships_contains_paid_content":false,"footnotes":"","jetpack_publicize_message":"","jetpack_publicize_feature_enabled":true,"jetpack_social_post_already_shared":true,"jetpack_social_options":{"image_generator_settings":{"template":"highway","default_image_id":0,"font":"","enabled":false},"version":2},"_wpas_customize_per_network":false},"categories":[405],"tags":[],"class_list":["post-17855","post","type-post","status-publish","format-standard","has-post-thumbnail","hentry","category-actu-france-monde"],"jetpack_publicize_connections":[],"jetpack_featured_media_url":"https:\/\/i0.wp.com\/www.iceagetv.com\/radiosite\/wp-content\/uploads\/2021\/02\/La-situation-reste-si-fragile.png?fit=731%2C414&ssl=1","jetpack_sharing_enabled":true,"_links":{"self":[{"href":"https:\/\/www.iceagetv.com\/radiosite\/wp-json\/wp\/v2\/posts\/17855","targetHints":{"allow":["GET"]}}],"collection":[{"href":"https:\/\/www.iceagetv.com\/radiosite\/wp-json\/wp\/v2\/posts"}],"about":[{"href":"https:\/\/www.iceagetv.com\/radiosite\/wp-json\/wp\/v2\/types\/post"}],"author":[{"embeddable":true,"href":"https:\/\/www.iceagetv.com\/radiosite\/wp-json\/wp\/v2\/users\/2"}],"replies":[{"embeddable":true,"href":"https:\/\/www.iceagetv.com\/radiosite\/wp-json\/wp\/v2\/comments?post=17855"}],"version-history":[{"count":1,"href":"https:\/\/www.iceagetv.com\/radiosite\/wp-json\/wp\/v2\/posts\/17855\/revisions"}],"predecessor-version":[{"id":17857,"href":"https:\/\/www.iceagetv.com\/radiosite\/wp-json\/wp\/v2\/posts\/17855\/revisions\/17857"}],"wp:featuredmedia":[{"embeddable":true,"href":"https:\/\/www.iceagetv.com\/radiosite\/wp-json\/wp\/v2\/media\/17856"}],"wp:attachment":[{"href":"https:\/\/www.iceagetv.com\/radiosite\/wp-json\/wp\/v2\/media?parent=17855"}],"wp:term":[{"taxonomy":"category","embeddable":true,"href":"https:\/\/www.iceagetv.com\/radiosite\/wp-json\/wp\/v2\/categories?post=17855"},{"taxonomy":"post_tag","embeddable":true,"href":"https:\/\/www.iceagetv.com\/radiosite\/wp-json\/wp\/v2\/tags?post=17855"}],"curies":[{"name":"wp","href":"https:\/\/api.w.org\/{rel}","templated":true}]}}