{"id":17872,"date":"2021-02-20T08:05:07","date_gmt":"2021-02-20T08:05:07","guid":{"rendered":"http:\/\/www.iceagetv.com\/radiosite\/?p=17872"},"modified":"2021-02-20T08:05:07","modified_gmt":"2021-02-20T08:05:07","slug":"meteo-plus-de-20c-ce-week-end-la-douceur-va-durer-voici-les-previsions","status":"publish","type":"post","link":"https:\/\/www.iceagetv.com\/radiosite\/meteo-plus-de-20c-ce-week-end-la-douceur-va-durer-voici-les-previsions\/","title":{"rendered":"M\u00e9t\u00e9o : plus de 20\u00b0C ce week-end, la douceur va durer&#8230; voici les pr\u00e9visions"},"content":{"rendered":"\n<p>Alors que la neige et le froid concernaient une grande partie du pays il y a encore une semaine, la m\u00e9t\u00e9o est d\u00e9sormais radicalement diff\u00e9rente avec des conditions printani\u00e8res, entre soleil g\u00e9n\u00e9reux et grande douceur pour quasiment tout le monde. En plein c\u0153ur des vacances d\u2019hiver, la m\u00e9t\u00e9o s\u2019annonce printani\u00e8re ce week-end et les jours suivants gr\u00e2ce au retour de l\u2019anticyclone. Celui-ci va venir se positionner sur l\u2019Europe centrale, maintenant ainsi \u00e0 l\u2019\u00e9cart les perturbations atlantiques et dirigeant sur le pays un flux de secteur sud \u00e0 sud-ouest. Les temp\u00e9ratures, sup\u00e9rieures aux normales de saison depuis le d\u00e9but de semaine, vont poursuivre leur hausse avec la barre des 20\u00b0C r\u00e9guli\u00e8rement d\u00e9pass\u00e9e au sud et parfois approch\u00e9e dans les r\u00e9gions de la moiti\u00e9 nord. Et cela semble \u00eatre parti pour durer\u2026 <\/p>\n\n\n\n<h3 class=\"wp-block-heading\">Des temp\u00e9ratures dignes d\u2019une mi-avril<\/h3>\n\n\n\n<p>Le soleil va se g\u00e9n\u00e9raliser ce samedi avec seulement deux exceptions : l\u2019ouest de la Bretagne et le golfe du Lion. La premi\u00e8re sera concern\u00e9e par des d\u00e9bordements nuageux et quelques averses en provenance de l\u2019Atlantique tandis que la seconde sera sous les entr\u00e9es maritimes apport\u00e9es par un fort vent de sud-est, atteignant les 100 km\/h en rafales sur le littoral. Ce m\u00eame vent apportera \u00e9galement davantage de nuages sur l\u2019est de la Corse. Partout ailleurs, le soleil brillera tr\u00e8s largement avec un vent de sud sensible.Les temp\u00e9ratures seront en nette hausse avec plus aucune gel\u00e9e au r\u00e9veil et des maximales l\u2019apr\u00e8s-midi dignes d\u2019une mi-avril. Il fera 17\u00b0C \u00e0 Caen, Strasbourg et Lyon, 18 \u00e0 Paris et Bourges, 20\u00b0C \u00e0 Perpignan, 21 \u00e0 Tarbes et Bordeaux et jusqu\u2019\u00e0 23\u00b0C \u00e0 Biarritz. Cette m\u00e9t\u00e9o printani\u00e8re se maintiendra dimanche avec ciel toujours aussi lumineux malgr\u00e9 l\u2019apparition d\u2019un voile nuageux d\u2019altitude dans l\u2019ouest. On retrouvera \u00e9galement les m\u00eames exceptions que la veille en Bretagne, sur le Languedoc-Roussillon et l\u2019est de l\u2019\u00eele de beaut\u00e9. Le vent d\u2019autan soufflera \u00e9galement de plus en plus fort. Les temp\u00e9ratures seront \u00e9quivalentes \u00e0 celles de la veille avec des valeurs situ\u00e9es 5 \u00e0 8\u00b0C au-dessus des normales de saison.  <\/p>\n\n\n\n<h3 class=\"wp-block-heading\">D\u00e9gradation lundi, retour du soleil d\u00e8s mardi<\/h3>\n\n\n\n<p>Alors que les \u00e9l\u00e8ves de la zone C retrouveront le chemin de l\u2019\u00e9cole lundi, ceux des zones A et B poursuivront leurs vacances sous un ciel (temporairement) plus charg\u00e9. Une perturbation parviendra en effet \u00e0 s\u2019infiltrer par l\u2019ouest, apportant dans ces r\u00e9gions un temps couvert et faiblement pluvieux. Il neigera \u00e9galement sur les Pyr\u00e9n\u00e9es avec des temp\u00e9ratures perdant en moyenne 3\u00b0C par rapport au week-end. Le flanc est conservera pour sa part des \u00e9claircies. Cette d\u00e9gradation par l&rsquo;ouest sera tr\u00e8s temporaire puisque d\u00e8s mardi, l\u2019anticyclone regonflera. \u00a0 Ainsi, le soleil se montrera \u00e0 nouveau tr\u00e8s g\u00e9n\u00e9reux mardi et mercredi sauf, une fois encore, en Bretagne et dans le Languedoc o\u00f9 le vent de sud apporte de l\u2019humidit\u00e9 et donc des nuages. Le mercure en profitera pour repartir \u00e0 la hausse avec un pic de douceur attendu mercredi, les 20\u00b0C pouvant alors \u00eatre fr\u00f4l\u00e9s du centre \u00e0 l\u2019\u00cele-de-France et jusqu\u2019\u00e0 23-24\u00b0C dans le sud-ouest. La tendance devient plus incertaine \u00e0 partir de jeudi avec des pressions possiblement moins \u00e9lev\u00e9es, permettant aux nuages de se multiplier avec quelques averses, \u00e0 confirmer. Quoiqu\u2019il en soit, la douceur devrait se maintenir au nord comme au sud, et ce jusqu\u2019\u00e0 la fin du mois au moins\u2026\u00a0 <\/p>\n\n\n\n<p><\/p>\n\n\n\n<p><\/p>\n","protected":false},"excerpt":{"rendered":"<p>Alors que la neige et le froid concernaient une grande partie du pays il y a encore une semaine, la m\u00e9t\u00e9o est d\u00e9sormais radicalement diff\u00e9rente avec des conditions printani\u00e8res, entre soleil g\u00e9n\u00e9reux et grande douceur pour quasiment tout le monde. En plein c\u0153ur des vacances d\u2019hiver, la m\u00e9t\u00e9o s\u2019annonce printani\u00e8re ce week-end et les jours [&hellip;]<\/p>\n","protected":false},"author":2,"featured_media":17873,"comment_status":"open","ping_status":"open","sticky":false,"template":"","format":"standard","meta":{"_jetpack_memberships_contains_paid_content":false,"footnotes":"","jetpack_publicize_message":"","jetpack_publicize_feature_enabled":true,"jetpack_social_post_already_shared":true,"jetpack_social_options":{"image_generator_settings":{"template":"highway","default_image_id":0,"font":"","enabled":false},"version":2},"_wpas_customize_per_network":false},"categories":[14],"tags":[],"class_list":["post-17872","post","type-post","status-publish","format-standard","has-post-thumbnail","hentry","category-actu-meteo"],"jetpack_publicize_connections":[],"jetpack_featured_media_url":"https:\/\/i0.wp.com\/www.iceagetv.com\/radiosite\/wp-content\/uploads\/2021\/02\/plus-de-20%C2%B0C-ce-week-end-la-douceur-va-durer...-voici-les-pr%C3%A9visions.jpeg?fit=1280%2C720&ssl=1","jetpack_sharing_enabled":true,"_links":{"self":[{"href":"https:\/\/www.iceagetv.com\/radiosite\/wp-json\/wp\/v2\/posts\/17872","targetHints":{"allow":["GET"]}}],"collection":[{"href":"https:\/\/www.iceagetv.com\/radiosite\/wp-json\/wp\/v2\/posts"}],"about":[{"href":"https:\/\/www.iceagetv.com\/radiosite\/wp-json\/wp\/v2\/types\/post"}],"author":[{"embeddable":true,"href":"https:\/\/www.iceagetv.com\/radiosite\/wp-json\/wp\/v2\/users\/2"}],"replies":[{"embeddable":true,"href":"https:\/\/www.iceagetv.com\/radiosite\/wp-json\/wp\/v2\/comments?post=17872"}],"version-history":[{"count":1,"href":"https:\/\/www.iceagetv.com\/radiosite\/wp-json\/wp\/v2\/posts\/17872\/revisions"}],"predecessor-version":[{"id":17874,"href":"https:\/\/www.iceagetv.com\/radiosite\/wp-json\/wp\/v2\/posts\/17872\/revisions\/17874"}],"wp:featuredmedia":[{"embeddable":true,"href":"https:\/\/www.iceagetv.com\/radiosite\/wp-json\/wp\/v2\/media\/17873"}],"wp:attachment":[{"href":"https:\/\/www.iceagetv.com\/radiosite\/wp-json\/wp\/v2\/media?parent=17872"}],"wp:term":[{"taxonomy":"category","embeddable":true,"href":"https:\/\/www.iceagetv.com\/radiosite\/wp-json\/wp\/v2\/categories?post=17872"},{"taxonomy":"post_tag","embeddable":true,"href":"https:\/\/www.iceagetv.com\/radiosite\/wp-json\/wp\/v2\/tags?post=17872"}],"curies":[{"name":"wp","href":"https:\/\/api.w.org\/{rel}","templated":true}]}}