{"id":17883,"date":"2021-02-21T09:40:11","date_gmt":"2021-02-21T09:40:11","guid":{"rendered":"http:\/\/www.iceagetv.com\/radiosite\/?p=17883"},"modified":"2021-02-21T09:40:11","modified_gmt":"2021-02-21T09:40:11","slug":"le-porte-parole-du-gouvernement-gabriel-attal-dans-le-jdd-il-faut-que-marine-le-pen-soit-reconduite-a-la-frontiere-de-la-vie-politique-par-le-vote-des-francais","status":"publish","type":"post","link":"https:\/\/www.iceagetv.com\/radiosite\/le-porte-parole-du-gouvernement-gabriel-attal-dans-le-jdd-il-faut-que-marine-le-pen-soit-reconduite-a-la-frontiere-de-la-vie-politique-par-le-vote-des-francais\/","title":{"rendered":"Le porte-parole du gouvernement Gabriel Attal, dans le JDD : \u00ab\u00a0Il faut que Marine Le Pen soit reconduite \u00e0 la fronti\u00e8re de la vie politique par le vote des Fran\u00e7ais\u00a0\u00bb"},"content":{"rendered":"\n<p>Le porte-parole du gouvernement Gabriel Attal a dit esp\u00e9rer \u00ab\u00a0un second tour sans l&rsquo;extr\u00eame droite\u00a0\u00bb lors de la pr\u00e9sidentielle de 2022. Dans le Journal du Dimanche, il a par ailleurs estim\u00e9 que \u00ab\u00a0le RN a prosp\u00e9r\u00e9 (&#8230;) parce que les gouvernements pr\u00e9c\u00e9dents ont fui leurs responsabilit\u00e9s\u00a0\u00bb, appelant \u00e0 la mobilisation contre le parti en vue des \u00e9lections.<\/p>\n\n\n\n<p>\u00ab\u00a0Comme beaucoup, je r\u00eave d&rsquo;un second tour sans l&rsquo;extr\u00eame droite, et \u00ab\u00a0je constate \u00e0 l&rsquo;inverse que nos oppositions cherchent \u00e0 tout prix \u00e0 nous affaiblir pour s&rsquo;assurer, elles, un face-\u00e0-face avec Marine Le Pen, a-t-il d\u00e9clar\u00e9, comme si elles \u00e9taient assur\u00e9es de l&#8217;emporter !\u00a0\u00bb.<em>close<\/em><em>volume_off<\/em><\/p>\n\n\n\n<p>Le porte-parole du gouvernement a appel\u00e9 \u00e0 contrer la progression du parti d&rsquo;extr\u00eame-droite pour les prochaines \u00e9lections.<\/p>\n\n\n\n<p>Ne jouons pas avec le feu et mobilisons-nous pour que Marine Le Pen soit reconduite \u00e0 la fronti\u00e8re de la vie politique par le vote des Fran\u00e7ais\u00a0\u00bb, a-t-il poursuivi.<\/p>\n\n\n\n<p>\u00ab\u00a0Lors du vote de ce texte, le RN s&rsquo;abstient alors qu&rsquo;il pr\u00e9tend vouloir combattre les ing\u00e9rences \u00e9trang\u00e8res. La gauche ne nous soutient pas dans notre combat pour la primaut\u00e9 de l&rsquo;\u00e9cole de la R\u00e9publique.<\/p>\n\n\n\n<p>La droite non plus dans la lutte contre l&rsquo;islamisme politique\u00a0\u00bb, a-t-il d\u00e9plor\u00e9. D&rsquo;apr\u00e8s lui, \u00ab\u00a0le danger serait de laisser penser que nous partageons avec le RN les m\u00eames constat et objectifs, et que notre seule diff\u00e9rence serait un degr\u00e9 d&rsquo;efficacit\u00e9\u00a0\u00bb.<\/p>\n\n\n\n<p>Enfin, Gabriel Attal a soutenu que le parti pr\u00e9sidentiel \u00ab\u00a0se bat pour remettre de la R\u00e9publique dans les quartiers, en d\u00e9doublant les classes, en ouvrant des centres de sant\u00e9, en aidant les jeunes m\u00e9ritants \u00e0 acc\u00e9der \u00e0 la fonction publique\u00a0\u00bb.<\/p>\n\n\n\n<p>Des efforts qui contrastent avec la position du Rassemblement national, selon lui. \u00ab\u00a0Sur tous ces sujets, Marine Le Pen n&rsquo;est pas molle : elle est absente\u00a0\u00bb, a-t-il jug\u00e9<\/p>\n\n\n\n<p><\/p>\n","protected":false},"excerpt":{"rendered":"<p>Le porte-parole du gouvernement Gabriel Attal a dit esp\u00e9rer \u00ab\u00a0un second tour sans l&rsquo;extr\u00eame droite\u00a0\u00bb lors de la pr\u00e9sidentielle de 2022. Dans le Journal du Dimanche, il a par ailleurs estim\u00e9 que \u00ab\u00a0le RN a prosp\u00e9r\u00e9 (&#8230;) parce que les gouvernements pr\u00e9c\u00e9dents ont fui leurs responsabilit\u00e9s\u00a0\u00bb, appelant \u00e0 la mobilisation contre le parti en vue [&hellip;]<\/p>\n","protected":false},"author":2,"featured_media":17884,"comment_status":"open","ping_status":"open","sticky":false,"template":"","format":"standard","meta":{"_jetpack_memberships_contains_paid_content":false,"footnotes":"","jetpack_publicize_message":"","jetpack_publicize_feature_enabled":true,"jetpack_social_post_already_shared":true,"jetpack_social_options":{"image_generator_settings":{"template":"highway","default_image_id":0,"font":"","enabled":false},"version":2},"_wpas_customize_per_network":false},"categories":[405],"tags":[],"class_list":["post-17883","post","type-post","status-publish","format-standard","has-post-thumbnail","hentry","category-actu-france-monde"],"jetpack_publicize_connections":[],"jetpack_featured_media_url":"https:\/\/i0.wp.com\/www.iceagetv.com\/radiosite\/wp-content\/uploads\/2021\/02\/Le-porte-parole-du-gouvernement-Gabriel-Attal-dans-le-JDD.jpg?fit=679%2C293&ssl=1","jetpack_sharing_enabled":true,"_links":{"self":[{"href":"https:\/\/www.iceagetv.com\/radiosite\/wp-json\/wp\/v2\/posts\/17883","targetHints":{"allow":["GET"]}}],"collection":[{"href":"https:\/\/www.iceagetv.com\/radiosite\/wp-json\/wp\/v2\/posts"}],"about":[{"href":"https:\/\/www.iceagetv.com\/radiosite\/wp-json\/wp\/v2\/types\/post"}],"author":[{"embeddable":true,"href":"https:\/\/www.iceagetv.com\/radiosite\/wp-json\/wp\/v2\/users\/2"}],"replies":[{"embeddable":true,"href":"https:\/\/www.iceagetv.com\/radiosite\/wp-json\/wp\/v2\/comments?post=17883"}],"version-history":[{"count":1,"href":"https:\/\/www.iceagetv.com\/radiosite\/wp-json\/wp\/v2\/posts\/17883\/revisions"}],"predecessor-version":[{"id":17885,"href":"https:\/\/www.iceagetv.com\/radiosite\/wp-json\/wp\/v2\/posts\/17883\/revisions\/17885"}],"wp:featuredmedia":[{"embeddable":true,"href":"https:\/\/www.iceagetv.com\/radiosite\/wp-json\/wp\/v2\/media\/17884"}],"wp:attachment":[{"href":"https:\/\/www.iceagetv.com\/radiosite\/wp-json\/wp\/v2\/media?parent=17883"}],"wp:term":[{"taxonomy":"category","embeddable":true,"href":"https:\/\/www.iceagetv.com\/radiosite\/wp-json\/wp\/v2\/categories?post=17883"},{"taxonomy":"post_tag","embeddable":true,"href":"https:\/\/www.iceagetv.com\/radiosite\/wp-json\/wp\/v2\/tags?post=17883"}],"curies":[{"name":"wp","href":"https:\/\/api.w.org\/{rel}","templated":true}]}}