{"id":17895,"date":"2021-02-22T17:27:18","date_gmt":"2021-02-22T17:27:18","guid":{"rendered":"http:\/\/www.iceagetv.com\/radiosite\/?p=17895"},"modified":"2021-02-22T17:27:18","modified_gmt":"2021-02-22T17:27:18","slug":"alpes-maritimes-le-prefet-annonce-un-confinement-pendant-deux-week-ends-de-la-zone-urbaine-littorale-de-theoule-sur-mer-a-menton","status":"publish","type":"post","link":"https:\/\/www.iceagetv.com\/radiosite\/alpes-maritimes-le-prefet-annonce-un-confinement-pendant-deux-week-ends-de-la-zone-urbaine-littorale-de-theoule-sur-mer-a-menton\/","title":{"rendered":"Alpes-Maritimes &#8211; Le pr\u00e9fet annonce \u00ab\u00a0un confinement pendant deux week-ends de la zone urbaine littorale de Th\u00e9oule-sur-Mer \u00e0 Menton\u00a0\u00bb"},"content":{"rendered":"\n<p>Ecoles et garderies ont rouvert lundi, apr\u00e8s deux mois de fermeture, dans une grande partie de l&rsquo;Allemagne malgr\u00e9 la crainte d&rsquo;une troisi\u00e8me vague \u00e9pid\u00e9mique provoqu\u00e9e par la diffusion du variant britannique. Les enfants ont repris lundi matin le chemin de la garderie ou de l&rsquo;\u00e9cole dans 10 des 16 Etats-r\u00e9gions allemands. Ils l&rsquo;avaient d\u00e9j\u00e0 repris la semaine derni\u00e8re dans deux autres L\u00e4nder, la Basse-Saxe et la Saxe. \u00ab\u00a0Il est bon que de nombreuses \u00e9coles en Allemagne reprennent progressivement l&rsquo;enseignement en face \u00e0 face\u00a0\u00bb, a estim\u00e9 la ministre de l&rsquo;Education, Anja Karliczek, aupr\u00e8s de l&rsquo;agence DPA. \u00ab\u00a0Les enfants, surtout les plus jeunes, ont besoin les uns des autres\u00a0\u00bb. La chanceli\u00e8re Angela Merkel a elle-m\u00eame admis lundi que le d\u00e9sir d&rsquo;assouplissement des restrictions \u00e9tait \u00e9lev\u00e9 en Allemagne, ce qu\u2019elle a dit comprendre, selon des propos tenus lundi matin dans le huis clos d&rsquo;une r\u00e9union des dirigeants du parti chr\u00e9tien-d\u00e9mocrate (CDU) et rapport\u00e9s par un participant \u00e0 l&rsquo;AFP.<\/p>\n\n\n\n<p>Les cours, interrompus en pr\u00e9sentiel depuis la mi-d\u00e9cembre, reprennent toutefois dans des conditions sanitaires drastiques, avec des classes alternant en demi-groupes ou des effectifs fixes qui ne pourront croiser les autres \u00e9l\u00e8ves. Le gouvernement pr\u00e9voit en outre d&rsquo;acc\u00e9l\u00e9rer la vaccination des enseignants et \u00e9ducateurs. Des annonces en ce sens pourraient \u00eatre faites lundi apr\u00e8s une r\u00e9union entre les ministres de la Sant\u00e9 r\u00e9gionaux et le gouvernement d&rsquo;Angela Merkel. Le million d&rsquo;\u00e9ducateurs et enseignants passeraient ainsi au rang de \u00ab\u00a0priorit\u00e9 \u00e9lev\u00e9e\u00a0\u00bb pour \u00eatre vaccin\u00e9s, malgr\u00e9 les r\u00e9serves de la Commission allemande de la vaccination (STIKO), qui veut privil\u00e9gier les patients les plus vuln\u00e9rables. Des tests gratuits et des auto-tests \u00e0 un euro sont aussi attendus d\u00e8s le 1er mars, une promesse du ministre de la Sant\u00e9, Jens Spahn, que l&rsquo;opposition mais aussi les associations des m\u00e9decins ou de pharmaciens jugent difficile \u00e0 tenir.<em>close<\/em><em>volume_off<\/em><\/p>\n\n\n\n<p>Malgr\u00e9 des restrictions drastiques r\u00e9guli\u00e8rement prolong\u00e9es depuis deux mois, l&rsquo;Allemagne a toutes les peines, du fait notamment de la diffusion du variant britannique, \u00e0 endiguer la pand\u00e9mie, qui a fait pr\u00e8s de 68.000 morts. Le taux d&rsquo;incidence sur sept jours s\u2019\u00e9levait ainsi lundi \u00e0 61 (contre 60,2 dimanche), loin du plafond de 35 en de\u00e7\u00e0 duquel des assouplissements peuvent \u00eatre introduits. \u00ab\u00a0Le verrouillage est suffisamment fort contre le virus originel. Mais les nouveaux variants continuent de se d\u00e9velopper\u00a0\u00bb, s&rsquo;inqui\u00e8te Karl Lauterbach, expert des questions de sant\u00e9 au sein du parti social-d\u00e9mocrate. Pour lui, l&rsquo;Allemagne est \u00ab\u00a0au d\u00e9but d&rsquo;une troisi\u00e8me vague\u00a0\u00bb de contamination.<\/p>\n\n\n\n<p>\u00ab\u00a0La mutation vient malheureusement d\u00e9truire en ce moment notre bonne \u00e9volution\u00a0\u00bb, a rench\u00e9ri lundi matin le bras droit d&rsquo;Angela Merkel \u00e0 la chancellerie, Helge Braun. Le ministre de la Sant\u00e9 a dans ce contexte douch\u00e9 les espoirs de ceux qui esp\u00e9raient des assouplissements, y compris avec un taux d&rsquo;incidence sup\u00e9rieur \u00e0 35. Gouvernement et pr\u00e9sidents de r\u00e9gion se retrouveront le 3 mars pour en d\u00e9battre. \u00ab\u00a0Tout le monde veut un plan de trois et six mois, mais ce n&rsquo;est pas possible pour l&rsquo;instant. Je pense qu&rsquo;il ne faut pas faire de fausses promesses\u00a0\u00bb, a pr\u00e9venu M. Spahn sur ARD, \u00e9voquant m\u00eame un abaissement \u00e0 10 du plafond d&rsquo;incidence permettant d&rsquo;assouplir les restrictions. La chanceli\u00e8re Merkel a toutefois promis que des sc\u00e9narios d&rsquo;assouplissement allaient \u00eatre \u00e9labor\u00e9s par un groupe de travail gouvernemental \u00e0 parti de mardi dans les domaines des contacts personnels, des \u00e9coles et garderies, ainsi que pour les lieux culturels, sportifs et la restauration.<\/p>\n\n\n\n<p><strong>12h59: Le point sur ce qu&rsquo;il faut retenir des annonces du pr\u00e9fet des Alpes-Maritimes<br><\/strong><\/p>\n\n\n\n<p>Des mesures de confinement vont \u00eatre mises en oeuvre pour les deux prochains week-ends dans les communes du littoral des Alpes-Maritimes pour lutter contre la propagation du Covid-19, a annonc\u00e9 lundi le pr\u00e9fet Bernard Gonzalez.<\/p>\n\n\n\n<p>Des sorties d&rsquo;une heure seront autoris\u00e9es avec d\u00e9rogation (m\u00e9decins, animaux de compagnie, sport, promenade) dans un rayon de 5km du domicile du vendredi 18H00 au lundi 06H00 dans une zone s&rsquo;\u00e9tendant de Th\u00e9oule-sur-Mer \u00e0 Menton, qui concentre pr\u00e8s de 90% de la population du d\u00e9partement.<\/p>\n\n\n\n<p>Une telle mesure de confinement territorialis\u00e9 est une premi\u00e8re depuis le d\u00e9but de la crise sanitaire sur le territoire m\u00e9tropolitain.<\/p>\n\n\n\n<p>Par ailleurs, pour 15 jours \u00e0 compter de mardi, les commerces de plus de 5.000m2, sauf les pharmacies et les commerces alimentaires, seront par ailleurs ferm\u00e9s dans le d\u00e9partement, a pr\u00e9cis\u00e9 au cours d&rsquo;une conf\u00e9rence de presse le pr\u00e9fet.<\/p>\n\n\n\n<p>Pour les commerces de plus de 400m2, la jauge passera de 10 \u00e0 15 m2 par visiteur. Le pr\u00e9fet qui a appel\u00e9 \u00e0 ce que les gestes barri\u00e8re soient \u00abappliqu\u00e9s tr\u00e8s strictement\u00bb, a notamment demand\u00e9 \u00abaux exploitants de commerce\u00bb concern\u00e9s \u00abde se doter d&rsquo;un m\u00e9diateur Covid\u00bb charg\u00e9 de faire respecter les r\u00e8gles.<\/p>\n\n\n\n<p>Les contr\u00f4les \u00e0 la fronti\u00e8re italienne seront \u00e9galement renforc\u00e9s, comme les contr\u00f4les dans les a\u00e9roports, a poursuivi le pr\u00e9fet, \u00e9voquant la possibilit\u00e9 de faire passer un test PCR \u00e0 l&rsquo;ensemble des passagers d&rsquo;un vol.<\/p>\n\n\n\n<p>Le pr\u00e9fet a \u00e9galement annonc\u00e9 une \u00abacc\u00e9l\u00e9ration\u00bb de la campagne vaccinale dans le d\u00e9partement, o\u00f9 environ 4.500 doses du vaccin Pfizer doivent \u00eatre r\u00e9ceptionn\u00e9es dans les prochains jours &#8211;soit 1.000 de plus que ce qu&rsquo;avaient d\u00e9j\u00e0 promis les autorit\u00e9s lors de la visite du ministre de la Sant\u00e9 Olivier V\u00e9ran \u00e0 Nice samedi.<\/p>\n\n\n\n<p>Enfin, la possibilit\u00e9 de se faire vacciner sera offerte aux personnes \u00e2g\u00e9es de 59 \u00e0 64 ans et souffrant de comorbidit\u00e9s: dans cet objectif, de nombreuses doses du vaccin d&rsquo;AstraZeneca doivent \u00eatre envoy\u00e9es dans les Alpes-Maritimes prochainement, a encore assur\u00e9 M. Gonzalez.<\/p>\n","protected":false},"excerpt":{"rendered":"<p>Ecoles et garderies ont rouvert lundi, apr\u00e8s deux mois de fermeture, dans une grande partie de l&rsquo;Allemagne malgr\u00e9 la crainte d&rsquo;une troisi\u00e8me vague \u00e9pid\u00e9mique provoqu\u00e9e par la diffusion du variant britannique. Les enfants ont repris lundi matin le chemin de la garderie ou de l&rsquo;\u00e9cole dans 10 des 16 Etats-r\u00e9gions allemands. Ils l&rsquo;avaient d\u00e9j\u00e0 repris [&hellip;]<\/p>\n","protected":false},"author":2,"featured_media":17896,"comment_status":"open","ping_status":"open","sticky":false,"template":"","format":"standard","meta":{"_jetpack_memberships_contains_paid_content":false,"footnotes":"","jetpack_publicize_message":"","jetpack_publicize_feature_enabled":true,"jetpack_social_post_already_shared":true,"jetpack_social_options":{"image_generator_settings":{"template":"highway","default_image_id":0,"font":"","enabled":false},"version":2},"_wpas_customize_per_network":false},"categories":[405],"tags":[],"class_list":["post-17895","post","type-post","status-publish","format-standard","has-post-thumbnail","hentry","category-actu-france-monde"],"jetpack_publicize_connections":[],"jetpack_featured_media_url":"https:\/\/i0.wp.com\/www.iceagetv.com\/radiosite\/wp-content\/uploads\/2021\/02\/Le-pr%C3%A9fet-annonce-un-confinement-pendant-deux-week-ends-de-la-zone-urbaine-littorale-de-Th%C3%A9oule-sur-Mer-%C3%A0-Menton.png?fit=310%2C126&ssl=1","jetpack_sharing_enabled":true,"_links":{"self":[{"href":"https:\/\/www.iceagetv.com\/radiosite\/wp-json\/wp\/v2\/posts\/17895","targetHints":{"allow":["GET"]}}],"collection":[{"href":"https:\/\/www.iceagetv.com\/radiosite\/wp-json\/wp\/v2\/posts"}],"about":[{"href":"https:\/\/www.iceagetv.com\/radiosite\/wp-json\/wp\/v2\/types\/post"}],"author":[{"embeddable":true,"href":"https:\/\/www.iceagetv.com\/radiosite\/wp-json\/wp\/v2\/users\/2"}],"replies":[{"embeddable":true,"href":"https:\/\/www.iceagetv.com\/radiosite\/wp-json\/wp\/v2\/comments?post=17895"}],"version-history":[{"count":1,"href":"https:\/\/www.iceagetv.com\/radiosite\/wp-json\/wp\/v2\/posts\/17895\/revisions"}],"predecessor-version":[{"id":17897,"href":"https:\/\/www.iceagetv.com\/radiosite\/wp-json\/wp\/v2\/posts\/17895\/revisions\/17897"}],"wp:featuredmedia":[{"embeddable":true,"href":"https:\/\/www.iceagetv.com\/radiosite\/wp-json\/wp\/v2\/media\/17896"}],"wp:attachment":[{"href":"https:\/\/www.iceagetv.com\/radiosite\/wp-json\/wp\/v2\/media?parent=17895"}],"wp:term":[{"taxonomy":"category","embeddable":true,"href":"https:\/\/www.iceagetv.com\/radiosite\/wp-json\/wp\/v2\/categories?post=17895"},{"taxonomy":"post_tag","embeddable":true,"href":"https:\/\/www.iceagetv.com\/radiosite\/wp-json\/wp\/v2\/tags?post=17895"}],"curies":[{"name":"wp","href":"https:\/\/api.w.org\/{rel}","templated":true}]}}