{"id":17908,"date":"2021-02-23T19:51:07","date_gmt":"2021-02-23T19:51:07","guid":{"rendered":"http:\/\/www.iceagetv.com\/radiosite\/?p=17908"},"modified":"2021-02-23T19:51:07","modified_gmt":"2021-02-23T19:51:07","slug":"gerard-depardieu-a-ete-mis-en-examen-pour-viols-et-agressions-sexuelles-sur-une-jeune-comedienne-la-plaignante-avait-denonce-a-la-gendarmerie-fin-aout-2018-avoir-ete-violee-a-deux-reprises","status":"publish","type":"post","link":"https:\/\/www.iceagetv.com\/radiosite\/gerard-depardieu-a-ete-mis-en-examen-pour-viols-et-agressions-sexuelles-sur-une-jeune-comedienne-la-plaignante-avait-denonce-a-la-gendarmerie-fin-aout-2018-avoir-ete-violee-a-deux-reprises\/","title":{"rendered":"G\u00e9rard Depardieu a \u00e9t\u00e9 mis en examen pour \u00ab\u00a0viols\u00a0\u00bb et \u00ab\u00a0agressions sexuelles\u00a0\u00bb sur une jeune com\u00e9dienne &#8211; La plaignante, avait d\u00e9nonc\u00e9 \u00e0 la gendarmerie fin ao\u00fbt 2018 avoir \u00e9t\u00e9 viol\u00e9e \u00e0 deux reprises au domicile parisien de la star"},"content":{"rendered":"\n<p>G\u00e9rard Depardieu a \u00e9t\u00e9 mis en examen le 16 d\u00e9cembre 2020 pour \u00abviols\u00bb et \u00abagressions sexuelles\u00bb sur une jeune com\u00e9dienne, a-t-on appris ce mardi. Les faits remonteraient \u00e0 l&rsquo;\u00e9t\u00e9 2018. Des accusations que l\u2019acteur de 72 ans conteste fermement.<\/p>\n\n\n\n<p>La plaignante, qui avait d\u00e9nonc\u00e9 \u00e0 la gendarmerie fin ao\u00fbt 2018 avoir \u00e9t\u00e9 viol\u00e9e \u00e0 deux reprises au domicile parisien de la star quelques jours plus t\u00f4t, avait obtenu \u00e0 l&rsquo;\u00e9t\u00e9 2020 que cette enqu\u00eate, d&rsquo;abord class\u00e9e par le parquet de Paris, soit confi\u00e9e \u00e0 un juge d&rsquo;instruction. L&rsquo;avocat de l&rsquo;acteur, Me Herv\u00e9 T\u00e9mime, contact\u00e9 par l&rsquo;AFP, a \u00abd\u00e9plor\u00e9 que cette information soit rendue publique\u00bb. G\u00e9rard Depardieu, qui a \u00e9t\u00e9 laiss\u00e9 libre sans contr\u00f4le judiciaire, \u00abconteste totalement les faits qui lui sont reproch\u00e9s\u00bb, a indiqu\u00e9 son avocat.<\/p>\n\n\n\n<p>La jeune actrice d&rsquo;une vingtaine d&rsquo;ann\u00e9es avait initialement d\u00e9pos\u00e9 plainte en se rendant \u00e0 la gendarmerie de Lambesc (Bouches-du-Rh\u00f4ne) fin ao\u00fbt 2018. Sur proc\u00e8s-verbal, elle accusait l&rsquo;acteur de deux viols et agressions sexuelles qui se seraient d\u00e9roul\u00e9s au domicile parisien de la star, un h\u00f4tel particulier du VIe arrondissement, les 7 et 13 ao\u00fbt 2018.<\/p>\n\n\n\n<p>Selon une source proche du dossier, l&rsquo;acteur est un ami de la famille de la victime. \u00abIl n&rsquo;y avait absolument rien de professionnel l\u00e0-dedans\u00bb, a affirm\u00e9 cette source, alors que la presse avait \u00e9voqu\u00e9 une r\u00e9p\u00e9tition de th\u00e9\u00e2tre.<\/p>\n\n\n\n<p>La proc\u00e9dure judiciaire ouverte \u00e0 Aix-en-Provence contre l&rsquo;acteur fran\u00e7ais, \u00e9galement citoyen russe depuis 2013, avait \u00e9t\u00e9 rapatri\u00e9e \u00e0 Paris. Le 4 juin 2019, le minist\u00e8re public avait toutefois class\u00e9 sans suite ses neuf mois d&rsquo;enqu\u00eate pr\u00e9liminaire en expliquant que \u00ables nombreuses investigations r\u00e9alis\u00e9es\u00bb n&rsquo;avaient \u00abpas permis de caract\u00e9riser les infractions d\u00e9nonc\u00e9es dans tous leurs \u00e9l\u00e9ments constitutifs\u00bb.<\/p>\n\n\n\n<p>Une confrontation entre l&rsquo;acteur et la jeune com\u00e9dienne, jamais \u00e9bruit\u00e9e jusqu&rsquo;ici, avait notamment eu lieu dans les locaux de la police judiciaire parisienne, a indiqu\u00e9 une source proche du dossier \u00e0 l&rsquo;AFP.<\/p>\n\n\n\n<p>La plaignante a ensuite obtenu mi-ao\u00fbt 2020 la reprise de l&rsquo;enqu\u00eate via une plainte avec constitution de partie civile, un recours qui permet la d\u00e9signation quasi automatique d&rsquo;un juge pour relancer les investigations.<\/p>\n\n\n\n<p>Contact\u00e9e par l&rsquo;AFP, l&rsquo;avocate de la plaignante, Me Elodie Tuaillon-Hibon, a demand\u00e9 que \u00abl&rsquo;intimit\u00e9 et la vie priv\u00e9e de (sa) cliente soient pr\u00e9serv\u00e9es\u00bb.<\/p>\n\n\n\n<p><\/p>\n","protected":false},"excerpt":{"rendered":"<p>G\u00e9rard Depardieu a \u00e9t\u00e9 mis en examen le 16 d\u00e9cembre 2020 pour \u00abviols\u00bb et \u00abagressions sexuelles\u00bb sur une jeune com\u00e9dienne, a-t-on appris ce mardi. Les faits remonteraient \u00e0 l&rsquo;\u00e9t\u00e9 2018. Des accusations que l\u2019acteur de 72 ans conteste fermement. La plaignante, qui avait d\u00e9nonc\u00e9 \u00e0 la gendarmerie fin ao\u00fbt 2018 avoir \u00e9t\u00e9 viol\u00e9e \u00e0 deux [&hellip;]<\/p>\n","protected":false},"author":2,"featured_media":17909,"comment_status":"open","ping_status":"open","sticky":false,"template":"","format":"standard","meta":{"_jetpack_memberships_contains_paid_content":false,"footnotes":"","jetpack_publicize_message":"","jetpack_publicize_feature_enabled":true,"jetpack_social_post_already_shared":true,"jetpack_social_options":{"image_generator_settings":{"template":"highway","default_image_id":0,"font":"","enabled":false},"version":2},"_wpas_customize_per_network":false},"categories":[405],"tags":[],"class_list":["post-17908","post","type-post","status-publish","format-standard","has-post-thumbnail","hentry","category-actu-france-monde"],"jetpack_publicize_connections":[],"jetpack_featured_media_url":"https:\/\/i0.wp.com\/www.iceagetv.com\/radiosite\/wp-content\/uploads\/2021\/02\/G%C3%A9rard-Depardieu-a-%C3%A9t%C3%A9-mis-en-examen.jpg?fit=679%2C293&ssl=1","jetpack_sharing_enabled":true,"_links":{"self":[{"href":"https:\/\/www.iceagetv.com\/radiosite\/wp-json\/wp\/v2\/posts\/17908","targetHints":{"allow":["GET"]}}],"collection":[{"href":"https:\/\/www.iceagetv.com\/radiosite\/wp-json\/wp\/v2\/posts"}],"about":[{"href":"https:\/\/www.iceagetv.com\/radiosite\/wp-json\/wp\/v2\/types\/post"}],"author":[{"embeddable":true,"href":"https:\/\/www.iceagetv.com\/radiosite\/wp-json\/wp\/v2\/users\/2"}],"replies":[{"embeddable":true,"href":"https:\/\/www.iceagetv.com\/radiosite\/wp-json\/wp\/v2\/comments?post=17908"}],"version-history":[{"count":1,"href":"https:\/\/www.iceagetv.com\/radiosite\/wp-json\/wp\/v2\/posts\/17908\/revisions"}],"predecessor-version":[{"id":17910,"href":"https:\/\/www.iceagetv.com\/radiosite\/wp-json\/wp\/v2\/posts\/17908\/revisions\/17910"}],"wp:featuredmedia":[{"embeddable":true,"href":"https:\/\/www.iceagetv.com\/radiosite\/wp-json\/wp\/v2\/media\/17909"}],"wp:attachment":[{"href":"https:\/\/www.iceagetv.com\/radiosite\/wp-json\/wp\/v2\/media?parent=17908"}],"wp:term":[{"taxonomy":"category","embeddable":true,"href":"https:\/\/www.iceagetv.com\/radiosite\/wp-json\/wp\/v2\/categories?post=17908"},{"taxonomy":"post_tag","embeddable":true,"href":"https:\/\/www.iceagetv.com\/radiosite\/wp-json\/wp\/v2\/tags?post=17908"}],"curies":[{"name":"wp","href":"https:\/\/api.w.org\/{rel}","templated":true}]}}