{"id":17911,"date":"2021-02-24T17:24:01","date_gmt":"2021-02-24T17:24:01","guid":{"rendered":"http:\/\/www.iceagetv.com\/radiosite\/?p=17911"},"modified":"2021-02-24T17:24:01","modified_gmt":"2021-02-24T17:24:01","slug":"covid-19-olivier-veran-demande-la-mise-en-place-dun-confinement-le-week-end-dans-lagglomeration-de-dunkerque-des-vendredi-soir","status":"publish","type":"post","link":"https:\/\/www.iceagetv.com\/radiosite\/covid-19-olivier-veran-demande-la-mise-en-place-dun-confinement-le-week-end-dans-lagglomeration-de-dunkerque-des-vendredi-soir\/","title":{"rendered":"Covid-19 : Olivier V\u00e9ran demande la mise en place d&rsquo;un confinement le week-end dans l&rsquo;agglom\u00e9ration de Dunkerque, d\u00e8s vendredi soir"},"content":{"rendered":"\n<p><a href=\"https:\/\/www.francetvinfo.fr\/sante\/maladie\/coronavirus\/confinement\/covid-19-a-dunkerque-le-taux-d-incidence-depasse-les-900-cas-le-maire-demande-un-entretien-urgent-avec-le-premier-ministre_4307145.html\">Dunkerque<\/a>&nbsp;va sans aucun doute conna\u00eetre le m\u00eame sort que le&nbsp;<a href=\"https:\/\/www.francetvinfo.fr\/sante\/maladie\/coronavirus\/confinement-partiel-dans-les-alpes-maritimes-comment-expliquer-que-le-departement-soit-le-plus-touche-de-l-hexagone_4306911.html\">littoral des Alpes-Maritimes<\/a>. En visite dans la ville, le ministre de la Sant\u00e9 Olivier V\u00e9ran a annonc\u00e9 avoir demand\u00e9 au pr\u00e9fet que l&rsquo;agglom\u00e9ration nordiste, en proie \u00e0 une flamb\u00e9e de l&rsquo;\u00e9pid\u00e9mie de&nbsp;<a href=\"https:\/\/www.francetvinfo.fr\/sante\/maladie\/coronavirus\/\" target=\"_blank\" rel=\"noreferrer noopener\">Covid-19<\/a>&nbsp;attis\u00e9e par le variant B117, soit plac\u00e9e en confinement durant le week-end. Suivez notre direct.<\/p>\n\n\n\n<p><strong>&nbsp;Castex prendra la parole jeudi.<\/strong>&nbsp;Les restrictions sanitaires locales, comme celles mises en place sur le littoral des Alpes-Maritimes, vont-elles se multiplier en France hexagonale&nbsp;?&nbsp;La situation&nbsp;<em>\u00ab\u00a0se d\u00e9grade\u00a0\u00bb<\/em>&nbsp;et&nbsp;<em>\u00ab\u00a0est tr\u00e8s pr\u00e9occupante dans une dizaine de d\u00e9partements\u00a0\u00bb<\/em>, a en tout cas d\u00e9clar\u00e9 mercredi 24&nbsp;f\u00e9vrier le porte-parole du gouvernement, Gabriel Attal, \u00e0 l&rsquo;issue du Conseil des ministres. Cette d\u00e9gradation&nbsp;<em>\u00ab\u00a0impose des mesures rapides et fortes\u00a0\u00bb<\/em>, a pr\u00e9cis\u00e9 le porte-parole, en indiquant que le Premier ministre, Jean Castex, tiendrait une conf\u00e9rence de presse jeudi.<\/p>\n\n\n\n<p><strong>&nbsp;Le groupe Accor \u00e0 la peine \u00e0 cause de la pand\u00e9mie.&nbsp;<\/strong><a href=\"https:\/\/www.francetvinfo.fr\/economie\/emploi\/metiers\/restauration-hotellerie-sports-loisirs\/\" target=\"_blank\" rel=\"noreferrer noopener\">Le g\u00e9ant fran\u00e7ais Accor<\/a>&nbsp;a perdu deux milliards d&rsquo;euros en 2020 \u00e0 cause de la pand\u00e9mie de Covid-19 qui a ravag\u00e9 le tourisme, faisant chuter son activit\u00e9 de 60%.&nbsp;Le sixi\u00e8me groupe h\u00f4telier mondial, qui poss\u00e8de des enseignes comme Ibis, Sofitel, Novotel, Mercure ou Pullman, a vu son chiffre d&rsquo;affaires tomber \u00e0 1,61&nbsp;milliard d&rsquo;euros, et a subi une perte nette de 1,98&nbsp;milliard d&rsquo;euros.&nbsp;<\/p>\n\n\n\n<p><strong>&nbsp;Retour de l&rsquo;attestation.&nbsp;<\/strong>A Nice, cinqui\u00e8me ville de France, et sur tout le littoral des Alpes-Maritimes, les habitants vont devoir vivre les deux prochains week-ends (27-28 f\u00e9vrier, 6-7 mars), derniers des vacances scolaires, sous la contrainte d&rsquo;un confinement qui s&rsquo;ajoutera au couvre-feu de 18 heures d\u00e9j\u00e0 en place du lundi au vendredi.<\/p>\n\n\n\n<p><strong>&nbsp;Garantir l&rsquo;acc\u00e8s mondial aux vaccins.&nbsp;<\/strong>Le pr\u00e9sident mexicain Andres Manuel Lopez Obrador&nbsp;a demand\u00e9 une intervention de l&rsquo;ONU pour s&rsquo;assurer que tous les pays aient acc\u00e8s aux vaccins.&nbsp;<em>\u00ab\u00a0Il y a plus de 100 pays qui n&rsquo;ont pas une seule dose de vaccin. C&rsquo;est totalement injuste. O\u00f9 est la fraternit\u00e9 universelle ? L&rsquo;ONU doit intervenir\u00a0\u00bb<\/em>, a-t-il lanc\u00e9.<\/p>\n\n\n\n<p><strong>&nbsp;Faux tests au Guatemala.&nbsp;<\/strong>L&rsquo;achat de 30 000 faux tests de d\u00e9pistage du Covid-19 par le minist\u00e8re guat\u00e9malt\u00e8que de la Sant\u00e9 suscite un toll\u00e9 dans le pays, o\u00f9 le parquet anticorruption a \u00e9t\u00e9 saisi de cette fraude dans laquelle le fabricant am\u00e9ricain Atila Biosystems nie \u00eatre impliqu\u00e9.<\/p>\n","protected":false},"excerpt":{"rendered":"<p>Dunkerque&nbsp;va sans aucun doute conna\u00eetre le m\u00eame sort que le&nbsp;littoral des Alpes-Maritimes. En visite dans la ville, le ministre de la Sant\u00e9 Olivier V\u00e9ran a annonc\u00e9 avoir demand\u00e9 au pr\u00e9fet que l&rsquo;agglom\u00e9ration nordiste, en proie \u00e0 une flamb\u00e9e de l&rsquo;\u00e9pid\u00e9mie de&nbsp;Covid-19&nbsp;attis\u00e9e par le variant B117, soit plac\u00e9e en confinement durant le week-end. Suivez notre direct. [&hellip;]<\/p>\n","protected":false},"author":2,"featured_media":17912,"comment_status":"open","ping_status":"open","sticky":false,"template":"","format":"standard","meta":{"_jetpack_memberships_contains_paid_content":false,"footnotes":"","jetpack_publicize_message":"","jetpack_publicize_feature_enabled":true,"jetpack_social_post_already_shared":true,"jetpack_social_options":{"image_generator_settings":{"template":"highway","default_image_id":0,"font":"","enabled":false},"version":2},"_wpas_customize_per_network":false},"categories":[405],"tags":[],"class_list":["post-17911","post","type-post","status-publish","format-standard","has-post-thumbnail","hentry","category-actu-france-monde"],"jetpack_publicize_connections":[],"jetpack_featured_media_url":"https:\/\/i0.wp.com\/www.iceagetv.com\/radiosite\/wp-content\/uploads\/2021\/02\/Olivier-V%C3%A9ran-demande-la-mise-en-place-dun-confinement-le-week-end-dans-lagglom%C3%A9ration-de-Dunkerque.jpg?fit=770%2C433&ssl=1","jetpack_sharing_enabled":true,"_links":{"self":[{"href":"https:\/\/www.iceagetv.com\/radiosite\/wp-json\/wp\/v2\/posts\/17911","targetHints":{"allow":["GET"]}}],"collection":[{"href":"https:\/\/www.iceagetv.com\/radiosite\/wp-json\/wp\/v2\/posts"}],"about":[{"href":"https:\/\/www.iceagetv.com\/radiosite\/wp-json\/wp\/v2\/types\/post"}],"author":[{"embeddable":true,"href":"https:\/\/www.iceagetv.com\/radiosite\/wp-json\/wp\/v2\/users\/2"}],"replies":[{"embeddable":true,"href":"https:\/\/www.iceagetv.com\/radiosite\/wp-json\/wp\/v2\/comments?post=17911"}],"version-history":[{"count":1,"href":"https:\/\/www.iceagetv.com\/radiosite\/wp-json\/wp\/v2\/posts\/17911\/revisions"}],"predecessor-version":[{"id":17913,"href":"https:\/\/www.iceagetv.com\/radiosite\/wp-json\/wp\/v2\/posts\/17911\/revisions\/17913"}],"wp:featuredmedia":[{"embeddable":true,"href":"https:\/\/www.iceagetv.com\/radiosite\/wp-json\/wp\/v2\/media\/17912"}],"wp:attachment":[{"href":"https:\/\/www.iceagetv.com\/radiosite\/wp-json\/wp\/v2\/media?parent=17911"}],"wp:term":[{"taxonomy":"category","embeddable":true,"href":"https:\/\/www.iceagetv.com\/radiosite\/wp-json\/wp\/v2\/categories?post=17911"},{"taxonomy":"post_tag","embeddable":true,"href":"https:\/\/www.iceagetv.com\/radiosite\/wp-json\/wp\/v2\/tags?post=17911"}],"curies":[{"name":"wp","href":"https:\/\/api.w.org\/{rel}","templated":true}]}}