{"id":17914,"date":"2021-02-24T17:25:43","date_gmt":"2021-02-24T17:25:43","guid":{"rendered":"http:\/\/www.iceagetv.com\/radiosite\/?p=17914"},"modified":"2021-02-24T17:25:43","modified_gmt":"2021-02-24T17:25:43","slug":"essonne-ce-que-lon-sait-de-laffrontement-entre-deux-bandes-dadolescents-qui-a-fait-un-mort-a-boussy-saint-antoine","status":"publish","type":"post","link":"https:\/\/www.iceagetv.com\/radiosite\/essonne-ce-que-lon-sait-de-laffrontement-entre-deux-bandes-dadolescents-qui-a-fait-un-mort-a-boussy-saint-antoine\/","title":{"rendered":"Essonne : ce que l&rsquo;on sait de l&rsquo;affrontement entre deux bandes d&rsquo;adolescents qui a fait un mort \u00e0 Boussy-Saint-Antoine"},"content":{"rendered":"\n<p>Le d\u00e9partement de l&rsquo;Essonne a connu un encha\u00eenement dramatique, mardi 23&nbsp;f\u00e9vrier. Quelques heures apr\u00e8s l&rsquo;annonce de&nbsp;<a href=\"https:\/\/www.francetvinfo.fr\/faits-divers\/ce-que-l-on-sait-de-la-mort-d-une-adolescente-de-14-ans-poignardee-lors-d-une-rixe-dans-l-essonne_4308123.html\">la mort d&rsquo;une adolescente de 14&nbsp;ans<\/a>&nbsp;poignard\u00e9e la veille lors d&rsquo;une rixe \u00e0 Saint-Ch\u00e9ron, un autre affrontement entre bandes rivales a \u00e9clat\u00e9 \u00e0 Boussy-Saint-Antoine, dans ce m\u00eame d\u00e9partement.<\/p>\n\n\n\n<p><a href=\"https:\/\/www.francetvinfo.fr\/faits-divers\/essonne-un-adolescent-tue-a-boussy-saint-antoine-dans-une-nouvelle-rixe-entre-bandes-rivales_4308341.html\">Un gar\u00e7on de 14 ans est mort<\/a>, touch\u00e9 au ventre d&rsquo;un coup de couteau, a indiqu\u00e9 la&nbsp;Direction d\u00e9partementale de la s\u00e9curit\u00e9 publique dans la soir\u00e9e. Un autre jeune, gravement touch\u00e9 \u00e0 la gorge, n&rsquo;\u00e9tait plus en danger mercredi matin. Franceinfo vous r\u00e9sume ce que l&rsquo;on sait de ce fait divers.<\/p>\n\n\n\n<h2 class=\"wp-block-heading\">Un adolescent a \u00e9t\u00e9 tu\u00e9 et&nbsp;au moins un autre,&nbsp;bless\u00e9<\/h2>\n\n\n\n<p>C&rsquo;est un adolescent de 14&nbsp;ans qui est mort, mardi, \u00e0 Boussy-Saint-Antoine. Il a \u00e9t\u00e9 tu\u00e9&nbsp;<em>\u00ab\u00a0tr\u00e8s probablement d&rsquo;un coup de couteau au ventre\u00a0\u00bb<\/em>, a&nbsp;indiqu\u00e9 \u00e0 l&rsquo;AFP la Direction d\u00e9partementale de la s\u00e9curit\u00e9 publique (DDSP). On ignore pour l&rsquo;instant son identit\u00e9.<\/p>\n\n\n\n<p>Lors du m\u00eame affrontement, un autre gar\u00e7on, \u00e2g\u00e9 de 13&nbsp;ans, a \u00e9t\u00e9 gri\u00e8vement bless\u00e9 \u00e0 la gorge et hospitalis\u00e9. Mercredi, le parquet d&rsquo;Evry a indiqu\u00e9 qu&rsquo;il \u00e9tait&nbsp;<em>\u00ab\u00a0sorti du bloc op\u00e9ratoire\u00a0\u00bb<\/em>&nbsp;et que&nbsp;<em>\u00ab\u00a0son pronostic vital n'[\u00e9tai]t plus engag\u00e9\u00a0\u00bb<\/em>.<\/p>\n\n\n\n<p>Enfin, une source polici\u00e8re faisait \u00e9tat \u00e0 franceinfo d&rsquo;un autre jeune, \u00e2g\u00e9 de 16&nbsp;ans, bless\u00e9 au ventre. Un cas qui n&rsquo;a pas \u00e9t\u00e9 \u00e9voqu\u00e9 par le parquet.<\/p>\n\n\n\n<h2 class=\"wp-block-heading\">Ils ont \u00e9t\u00e9 touch\u00e9s lors d&rsquo;un affrontement entre deux bandes<\/h2>\n\n\n\n<p>Le drame s&rsquo;est produit mardi apr\u00e8s-midi lors d&rsquo;un affrontement opposant selon le parquet&nbsp;<em>\u00ab\u00a0une trentaine de jeunes\u00a0\u00bb<\/em>, venus de deux communes voisines de Boussy-Saint-Antoine&nbsp;:&nbsp;Epinay-sous-S\u00e9nart et Quincy-sous-S\u00e9nart. La raison de ces violences est encore inconnue.<\/p>\n\n\n\n<p>Selon<em>&nbsp;<a href=\"https:\/\/www.leparisien.fr\/essonne-91\/essonne-un-ado-de-13-ans-grievement-blesse-a-la-gorge-dans-une-rixe-entre-bandes-23-02-2021-8426001.php\" target=\"_blank\" rel=\"noreferrer noopener\">Le Parisien<\/a><\/em>,&nbsp;une rivalit\u00e9 ancienne oppose des quartiers de ces deux communes, celui des Cin\u00e9astes \u00e0 Epinay et du Vieillet \u00e0 Quincy, qui ont en commun d&rsquo;\u00eatre&nbsp;<a href=\"https:\/\/sig.ville.gouv.fr\/atlas\/QP\/\" target=\"_blank\" rel=\"noreferrer noopener\">class\u00e9s comme quartiers prioritaires<\/a>&nbsp;pour les politiques de la ville. Des affrontements entre habitants de ces quartiers avaient eu lieu en 2000, d\u00e9j\u00e0 \u00e0 Boussy-Saint-Antoine. Mais on ignore pour l&rsquo;instant si les jeunes impliqu\u00e9s dans la rixe de mardi sont originaires de ces deux quartiers.<\/p>\n\n\n\n<p>Selon une source polici\u00e8re, l&rsquo;affrontement s&rsquo;est produit vers 17&nbsp;heures, \u00e0 proximit\u00e9 de la piscine de Boussy-Saint-Antoine. Il a oppos\u00e9 des jeunes dont certains \u00e9taient arm\u00e9s de couteaux mais aussi de b\u00e2tons et de b\u00e9quilles. Une source polici\u00e8re affirme \u00e0 France T\u00e9l\u00e9visions que des riverains ont \u00e9galement affirm\u00e9 avoir entendu des tirs de mortiers d&rsquo;artifice.<\/p>\n\n\n\n<h2 class=\"wp-block-heading\">L&rsquo;auteur du coup mortel s&rsquo;est rendu<\/h2>\n\n\n\n<p>La DDSP a indiqu\u00e9 qu&rsquo;une personne se pr\u00e9sentant comme l&rsquo;auteur du coup de couteau mortel s&rsquo;\u00e9tait rendue \u00e0 la police mardi soir. Il s&rsquo;agit d&rsquo;un adolescent de 15&nbsp;ans, habitant d&rsquo;Epinay-sous-S\u00e9nart, et d\u00e9j\u00e0 connu de la police pour des faits de port d&rsquo;arme blanche, a indiqu\u00e9 une source polici\u00e8re \u00e0 France T\u00e9l\u00e9visions.<\/p>\n\n\n\n<p>Il a \u00e9t\u00e9 plac\u00e9 en garde \u00e0 vue, tout comme six autres suspects interpell\u00e9s un peu plus t\u00f4t, tous \u00e2g\u00e9s de 17&nbsp;ans et, selon cette m\u00eame source, inconnus de la police.<\/p>\n\n\n\n<h2 class=\"wp-block-heading\">Aucun lien n&rsquo;est \u00e9tabli avec l&rsquo;autre affrontement mortel dans le d\u00e9partement<\/h2>\n\n\n\n<p>Lundi,&nbsp;un affrontement avait d\u00e9j\u00e0 oppos\u00e9 une dizaine de jeunes de deux bandes rivales \u00e0 Saint-Ch\u00e9ron, \u00e9galement dans l&rsquo;Essonne, mais \u00e0 une quarantaine de kilom\u00e8tres de Boussy-Saint-Antoine. Et la mort d&rsquo;une adolescente de 14&nbsp;ans touch\u00e9e par un coup de couteau avait \u00e9t\u00e9 annonc\u00e9e mardi, peu avant la seconde rixe. Mais les deux affaires ne semblent pas li\u00e9es, a indiqu\u00e9 le parquet.<\/p>\n\n\n\n<p>L&rsquo;encha\u00eenement&nbsp;de ces deux \u00e9v\u00e9nements a en revanche suscit\u00e9 de nombreuses r\u00e9actions. Avant m\u00eame l&rsquo;affrontement de Boussy-Saint-Antoine, la procureure d&rsquo;Evry, Caroline Nisand, avait d\u00e9j\u00e0 \u00e9voqu\u00e9 un ph\u00e9nom\u00e8ne qui&nbsp;<em>\u00ab\u00a0gangr\u00e8ne\u00a0\u00bb&nbsp;<\/em>l&rsquo;Essonne. Et le pr\u00e9fet du d\u00e9partement avait fait savoir qu&rsquo;il&nbsp;avait demand\u00e9 \u00e0 la gendarmerie<em>&nbsp;\u00ab\u00a0de renforcer la surveillance\u00a0\u00bb<\/em>&nbsp;dans le secteur de Saint-Ch\u00e9ron, Dourdan et les communes avoisinantes.<\/p>\n\n\n\n<p>Mardi soir, le ministre de l&rsquo;Int\u00e9rieur G\u00e9rald Darmanin s&rsquo;est rendu \u00e0 Dourdan, d&rsquo;o\u00f9 sont originaires certains des jeunes impliqu\u00e9s dans la rixe de Saint-Ch\u00e9ron. Il a annonc\u00e9 l&rsquo;envoi dans la soir\u00e9e de 60&nbsp;gendarmes suppl\u00e9mentaires \u00e0 Saint-Ch\u00e9ron et de 30&nbsp;policiers \u00e0 Boussy-Saint-Antoine.<\/p>\n","protected":false},"excerpt":{"rendered":"<p>Le d\u00e9partement de l&rsquo;Essonne a connu un encha\u00eenement dramatique, mardi 23&nbsp;f\u00e9vrier. Quelques heures apr\u00e8s l&rsquo;annonce de&nbsp;la mort d&rsquo;une adolescente de 14&nbsp;ans&nbsp;poignard\u00e9e la veille lors d&rsquo;une rixe \u00e0 Saint-Ch\u00e9ron, un autre affrontement entre bandes rivales a \u00e9clat\u00e9 \u00e0 Boussy-Saint-Antoine, dans ce m\u00eame d\u00e9partement. Un gar\u00e7on de 14 ans est mort, touch\u00e9 au ventre d&rsquo;un coup de [&hellip;]<\/p>\n","protected":false},"author":2,"featured_media":17915,"comment_status":"open","ping_status":"open","sticky":false,"template":"","format":"standard","meta":{"_jetpack_memberships_contains_paid_content":false,"footnotes":"","jetpack_publicize_message":"","jetpack_publicize_feature_enabled":true,"jetpack_social_post_already_shared":true,"jetpack_social_options":{"image_generator_settings":{"template":"highway","default_image_id":0,"font":"","enabled":false},"version":2},"_wpas_customize_per_network":false},"categories":[405],"tags":[],"class_list":["post-17914","post","type-post","status-publish","format-standard","has-post-thumbnail","hentry","category-actu-france-monde"],"jetpack_publicize_connections":[],"jetpack_featured_media_url":"https:\/\/i0.wp.com\/www.iceagetv.com\/radiosite\/wp-content\/uploads\/2021\/02\/ce-que-lon-sait-de-laffrontement-entre-deux-bandes-dadolescents-qui-a-fait-un-mort-%C3%A0-Boussy-Saint-Antoine.png?fit=924%2C497&ssl=1","jetpack_sharing_enabled":true,"_links":{"self":[{"href":"https:\/\/www.iceagetv.com\/radiosite\/wp-json\/wp\/v2\/posts\/17914","targetHints":{"allow":["GET"]}}],"collection":[{"href":"https:\/\/www.iceagetv.com\/radiosite\/wp-json\/wp\/v2\/posts"}],"about":[{"href":"https:\/\/www.iceagetv.com\/radiosite\/wp-json\/wp\/v2\/types\/post"}],"author":[{"embeddable":true,"href":"https:\/\/www.iceagetv.com\/radiosite\/wp-json\/wp\/v2\/users\/2"}],"replies":[{"embeddable":true,"href":"https:\/\/www.iceagetv.com\/radiosite\/wp-json\/wp\/v2\/comments?post=17914"}],"version-history":[{"count":1,"href":"https:\/\/www.iceagetv.com\/radiosite\/wp-json\/wp\/v2\/posts\/17914\/revisions"}],"predecessor-version":[{"id":17916,"href":"https:\/\/www.iceagetv.com\/radiosite\/wp-json\/wp\/v2\/posts\/17914\/revisions\/17916"}],"wp:featuredmedia":[{"embeddable":true,"href":"https:\/\/www.iceagetv.com\/radiosite\/wp-json\/wp\/v2\/media\/17915"}],"wp:attachment":[{"href":"https:\/\/www.iceagetv.com\/radiosite\/wp-json\/wp\/v2\/media?parent=17914"}],"wp:term":[{"taxonomy":"category","embeddable":true,"href":"https:\/\/www.iceagetv.com\/radiosite\/wp-json\/wp\/v2\/categories?post=17914"},{"taxonomy":"post_tag","embeddable":true,"href":"https:\/\/www.iceagetv.com\/radiosite\/wp-json\/wp\/v2\/tags?post=17914"}],"curies":[{"name":"wp","href":"https:\/\/api.w.org\/{rel}","templated":true}]}}