{"id":17927,"date":"2021-02-25T08:05:30","date_gmt":"2021-02-25T08:05:30","guid":{"rendered":"http:\/\/www.iceagetv.com\/radiosite\/?p=17927"},"modified":"2021-02-25T08:05:30","modified_gmt":"2021-02-25T08:05:30","slug":"le-maire-de-bron-jeremie-breaud-a-ete-attaque-et-les-degats-sur-la-photo-quil-publie-sont-impressionnant-lelu-lr-precise-que-sa-voiture-garee-sur-un-parking-de-la-commune-a-ete-vandalis","status":"publish","type":"post","link":"https:\/\/www.iceagetv.com\/radiosite\/le-maire-de-bron-jeremie-breaud-a-ete-attaque-et-les-degats-sur-la-photo-quil-publie-sont-impressionnant-lelu-lr-precise-que-sa-voiture-garee-sur-un-parking-de-la-commune-a-ete-vandalis\/","title":{"rendered":"Le maire de Bron J\u00e9r\u00e9mie Br\u00e9aud a \u00e9t\u00e9 attaqu\u00e9 et les d\u00e9g\u00e2ts sur la photo qu&rsquo;il publie sont impressionnant. L\u2019\u00e9lu LR  pr\u00e9cise que sa voiture, gar\u00e9e sur un parking de la commune, a \u00e9t\u00e9 vandalis\u00e9e par plusieurs individus dans le quartier de Parilly alors qu&rsquo;il rencontrait \u00ab\u00a0des acteurs reconnus du territoire engag\u00e9s en faveur de l&rsquo;insertion, de l&#8217;emploi et de la formation des jeunes\u00a0\u00bb. closevolume_off Sur les clich\u00e9s, on peut voir de nombreuses vitres du v\u00e9hicule bris\u00e9es, mais aussi la carrosserie impact\u00e9e et un r\u00e9troviseur cass\u00e9. Le maire explique ensuite avoir \u00e9t\u00e9 la cible de nombreux jets de projectiles et de menaces physiques de la part d\u2019individus v\u00e9h\u00e9ments. \u00ab\u00a0Nous avons \u00e9t\u00e9 la cible d&rsquo;insultes, de menaces physiques et de jets de canette, cailloux ou encore morceaux de bois. Sans la pr\u00e9sence \u00e0 nos c\u00f4t\u00e9s de ces acteurs reconnus du territoire, la situation aurait pu \u00eatre dramatique\u00a0\u00bb d\u00e9taille J\u00e9r\u00e9mie Br\u00e9aud \u00e0 Lyon Mag qui annonce qu\u2019il d\u00e9posera plainte. \u00ab\u00a0Il s&rsquo;agit du fruit d&rsquo;individus isol\u00e9s\u00a0\u00bb affirme ce jeudi matin le maire de Bron qui souhaite \u00ab\u00a0continuer \u00e0 aider les jeunes, notamment au niveau de l&#8217;emploi\u00a0\u00bb., pr\u00e8s de Lyon, attaqu\u00e9, insult\u00e9 et son v\u00e9hicule d\u00e9truit par une bande d&rsquo;agresseurs alors qu&rsquo;il visitait un quartier de sa ville"},"content":{"rendered":"\n<p>Le maire de Bron J\u00e9r\u00e9mie Br\u00e9aud a \u00e9t\u00e9 attaqu\u00e9 et les d\u00e9g\u00e2ts sur la photo qu&rsquo;il publie sont impressionnant. L\u2019\u00e9lu LR&nbsp;<\/p>\n\n\n\n<p>pr\u00e9cise que sa voiture, gar\u00e9e sur un parking de la commune, a \u00e9t\u00e9 vandalis\u00e9e par plusieurs individus dans le quartier de Parilly alors qu&rsquo;il rencontrait \u00ab\u00a0des acteurs reconnus du territoire engag\u00e9s en faveur de l&rsquo;insertion, de l&#8217;emploi et de la formation des jeunes\u00a0\u00bb.<em>close<\/em><em>volume_off<\/em><\/p>\n\n\n\n<p>Sur les clich\u00e9s, on peut voir de nombreuses vitres du v\u00e9hicule bris\u00e9es, mais aussi la carrosserie impact\u00e9e et un r\u00e9troviseur cass\u00e9.<\/p>\n\n\n\n<p>Le maire explique ensuite avoir \u00e9t\u00e9 la cible de nombreux jets de projectiles et de menaces physiques de la part d\u2019individus v\u00e9h\u00e9ments. \u00ab\u00a0Nous avons \u00e9t\u00e9 la cible d&rsquo;insultes, de menaces physiques et de jets de canette, cailloux ou encore morceaux de bois. Sans la pr\u00e9sence \u00e0 nos c\u00f4t\u00e9s de ces acteurs reconnus du territoire, la situation aurait pu \u00eatre dramatique\u00a0\u00bb d\u00e9taille J\u00e9r\u00e9mie Br\u00e9aud \u00e0&nbsp;<a href=\"https:\/\/www.lyonmag.com\/article\/113570\/le-maire-de-bron-attaque-son-vehicule-fortement-endommage\" target=\"_blank\" rel=\"noreferrer noopener\">Lyon Mag&nbsp;<\/a>qui annonce qu\u2019il d\u00e9posera plainte. \u00ab\u00a0Il s&rsquo;agit du fruit d&rsquo;individus isol\u00e9s\u00a0\u00bb affirme ce jeudi matin le maire de Bron qui souhaite \u00ab\u00a0continuer \u00e0 aider les jeunes, notamment au niveau de l&#8217;emploi\u00a0\u00bb.<\/p>\n","protected":false},"excerpt":{"rendered":"<p>Le maire de Bron J\u00e9r\u00e9mie Br\u00e9aud a \u00e9t\u00e9 attaqu\u00e9 et les d\u00e9g\u00e2ts sur la photo qu&rsquo;il publie sont impressionnant. L\u2019\u00e9lu LR&nbsp; pr\u00e9cise que sa voiture, gar\u00e9e sur un parking de la commune, a \u00e9t\u00e9 vandalis\u00e9e par plusieurs individus dans le quartier de Parilly alors qu&rsquo;il rencontrait \u00ab\u00a0des acteurs reconnus du territoire engag\u00e9s en faveur de [&hellip;]<\/p>\n","protected":false},"author":2,"featured_media":17928,"comment_status":"open","ping_status":"open","sticky":false,"template":"","format":"standard","meta":{"_jetpack_memberships_contains_paid_content":false,"footnotes":"","jetpack_publicize_message":"","jetpack_publicize_feature_enabled":true,"jetpack_social_post_already_shared":true,"jetpack_social_options":{"image_generator_settings":{"template":"highway","default_image_id":0,"font":"","enabled":false},"version":2},"_wpas_customize_per_network":false},"categories":[405],"tags":[],"class_list":["post-17927","post","type-post","status-publish","format-standard","has-post-thumbnail","hentry","category-actu-france-monde"],"jetpack_publicize_connections":[],"jetpack_featured_media_url":"https:\/\/i0.wp.com\/www.iceagetv.com\/radiosite\/wp-content\/uploads\/2021\/02\/Le-maire-de-Bron.png?fit=853%2C319&ssl=1","jetpack_sharing_enabled":true,"_links":{"self":[{"href":"https:\/\/www.iceagetv.com\/radiosite\/wp-json\/wp\/v2\/posts\/17927","targetHints":{"allow":["GET"]}}],"collection":[{"href":"https:\/\/www.iceagetv.com\/radiosite\/wp-json\/wp\/v2\/posts"}],"about":[{"href":"https:\/\/www.iceagetv.com\/radiosite\/wp-json\/wp\/v2\/types\/post"}],"author":[{"embeddable":true,"href":"https:\/\/www.iceagetv.com\/radiosite\/wp-json\/wp\/v2\/users\/2"}],"replies":[{"embeddable":true,"href":"https:\/\/www.iceagetv.com\/radiosite\/wp-json\/wp\/v2\/comments?post=17927"}],"version-history":[{"count":1,"href":"https:\/\/www.iceagetv.com\/radiosite\/wp-json\/wp\/v2\/posts\/17927\/revisions"}],"predecessor-version":[{"id":17929,"href":"https:\/\/www.iceagetv.com\/radiosite\/wp-json\/wp\/v2\/posts\/17927\/revisions\/17929"}],"wp:featuredmedia":[{"embeddable":true,"href":"https:\/\/www.iceagetv.com\/radiosite\/wp-json\/wp\/v2\/media\/17928"}],"wp:attachment":[{"href":"https:\/\/www.iceagetv.com\/radiosite\/wp-json\/wp\/v2\/media?parent=17927"}],"wp:term":[{"taxonomy":"category","embeddable":true,"href":"https:\/\/www.iceagetv.com\/radiosite\/wp-json\/wp\/v2\/categories?post=17927"},{"taxonomy":"post_tag","embeddable":true,"href":"https:\/\/www.iceagetv.com\/radiosite\/wp-json\/wp\/v2\/tags?post=17927"}],"curies":[{"name":"wp","href":"https:\/\/api.w.org\/{rel}","templated":true}]}}