{"id":17936,"date":"2021-02-26T07:30:37","date_gmt":"2021-02-26T07:30:37","guid":{"rendered":"http:\/\/www.iceagetv.com\/radiosite\/?p=17936"},"modified":"2021-02-26T07:30:37","modified_gmt":"2021-02-26T07:30:37","slug":"arnaud-lagardere-assure-navoir-pris-pour-linstant-aucune-decision-sur-une-eventuelle-cession-de-ses-actifs-et-notamment-la-radio-europe-1-paris-match-et-le-journal-du-dimanche","status":"publish","type":"post","link":"https:\/\/www.iceagetv.com\/radiosite\/arnaud-lagardere-assure-navoir-pris-pour-linstant-aucune-decision-sur-une-eventuelle-cession-de-ses-actifs-et-notamment-la-radio-europe-1-paris-match-et-le-journal-du-dimanche\/","title":{"rendered":"Arnaud Lagard\u00e8re assure n&rsquo;avoir pris pour l&rsquo;instant \u00ab\u00a0aucune d\u00e9cision\u00a0\u00bb sur une \u00e9ventuelle cession de ses actifs et notamment la radio Europe 1, Paris Match et le Journal du Dimanche"},"content":{"rendered":"\n<p>Au centre d&rsquo;une bataille actionnariale regroupant les hommes d&rsquo;affaires Vincent Bollor\u00e9 et Bernard Arnault, Arnaud Lagard\u00e8re n&rsquo;a pris pour l&rsquo;instant \u00ab\u00a0aucune d\u00e9cision\u00a0\u00bb sur une \u00e9ventuelle cession de ses actifs ou sur la transformation du statut de son groupe, a-t-il d\u00e9clar\u00e9 lors de la pr\u00e9sentation des r\u00e9sultats annuels.&nbsp;\u00ab\u00a0En ce qui me concerne, et c&rsquo;est moi qui dirige, absolument aucune d\u00e9cision n&rsquo;a \u00e9t\u00e9 prise \u00e0 ce stade\u00a0\u00bb, a r\u00e9pondu le g\u00e9rant-commandit\u00e9 \u00e0 des analystes qui l&rsquo;interrogeaient lors d&rsquo;une conf\u00e9rence t\u00e9l\u00e9phonique. \u00ab\u00a0Le changement de la commandite a toujours \u00e9t\u00e9 une option\u00a0\u00bb, a-t-il ajout\u00e9 en r\u00e9f\u00e9rence au statut particulier de son groupe qui le rend ind\u00e9boulonnable bien que ne ma\u00eetrisant que 7% du capital de son entreprise. Mais l&rsquo;h\u00e9ritier de Jean-Luc Lagard\u00e8re n&rsquo;envisagerait cette op\u00e9ration qu&rsquo;aux conditions d&rsquo;un retour \u00ab\u00a0\u00e0 des relations pacifiques\u00a0\u00bb entre les actionnaires.<\/p>\n\n\n\n<p>Le groupe Lagard\u00e8re fait l&rsquo;objet d&rsquo;incessantes rumeurs sur une cession de son p\u00f4le m\u00e9dia, et notamment la radio Europe 1 pour laquelle Vincent Bollor\u00e9 ne cache pas son int\u00e9r\u00eat. L&rsquo;homme d&rsquo;affaires breton est aux manettes de Vivendi, entr\u00e9 au capital de Lagard\u00e8re il y a un an et devenu depuis son premier actionnaire.<em>close<\/em><em>volume_off<\/em><\/p>\n\n\n\n<p>En novembre, des discussions avaient \u00e9galement eu lieu entre le g\u00e9ant des m\u00e9dias et Lagard\u00e8re au sujet de la cession du p\u00f4le international d&rsquo;Hachette Livre. Mais les projets de Vivendi ont \u00e9t\u00e9 contrari\u00e9s par l&rsquo;arriv\u00e9e surprise de Bernard Arnault qui a pris 27% de la holding personnelle d&rsquo;Arnaud Lagard\u00e8re et a conclu avec lui un pacte pour agir de concert.<\/p>\n\n\n\n<p>L&#8217;empereur du luxe est r\u00e9put\u00e9 int\u00e9ress\u00e9 par les journaux le JDD et Paris Match. Parall\u00e8lement, le PDG d&rsquo;Hachette Arnaud Nourry s&rsquo;est oppos\u00e9 jeudi dans un entretien aux Echos \u00e0 tout \u00ab\u00a0d\u00e9mant\u00e8lement\u00a0\u00bb du groupe d&rsquo;\u00e9dition, troisi\u00e8me \u00e9diteur mondial. \u00ab\u00a0Je ne laisserai personne ab\u00eemer Hachette Livre\u00a0\u00bb, a-t-il d\u00e9clar\u00e9. \u00ab\u00a0Il n&rsquo;y a aucune cohabitation possible entre nous et Editis (propri\u00e9t\u00e9 de Vivendi), moins rentable, cela n&rsquo;a pas de sens strat\u00e9gique et c&rsquo;est juridiquement impossible\u00a0\u00bb, a-t-il ajout\u00e9. Sous le coup de la crise sanitaire, le groupe Lagard\u00e8re a creus\u00e9 sa perte en 2020, qui atteint 660 millions d&rsquo;euros. Les revenus de son activit\u00e9 de distribution dans les lieux de transports se sont effondr\u00e9s de 60%, tandis que ceux de sa branche d&rsquo;\u00e9dition (Hachette) sont rest\u00e9s stables, conduisant \u00e0 une baisse du chiffre d&rsquo;affaire global de 38% sur l&rsquo;ann\u00e9e.<\/p>\n","protected":false},"excerpt":{"rendered":"<p>Au centre d&rsquo;une bataille actionnariale regroupant les hommes d&rsquo;affaires Vincent Bollor\u00e9 et Bernard Arnault, Arnaud Lagard\u00e8re n&rsquo;a pris pour l&rsquo;instant \u00ab\u00a0aucune d\u00e9cision\u00a0\u00bb sur une \u00e9ventuelle cession de ses actifs ou sur la transformation du statut de son groupe, a-t-il d\u00e9clar\u00e9 lors de la pr\u00e9sentation des r\u00e9sultats annuels.&nbsp;\u00ab\u00a0En ce qui me concerne, et c&rsquo;est moi qui [&hellip;]<\/p>\n","protected":false},"author":2,"featured_media":17937,"comment_status":"open","ping_status":"open","sticky":false,"template":"","format":"standard","meta":{"_jetpack_memberships_contains_paid_content":false,"footnotes":"","jetpack_publicize_message":"","jetpack_publicize_feature_enabled":true,"jetpack_social_post_already_shared":true,"jetpack_social_options":{"image_generator_settings":{"template":"highway","default_image_id":0,"font":"","enabled":false},"version":2},"_wpas_customize_per_network":false},"categories":[68],"tags":[],"class_list":["post-17936","post","type-post","status-publish","format-standard","has-post-thumbnail","hentry","category-actu-culturelle"],"jetpack_publicize_connections":[],"jetpack_featured_media_url":"https:\/\/i0.wp.com\/www.iceagetv.com\/radiosite\/wp-content\/uploads\/2021\/02\/Arnaud-Lagard%C3%A8re.jpg?fit=679%2C293&ssl=1","jetpack_sharing_enabled":true,"_links":{"self":[{"href":"https:\/\/www.iceagetv.com\/radiosite\/wp-json\/wp\/v2\/posts\/17936","targetHints":{"allow":["GET"]}}],"collection":[{"href":"https:\/\/www.iceagetv.com\/radiosite\/wp-json\/wp\/v2\/posts"}],"about":[{"href":"https:\/\/www.iceagetv.com\/radiosite\/wp-json\/wp\/v2\/types\/post"}],"author":[{"embeddable":true,"href":"https:\/\/www.iceagetv.com\/radiosite\/wp-json\/wp\/v2\/users\/2"}],"replies":[{"embeddable":true,"href":"https:\/\/www.iceagetv.com\/radiosite\/wp-json\/wp\/v2\/comments?post=17936"}],"version-history":[{"count":1,"href":"https:\/\/www.iceagetv.com\/radiosite\/wp-json\/wp\/v2\/posts\/17936\/revisions"}],"predecessor-version":[{"id":17938,"href":"https:\/\/www.iceagetv.com\/radiosite\/wp-json\/wp\/v2\/posts\/17936\/revisions\/17938"}],"wp:featuredmedia":[{"embeddable":true,"href":"https:\/\/www.iceagetv.com\/radiosite\/wp-json\/wp\/v2\/media\/17937"}],"wp:attachment":[{"href":"https:\/\/www.iceagetv.com\/radiosite\/wp-json\/wp\/v2\/media?parent=17936"}],"wp:term":[{"taxonomy":"category","embeddable":true,"href":"https:\/\/www.iceagetv.com\/radiosite\/wp-json\/wp\/v2\/categories?post=17936"},{"taxonomy":"post_tag","embeddable":true,"href":"https:\/\/www.iceagetv.com\/radiosite\/wp-json\/wp\/v2\/tags?post=17936"}],"curies":[{"name":"wp","href":"https:\/\/api.w.org\/{rel}","templated":true}]}}