{"id":17949,"date":"2021-02-26T20:12:05","date_gmt":"2021-02-26T20:12:05","guid":{"rendered":"http:\/\/www.iceagetv.com\/radiosite\/?p=17949"},"modified":"2021-02-26T20:12:05","modified_gmt":"2021-02-26T20:12:05","slug":"seine-saint-denis-un-adolescent-de-15-ans-a-ete-tue-par-balle-ce-soir-a-bondy-par-deux-personnes-qui-ont-pris-la-fuite-a-scooter","status":"publish","type":"post","link":"https:\/\/www.iceagetv.com\/radiosite\/seine-saint-denis-un-adolescent-de-15-ans-a-ete-tue-par-balle-ce-soir-a-bondy-par-deux-personnes-qui-ont-pris-la-fuite-a-scooter\/","title":{"rendered":"Seine-Saint-Denis : Un adolescent de 15 ans a \u00e9t\u00e9 tu\u00e9 par balle, ce soir \u00e0 Bondy, par deux personnes qui ont pris la fuite \u00e0 scooter"},"content":{"rendered":"\n<p>Un adolescent de 15 ans a \u00e9t\u00e9 tu\u00e9 par balle, vendredi \u00e0 Bondy (Seine-Saint-Denis), par deux personnes qui ont pris la fuite \u00e0 scooter, a appris CNEWS de sources concordantes. Vers 17h10 ce vendredi, deux individus \u00e0 scooter ont tir\u00e9 par arme \u00e0 feu sur une personne \u00e0 pied qui est d\u00e9c\u00e9d\u00e9e de ses blessures. Les deux individus sont en fuite.<\/p>\n\n\n\n<p>La victime est \u00e2g\u00e9e de 15 ans et est connue des services de police pour fr\u00e9quenter des points de deal.<em>close<\/em><em>volume_off<\/em><\/p>\n\n\n\n<figure><iframe loading=\"lazy\" allowfullscreen=\"true\" width=\"100%\" height=\"100%\" src=\"https:\/\/www.dailymotion.com\/embed\/video\/x7zkpzn?ads_params=main&amp;api=postMessage&amp;autoplay=true&amp;controls=false&amp;id=sw_infeed_v_el_x7zkpzn&amp;mute=true&amp;origin=https%3A%2F%2Fwww.jeanmarcmorandini.com&amp;sharing-enable=false&amp;syndication=273773\"><\/iframe><\/figure>\n\n\n\n<figure><iframe loading=\"lazy\" allowfullscreen=\"true\" width=\"100%\" height=\"100%\" src=\"https:\/\/www.dailymotion.com\/embed\/video\/x7qnbh2?ads_params=main&amp;api=postMessage&amp;autoplay=true&amp;controls=false&amp;id=sw_infeed_v_el_x7qnbh2&amp;mute=true&amp;origin=https%3A%2F%2Fwww.jeanmarcmorandini.com&amp;sharing-enable=false&amp;syndication=273773\"><\/iframe><\/figure>\n\n\n\n<p>L&rsquo;enqu\u00eate a \u00e9t\u00e9 confi\u00e9e \u00e0 la police judiciaire du d\u00e9partement, a pr\u00e9cis\u00e9 cette source. Cette semaine, la r\u00e9gion parisienne a \u00e9t\u00e9 marqu\u00e9e par la mort de deux adolescents de 14 ans en Essonne, une fille et un gar\u00e7on poignard\u00e9s lors de rixes diff\u00e9rentes entre jeunes.<\/p>\n","protected":false},"excerpt":{"rendered":"<p>Un adolescent de 15 ans a \u00e9t\u00e9 tu\u00e9 par balle, vendredi \u00e0 Bondy (Seine-Saint-Denis), par deux personnes qui ont pris la fuite \u00e0 scooter, a appris CNEWS de sources concordantes. Vers 17h10 ce vendredi, deux individus \u00e0 scooter ont tir\u00e9 par arme \u00e0 feu sur une personne \u00e0 pied qui est d\u00e9c\u00e9d\u00e9e de ses blessures. [&hellip;]<\/p>\n","protected":false},"author":2,"featured_media":17950,"comment_status":"open","ping_status":"open","sticky":false,"template":"","format":"standard","meta":{"_jetpack_memberships_contains_paid_content":false,"footnotes":"","jetpack_publicize_message":"","jetpack_publicize_feature_enabled":true,"jetpack_social_post_already_shared":true,"jetpack_social_options":{"image_generator_settings":{"template":"highway","default_image_id":0,"font":"","enabled":false},"version":2},"_wpas_customize_per_network":false},"categories":[405],"tags":[],"class_list":["post-17949","post","type-post","status-publish","format-standard","has-post-thumbnail","hentry","category-actu-france-monde"],"jetpack_publicize_connections":[],"jetpack_featured_media_url":"https:\/\/i0.wp.com\/www.iceagetv.com\/radiosite\/wp-content\/uploads\/2021\/02\/Un-adolescent-de-15-ans-a-%C3%A9t%C3%A9-tu%C3%A9-par-balle.jpg?fit=679%2C293&ssl=1","jetpack_sharing_enabled":true,"_links":{"self":[{"href":"https:\/\/www.iceagetv.com\/radiosite\/wp-json\/wp\/v2\/posts\/17949","targetHints":{"allow":["GET"]}}],"collection":[{"href":"https:\/\/www.iceagetv.com\/radiosite\/wp-json\/wp\/v2\/posts"}],"about":[{"href":"https:\/\/www.iceagetv.com\/radiosite\/wp-json\/wp\/v2\/types\/post"}],"author":[{"embeddable":true,"href":"https:\/\/www.iceagetv.com\/radiosite\/wp-json\/wp\/v2\/users\/2"}],"replies":[{"embeddable":true,"href":"https:\/\/www.iceagetv.com\/radiosite\/wp-json\/wp\/v2\/comments?post=17949"}],"version-history":[{"count":1,"href":"https:\/\/www.iceagetv.com\/radiosite\/wp-json\/wp\/v2\/posts\/17949\/revisions"}],"predecessor-version":[{"id":17951,"href":"https:\/\/www.iceagetv.com\/radiosite\/wp-json\/wp\/v2\/posts\/17949\/revisions\/17951"}],"wp:featuredmedia":[{"embeddable":true,"href":"https:\/\/www.iceagetv.com\/radiosite\/wp-json\/wp\/v2\/media\/17950"}],"wp:attachment":[{"href":"https:\/\/www.iceagetv.com\/radiosite\/wp-json\/wp\/v2\/media?parent=17949"}],"wp:term":[{"taxonomy":"category","embeddable":true,"href":"https:\/\/www.iceagetv.com\/radiosite\/wp-json\/wp\/v2\/categories?post=17949"},{"taxonomy":"post_tag","embeddable":true,"href":"https:\/\/www.iceagetv.com\/radiosite\/wp-json\/wp\/v2\/tags?post=17949"}],"curies":[{"name":"wp","href":"https:\/\/api.w.org\/{rel}","templated":true}]}}