{"id":17952,"date":"2021-02-27T10:42:54","date_gmt":"2021-02-27T10:42:54","guid":{"rendered":"http:\/\/www.iceagetv.com\/radiosite\/?p=17952"},"modified":"2021-02-27T10:42:54","modified_gmt":"2021-02-27T10:42:54","slug":"seine-saint-denis-deux-demi-freres-de-16-et-26-ans-places-en-garde-a-vue-apres-la-mort-dun-adolescent-de-15-ans-tue-par-balle-hier-a-bondy","status":"publish","type":"post","link":"https:\/\/www.iceagetv.com\/radiosite\/seine-saint-denis-deux-demi-freres-de-16-et-26-ans-places-en-garde-a-vue-apres-la-mort-dun-adolescent-de-15-ans-tue-par-balle-hier-a-bondy\/","title":{"rendered":"Seine-Saint-Denis : Deux demi-fr\u00e8res de 16 et 26 ans plac\u00e9s en garde \u00e0 vue apr\u00e8s la mort d&rsquo;un adolescent de 15 ans tu\u00e9 par balle hier \u00e0 Bondy"},"content":{"rendered":"\n<p> <strong>\u00a0Deux personnes ont \u00e9t\u00e9 plac\u00e9es en garde \u00e0 vue apr\u00e8s la mort d&rsquo;un adolescent de 15 ans tu\u00e9 par balle hier \u00e0 Bondy, indique le parquet.\u00a0Il s&rsquo;agit de deux demi-fr\u00e8res<\/strong>\u00a0: l&rsquo;un est n\u00e9 en f\u00e9vrier 2004, l&rsquo;autre en janvier 1994, indique une source proche de l&rsquo;enqu\u00eate \u00e0 France T\u00e9l\u00e9visions. Le plus \u00e2g\u00e9 est soup\u00e7onn\u00e9 d&rsquo;\u00eatre le tireur. Ils sont tous deux connus des services de police. <\/p>\n\n\n\n<p><strong>Un gar\u00e7on de 15 ans a \u00e9t\u00e9 tu\u00e9 par balle hier soir par une personne qui a pris la fuite \u00e0 scooter, \u00e0 Bondy (Seine-Saint-Denis), dans une r\u00e9gion parisienne d\u00e9j\u00e0 marqu\u00e9e par les meurtres de deux adolescents dans des rixes en Essonne cette semaine. L&rsquo;homicide a eu lieu vers 17H00 \u00e0 Bondy (53.000 habitants), ville populaire de la banlieue nord-est de Paris.<\/strong><em>close<\/em><em>volume_off<\/em><\/p>\n\n\n\n<p>L&rsquo;adolescent se trouvait \u00e0 l&rsquo;int\u00e9rieur d&rsquo;une maison de quartier quand un tireur qui \u00e9tait dans la rue l&rsquo;a atteint, a indiqu\u00e9 \u00e0 l&rsquo;AFP le parquet de Bobigny. Selon une source polici\u00e8re, deux hommes \u00e9taient arriv\u00e9s \u00e0 scooter, l&rsquo;un avait mis pied \u00e0 terre puis avait tir\u00e9 sur l&rsquo;adolescent. Puis ils avaient pris la fuite. Le gar\u00e7on a \u00e9t\u00e9 touch\u00e9 \u00e0 la poitrine, selon cette source.<\/p>\n\n\n\n<p>Le parquet a pr\u00e9cis\u00e9 en d\u00e9but de soir\u00e9e n&rsquo;avoir \u00ab\u00a0aucun \u00e9l\u00e9ment sur le contexte\u00a0\u00bb de ce drame. A ce stade, \u00ab\u00a0personne n&rsquo;a \u00e9t\u00e9 interpell\u00e9\u00a0\u00bb, a-t-il ajout\u00e9.<\/p>\n\n\n\n<p>Dans le quartier pavillonnaire o\u00f9 est situ\u00e9 la maison de quartier qui abrite un centre de loisirs et des activit\u00e9s d&rsquo;aide aux devoirs, l&rsquo;effroi et la tristesse dominaient vendredi soir.<\/p>\n\n\n\n<p>\u00c9voquant la victime, une m\u00e8re de famille &#8211; en larmes &#8211; a t\u00e9moign\u00e9 anonymement aupr\u00e8s de l&rsquo;AFP: \u00ab\u00a0Mon fils fait de la boxe avec lui. Il m&rsquo;a appel\u00e9, il \u00e9tait dans le centre et m&rsquo;a dit +mon copain est mort+. \u00c7a aurait pu \u00eatre mon fils\u00a0\u00bb. \u00ab\u00a0C&rsquo;est un bon gar\u00e7on, assidu \u00e0 la boxe. Il ne faisait pas plus de b\u00eatises que d&rsquo;autres ados\u00a0\u00bb, a assur\u00e9 cette habitante du quartier depuis plus de trente ans, \u00e9voquant \u00ab\u00a0des jeunes qui se disputent entre eux et se croient dans un jeu vid\u00e9o pensant qu&rsquo;ils ont droit \u00e0 des vies en plus\u00a0\u00bb.<\/p>\n\n\n\n<p>\u00ab\u00a0A 15 ans, on ne devrait pas mourir\u00a0\u00bb, souffle un p\u00e8re de famille, dont le fils faisait \u00e9galement de la boxe avec la victime. Comme lui, des habitants mass\u00e9s derri\u00e8re le cordon de s\u00e9curit\u00e9 mis en place par la police partageaient entre eux des photos et vid\u00e9os du gar\u00e7on, souriant lors de comp\u00e9titions de boxe ou au centre de loisirs avec ses copains du quartier, et le disaient \u00ab\u00a0serviable, gentil et doux\u00a0\u00bb.<\/p>\n\n\n\n<p>\u00ab\u00a0Un super gamin qui faisait de la boxe \u00e0 un tr\u00e8s bon niveau\u00a0\u00bb, abonde une animatrice du centre, qui ne travaillait pas vendredi et requiert l&rsquo;anonymat. L&rsquo;enqu\u00eate a \u00e9t\u00e9 confi\u00e9e \u00e0 la police judiciaire de Seine-Saint-Denis.<\/p>\n\n\n\n<p>En d\u00e9but de semaine, la r\u00e9gion parisienne a \u00e9t\u00e9 choqu\u00e9e par deux d\u00e9c\u00e8s d&rsquo;adolescents de 14 ans survenus en moins de 24 heures dans deux villes de l&rsquo;Essonne distantes de 45 kilom\u00e8tres. Les deux meurtres, apparemment sans lien, sont survenus \u00e0 chaque fois dans des rixes entre jeunes: une coll\u00e9gienne avait re\u00e7u un coup de couteau mortel lundi dans la petite ville de Saint-Ch\u00e9ron puis un gar\u00e7on \u00e9tait mort poignard\u00e9 mardi \u00e0 Boussy-Saint-Antoine.<\/p>\n\n\n\n<p>Un mineur de 16 ans ayant reconnu avoir port\u00e9 le coup de couteau sur la coll\u00e9gienne de Saint-Ch\u00e9ron a \u00e9t\u00e9 mis en examen pour meurtre et plac\u00e9 en d\u00e9tention provisoire jeudi.<\/p>\n\n\n\n<p>Cinq autres adolescents sont poursuivis. Puis vendredi, un adolescent de 15 ans a \u00e9t\u00e9 mis en examen pour le meurtre du coll\u00e9gien \u00e0 Boussy-Saint-Antoine et plac\u00e9 en d\u00e9tention provisoire. Six autres mineurs, \u00e2g\u00e9s de 16 et 17 ans, sont \u00e9galement poursuivis et ont \u00e9t\u00e9 plac\u00e9s sous contr\u00f4le judiciaire.<\/p>\n\n\n\n<p><\/p>\n","protected":false},"excerpt":{"rendered":"<p>\u00a0Deux personnes ont \u00e9t\u00e9 plac\u00e9es en garde \u00e0 vue apr\u00e8s la mort d&rsquo;un adolescent de 15 ans tu\u00e9 par balle hier \u00e0 Bondy, indique le parquet.\u00a0Il s&rsquo;agit de deux demi-fr\u00e8res\u00a0: l&rsquo;un est n\u00e9 en f\u00e9vrier 2004, l&rsquo;autre en janvier 1994, indique une source proche de l&rsquo;enqu\u00eate \u00e0 France T\u00e9l\u00e9visions. Le plus \u00e2g\u00e9 est soup\u00e7onn\u00e9 d&rsquo;\u00eatre [&hellip;]<\/p>\n","protected":false},"author":2,"featured_media":17953,"comment_status":"open","ping_status":"open","sticky":false,"template":"","format":"standard","meta":{"_jetpack_memberships_contains_paid_content":false,"footnotes":"","jetpack_publicize_message":"","jetpack_publicize_feature_enabled":true,"jetpack_social_post_already_shared":true,"jetpack_social_options":{"image_generator_settings":{"template":"highway","default_image_id":0,"font":"","enabled":false},"version":2},"_wpas_customize_per_network":false},"categories":[405],"tags":[],"class_list":["post-17952","post","type-post","status-publish","format-standard","has-post-thumbnail","hentry","category-actu-france-monde"],"jetpack_publicize_connections":[],"jetpack_featured_media_url":"https:\/\/i0.wp.com\/www.iceagetv.com\/radiosite\/wp-content\/uploads\/2021\/02\/Deux-demi-fr%C3%A8res-de-16-et-26-ans.jpg?fit=1024%2C682&ssl=1","jetpack_sharing_enabled":true,"_links":{"self":[{"href":"https:\/\/www.iceagetv.com\/radiosite\/wp-json\/wp\/v2\/posts\/17952","targetHints":{"allow":["GET"]}}],"collection":[{"href":"https:\/\/www.iceagetv.com\/radiosite\/wp-json\/wp\/v2\/posts"}],"about":[{"href":"https:\/\/www.iceagetv.com\/radiosite\/wp-json\/wp\/v2\/types\/post"}],"author":[{"embeddable":true,"href":"https:\/\/www.iceagetv.com\/radiosite\/wp-json\/wp\/v2\/users\/2"}],"replies":[{"embeddable":true,"href":"https:\/\/www.iceagetv.com\/radiosite\/wp-json\/wp\/v2\/comments?post=17952"}],"version-history":[{"count":1,"href":"https:\/\/www.iceagetv.com\/radiosite\/wp-json\/wp\/v2\/posts\/17952\/revisions"}],"predecessor-version":[{"id":17954,"href":"https:\/\/www.iceagetv.com\/radiosite\/wp-json\/wp\/v2\/posts\/17952\/revisions\/17954"}],"wp:featuredmedia":[{"embeddable":true,"href":"https:\/\/www.iceagetv.com\/radiosite\/wp-json\/wp\/v2\/media\/17953"}],"wp:attachment":[{"href":"https:\/\/www.iceagetv.com\/radiosite\/wp-json\/wp\/v2\/media?parent=17952"}],"wp:term":[{"taxonomy":"category","embeddable":true,"href":"https:\/\/www.iceagetv.com\/radiosite\/wp-json\/wp\/v2\/categories?post=17952"},{"taxonomy":"post_tag","embeddable":true,"href":"https:\/\/www.iceagetv.com\/radiosite\/wp-json\/wp\/v2\/tags?post=17952"}],"curies":[{"name":"wp","href":"https:\/\/api.w.org\/{rel}","templated":true}]}}