{"id":17962,"date":"2021-02-28T16:04:58","date_gmt":"2021-02-28T16:04:58","guid":{"rendered":"http:\/\/www.iceagetv.com\/radiosite\/?p=17962"},"modified":"2021-02-28T16:04:58","modified_gmt":"2021-02-28T16:04:58","slug":"birmanie-au-moins-18-personnes-tuees-par-les-forces-de-lordre-lors-de-manifestations-contre-le-coup-detat-selon-un-premier-bilan-de-lonu","status":"publish","type":"post","link":"https:\/\/www.iceagetv.com\/radiosite\/birmanie-au-moins-18-personnes-tuees-par-les-forces-de-lordre-lors-de-manifestations-contre-le-coup-detat-selon-un-premier-bilan-de-lonu\/","title":{"rendered":"Birmanie : au moins 18 personnes tu\u00e9es par les forces de l\u2019ordre lors de manifestations contre le coup d\u2019Etat, selon un premier bilan de l\u2019ONU"},"content":{"rendered":"\n<p> <em>Ces morts sont dues \u00e0 l&rsquo;utilisation de balles r\u00e9elles pour tirer sur la foule\u00a0\u00bb\u00a0<\/em>dans plusieurs villes du pays, explique un communiqu\u00e9 de l&rsquo;ONU, alors que de nombreux Birmans \u00e9taient descendus dimanche dans la rue pour exprimer leur opposition au coup d&rsquo;Etat militaire. <\/p>\n\n\n\n<p>Pr\u00e8s d&rsquo;un mois apr\u00e8s&nbsp;<a href=\"https:\/\/www.francetvinfo.fr\/monde\/asie\/l-article-a-lire-pour-comprendre-la-situation-et-les-tensions-en-birmanie_4297959.html\">le renversement du gouvernement de Birmanie<\/a>&nbsp;par la junte militaire, la contestation est r\u00e9prim\u00e9e de plus en plus durement par les soldats, qui ont violemment dispers\u00e9 plusieurs rassemblements. Les Nations unies affirment disposer<em>&nbsp;\u00ab\u00a0d&rsquo;informations cr\u00e9dibles\u00a0\u00bb<\/em>&nbsp;selon lesquelles au moins 18 personnes ont \u00e9t\u00e9 tu\u00e9es et plus de 30 personnes ont \u00e9t\u00e9 bless\u00e9es dans cette r\u00e9pression violente des marches&nbsp;organis\u00e9es contre le coup d&rsquo;Etat militaire en Birmanie, dimanche 28 f\u00e9vrier.<\/p>\n\n\n\n<h2 class=\"wp-block-heading\">Des \u00ab\u00a0balles r\u00e9elles pour tirer sur la foule\u00a0\u00bb<\/h2>\n\n\n\n<p><em>\u00ab\u00a0Ces morts sont dues \u00e0 l&rsquo;utilisation de balles r\u00e9elles pour tirer sur la foule\u00a0\u00bb&nbsp;<\/em>dans plusieurs villes, explique un communiqu\u00e9 de l&rsquo;ONU.<em>&nbsp;\u00ab\u00a0Les forces de s\u00e9curit\u00e9 ont \u00e9galement utilis\u00e9 des gaz lacrymog\u00e8nes ainsi que des grenades assourdissantes ou paralysantes\u00a0\u00bb<\/em>, a ajout\u00e9 Ravina Shamdasani, porte-parole du Haut Commissariat aux droits de l&rsquo;Homme.&nbsp;<em>\u00ab\u00a0Nous condamnons fermement la r\u00e9pression de plus en plus violente des manifestations en Birmanie, et appelons les militaires \u00e0 cesser imm\u00e9diatement d&rsquo;utiliser la force contre des manifestants pacifiques.\u00a0\u00bb<\/em><\/p>\n\n\n\n<p>L&rsquo;AFP a pu pour l&rsquo;instant confirmer un bilan d&rsquo;au moins huit morts. Selon un ex-d\u00e9put\u00e9 du parti d&rsquo;Aung San Suu Kyi, Nyi Nyi, un manifestant de 23 ans a par exemple \u00e9t\u00e9 tu\u00e9 \u00e0 Rangoun, capitale \u00e9conomique du pays. Une manifestante explique \u00e0 l&rsquo;AFP y avoir entendu des tirs, sans&nbsp;<em>\u00ab\u00a0un mot d&rsquo;avertissement\u00a0\u00bb<\/em>. Mais on ignore s&rsquo;il s&rsquo;agissait de tirs \u00e0 balles r\u00e9elles. Des travailleurs de sant\u00e9 affirment \u00e9galement que deux gar\u00e7ons de 18 ans ont \u00e9t\u00e9 tu\u00e9s \u00e0 Bago, \u00e0 80 kilom\u00e8tres au nord-est de Rangoun.<\/p>\n\n\n\n<h2 class=\"wp-block-heading\">Le jour le plus meurtrier depuis le coup d&rsquo;Etat<\/h2>\n\n\n\n<p>Si ces d\u00e9c\u00e8s \u00e9taient tous confirm\u00e9s, le bilan de cette journ\u00e9e serait plus important que celui du mois pr\u00e9c\u00e9dent tout entier. On d\u00e9nombrait jusqu&rsquo;ici au moins cinq morts dans les rangs des manifestants depuis le coup d&rsquo;Etat du 1er f\u00e9vrier. L&rsquo;arm\u00e9e affirme pour sa part qu&rsquo;un policier a p\u00e9ri en tentant de disperser un rassemblement.&nbsp;<em>\u00ab\u00a0La nette escalade du recours \u00e0 la force l\u00e9tale dans plusieurs villes du pays (&#8230;) est scandaleuse et inacceptable et doit \u00eatre imm\u00e9diatement stopp\u00e9e\u00a0\u00bb<\/em>, a r\u00e9agi Phil Robertson, directeur adjoint de la division Asie \u00e0 Human Rights Watch.<\/p>\n\n\n\n<p>Par ailleurs, plus de 850 personnes ont \u00e9t\u00e9 interpell\u00e9es, inculp\u00e9es ou condamn\u00e9es depuis le 1er f\u00e9vrier, selon une ONG d&rsquo;aide aux prisonniers politiques (AAPP). Un chiffre qui devrait exploser, des m\u00e9dias officiels faisant \u00e9tat de 479 arrestations pour la seule journ\u00e9e de samedi.<\/p>\n\n\n\n<p><\/p>\n","protected":false},"excerpt":{"rendered":"<p>Ces morts sont dues \u00e0 l&rsquo;utilisation de balles r\u00e9elles pour tirer sur la foule\u00a0\u00bb\u00a0dans plusieurs villes du pays, explique un communiqu\u00e9 de l&rsquo;ONU, alors que de nombreux Birmans \u00e9taient descendus dimanche dans la rue pour exprimer leur opposition au coup d&rsquo;Etat militaire. Pr\u00e8s d&rsquo;un mois apr\u00e8s&nbsp;le renversement du gouvernement de Birmanie&nbsp;par la junte militaire, la [&hellip;]<\/p>\n","protected":false},"author":2,"featured_media":17963,"comment_status":"open","ping_status":"open","sticky":false,"template":"","format":"standard","meta":{"_jetpack_memberships_contains_paid_content":false,"footnotes":"","jetpack_publicize_message":"","jetpack_publicize_feature_enabled":true,"jetpack_social_post_already_shared":true,"jetpack_social_options":{"image_generator_settings":{"template":"highway","default_image_id":0,"font":"","enabled":false},"version":2},"_wpas_customize_per_network":false},"categories":[405],"tags":[],"class_list":["post-17962","post","type-post","status-publish","format-standard","has-post-thumbnail","hentry","category-actu-france-monde"],"jetpack_publicize_connections":[],"jetpack_featured_media_url":"https:\/\/i0.wp.com\/www.iceagetv.com\/radiosite\/wp-content\/uploads\/2021\/02\/au-moins-18-personnes-tu%C3%A9es-par-les-forces-de-l%E2%80%99ordre-lors-de-manifestations-contre-le-coup-d%E2%80%99Etat.png?fit=788%2C483&ssl=1","jetpack_sharing_enabled":true,"_links":{"self":[{"href":"https:\/\/www.iceagetv.com\/radiosite\/wp-json\/wp\/v2\/posts\/17962","targetHints":{"allow":["GET"]}}],"collection":[{"href":"https:\/\/www.iceagetv.com\/radiosite\/wp-json\/wp\/v2\/posts"}],"about":[{"href":"https:\/\/www.iceagetv.com\/radiosite\/wp-json\/wp\/v2\/types\/post"}],"author":[{"embeddable":true,"href":"https:\/\/www.iceagetv.com\/radiosite\/wp-json\/wp\/v2\/users\/2"}],"replies":[{"embeddable":true,"href":"https:\/\/www.iceagetv.com\/radiosite\/wp-json\/wp\/v2\/comments?post=17962"}],"version-history":[{"count":1,"href":"https:\/\/www.iceagetv.com\/radiosite\/wp-json\/wp\/v2\/posts\/17962\/revisions"}],"predecessor-version":[{"id":17964,"href":"https:\/\/www.iceagetv.com\/radiosite\/wp-json\/wp\/v2\/posts\/17962\/revisions\/17964"}],"wp:featuredmedia":[{"embeddable":true,"href":"https:\/\/www.iceagetv.com\/radiosite\/wp-json\/wp\/v2\/media\/17963"}],"wp:attachment":[{"href":"https:\/\/www.iceagetv.com\/radiosite\/wp-json\/wp\/v2\/media?parent=17962"}],"wp:term":[{"taxonomy":"category","embeddable":true,"href":"https:\/\/www.iceagetv.com\/radiosite\/wp-json\/wp\/v2\/categories?post=17962"},{"taxonomy":"post_tag","embeddable":true,"href":"https:\/\/www.iceagetv.com\/radiosite\/wp-json\/wp\/v2\/tags?post=17962"}],"curies":[{"name":"wp","href":"https:\/\/api.w.org\/{rel}","templated":true}]}}