{"id":17966,"date":"2021-02-28T16:26:20","date_gmt":"2021-02-28T16:26:20","guid":{"rendered":"http:\/\/www.iceagetv.com\/radiosite\/?p=17966"},"modified":"2021-02-28T16:26:20","modified_gmt":"2021-02-28T16:26:20","slug":"confinement-42-deputes-demandent-au-premier-ministre-la-reouverture-des-bars-et-restaurants-au-dejeuner-a-partir-du-30-mars-prochain","status":"publish","type":"post","link":"https:\/\/www.iceagetv.com\/radiosite\/confinement-42-deputes-demandent-au-premier-ministre-la-reouverture-des-bars-et-restaurants-au-dejeuner-a-partir-du-30-mars-prochain\/","title":{"rendered":"Confinement : 42 d\u00e9put\u00e9s demandent au Premier Ministre la r\u00e9ouverture des bars et restaurants au d\u00e9jeuner \u00e0 partir du 30 mars prochain"},"content":{"rendered":"\n<p>Alors que le gouvernement envisage des restrictions encore plus s\u00e9v\u00e8res pour 20 d\u00e9partements, 42 d\u00e9put\u00e9s sugg\u00e8rent une r\u00e9ouverture partielle des bars et restaurants&nbsp; \u00abau d\u00e9jeuner, pour ceux qui en font la demande\u00bb \u00e0 partir du 30 mars. Ces \u00e9lus, men\u00e9s par Richard Ramos (MoDem) et issus de tous bords politiques, s&rsquo;adressent au Premier ministre dans une tribune publi\u00e9e par le Journal du dimanche (JDD), ce 28 f\u00e9vrier.<\/p>\n\n\n\n<p>Pour le convaincre, ils pointent notamment les in\u00e9galit\u00e9s entre salari\u00e9s. Alors que certains \u00abpeuvent d\u00e9jeuner dans leurs restaurants d&rsquo;entreprise, d&rsquo;autres sont contraints de se restaurer dehors ou dans leurs bureaux : ces lieux ne sont pas adapt\u00e9s et ne permettent pas \u00e0 chaque salari\u00e9 de prendre une pause convenable\u00bb, \u00e9crivent les d\u00e9put\u00e9s.<em>close<\/em><em>volume_off<\/em><\/p>\n\n\n\n<p>Pour eux, il est injuste que certains \u00e9tablissements, comme les restaurants d&rsquo;entreprise ou ceux qui accueillent \u00abdes salari\u00e9s du BTP\u00bb puissent recevoir leurs clients et d&rsquo;autres non. Ce, alors m\u00eame que \u00abla quasi-totalit\u00e9 des professionnels du secteur ont toujours respect\u00e9 les consignes sanitaires et mis en place des proc\u00e9dures strictes\u00bb, estiment les signataires de la tribune.<\/p>\n\n\n\n<p>La fermeture prolong\u00e9e des restaurants et bars leur fait craindre le pire pour l&rsquo;avenir du secteur. Ils \u00e9voquent \u00ables conditions financi\u00e8res dramatiques des professionnels\u00bb, ainsi que \u00abl&rsquo;augmentation probable des d\u00e9p\u00f4ts de bilan\u00bb.<\/p>\n\n\n\n<p>D&rsquo;autant plus que, selon ces parlementaires, \u00abceux qui travaillaient dans ces \u00e9tablissements sont \u00e0 pr\u00e9sent en int\u00e9rim dans d&rsquo;autres secteurs\u00bb et \u00abbeaucoup d&rsquo;entre eux ne souhaitent pas retourner travailler dans la restauration\u00bb. Aussi, ils craignent \u00abune p\u00e9nurie de main d&rsquo;oeuvre\u00bb et appellent \u00e0 une r\u00e9ouverture, m\u00eame partielle, \u00abpour ne pas perdre ceux qui auraient encore l&rsquo;envie de travailler dans les restaurants\u00bb.<\/p>\n","protected":false},"excerpt":{"rendered":"<p>Alors que le gouvernement envisage des restrictions encore plus s\u00e9v\u00e8res pour 20 d\u00e9partements, 42 d\u00e9put\u00e9s sugg\u00e8rent une r\u00e9ouverture partielle des bars et restaurants&nbsp; \u00abau d\u00e9jeuner, pour ceux qui en font la demande\u00bb \u00e0 partir du 30 mars. Ces \u00e9lus, men\u00e9s par Richard Ramos (MoDem) et issus de tous bords politiques, s&rsquo;adressent au Premier ministre dans [&hellip;]<\/p>\n","protected":false},"author":2,"featured_media":17967,"comment_status":"open","ping_status":"open","sticky":false,"template":"","format":"standard","meta":{"_jetpack_memberships_contains_paid_content":false,"footnotes":"","jetpack_publicize_message":"","jetpack_publicize_feature_enabled":true,"jetpack_social_post_already_shared":true,"jetpack_social_options":{"image_generator_settings":{"template":"highway","default_image_id":0,"font":"","enabled":false},"version":2},"_wpas_customize_per_network":false},"categories":[405],"tags":[],"class_list":["post-17966","post","type-post","status-publish","format-standard","has-post-thumbnail","hentry","category-actu-france-monde"],"jetpack_publicize_connections":[],"jetpack_featured_media_url":"https:\/\/i0.wp.com\/www.iceagetv.com\/radiosite\/wp-content\/uploads\/2021\/02\/42-d%C3%A9put%C3%A9s-demandent-au-Premier-Ministre-la-r%C3%A9ouverture-des-bars-et-restaurants-au-d%C3%A9jeuner-%C3%A0-partir-du-30-mars-prochain.jpg?fit=679%2C293&ssl=1","jetpack_sharing_enabled":true,"_links":{"self":[{"href":"https:\/\/www.iceagetv.com\/radiosite\/wp-json\/wp\/v2\/posts\/17966","targetHints":{"allow":["GET"]}}],"collection":[{"href":"https:\/\/www.iceagetv.com\/radiosite\/wp-json\/wp\/v2\/posts"}],"about":[{"href":"https:\/\/www.iceagetv.com\/radiosite\/wp-json\/wp\/v2\/types\/post"}],"author":[{"embeddable":true,"href":"https:\/\/www.iceagetv.com\/radiosite\/wp-json\/wp\/v2\/users\/2"}],"replies":[{"embeddable":true,"href":"https:\/\/www.iceagetv.com\/radiosite\/wp-json\/wp\/v2\/comments?post=17966"}],"version-history":[{"count":1,"href":"https:\/\/www.iceagetv.com\/radiosite\/wp-json\/wp\/v2\/posts\/17966\/revisions"}],"predecessor-version":[{"id":17968,"href":"https:\/\/www.iceagetv.com\/radiosite\/wp-json\/wp\/v2\/posts\/17966\/revisions\/17968"}],"wp:featuredmedia":[{"embeddable":true,"href":"https:\/\/www.iceagetv.com\/radiosite\/wp-json\/wp\/v2\/media\/17967"}],"wp:attachment":[{"href":"https:\/\/www.iceagetv.com\/radiosite\/wp-json\/wp\/v2\/media?parent=17966"}],"wp:term":[{"taxonomy":"category","embeddable":true,"href":"https:\/\/www.iceagetv.com\/radiosite\/wp-json\/wp\/v2\/categories?post=17966"},{"taxonomy":"post_tag","embeddable":true,"href":"https:\/\/www.iceagetv.com\/radiosite\/wp-json\/wp\/v2\/tags?post=17966"}],"curies":[{"name":"wp","href":"https:\/\/api.w.org\/{rel}","templated":true}]}}