{"id":17972,"date":"2021-03-01T17:12:47","date_gmt":"2021-03-01T17:12:47","guid":{"rendered":"http:\/\/www.iceagetv.com\/radiosite\/?p=17972"},"modified":"2021-03-01T17:12:47","modified_gmt":"2021-03-01T17:12:47","slug":"coronavirus-la-maire-anne-hidalgo-est-en-desaccord-avec-le-confinement-le-week-end-a-paris-cest-une-proposition-inhumaine","status":"publish","type":"post","link":"https:\/\/www.iceagetv.com\/radiosite\/coronavirus-la-maire-anne-hidalgo-est-en-desaccord-avec-le-confinement-le-week-end-a-paris-cest-une-proposition-inhumaine\/","title":{"rendered":"Coronavirus &#8211; La maire Anne Hidalgo est en d\u00e9saccord avec le confinement le week-end \u00e0 Paris: C\u2019est une \u00ab\u00a0proposition inhumaine\u00a0\u00bb"},"content":{"rendered":"\n<p><strong>La maire Anne Hidalgo est en d\u00e9saccord avec le confinement le week-end \u00e0 Paris : c\u2019est une \u00ab&nbsp;proposition inhumaine&nbsp;\u00bb. Une annonce faite lors d&rsquo;un point presse cet apr\u00e8s-midi.&nbsp;<\/strong>\u00ab\u00a0Je propose aux enseignants de faire cours fen\u00eatres ouvertes en profitant du retour des beaux jours. Je propose de faire classe en ext\u00e9rieur quand cela est possible. Nous mettrons \u00e0 disposition les squares et jardins publics\u00a0\u00bb, a d\u00e9clar\u00e9 la maire de la capitale.<\/p>\n\n\n\n<p>\u00ab\u00a0Je propose d&rsquo;ouvrir pour les \u00e9tudiants des lieux suppl\u00e9mentaires de r\u00e9viser au calme, en plus des biblioth\u00e8ques, qui sont d\u00e9j\u00e0 ouvertes\u00a0\u00bb, a ajout\u00e9 Anne Hidalgo. La maire de Paris annonce que \u00ab\u00a0d\u00e8s aujourd&rsquo;hui, les parcs et jardins seront ouverts jusqu&rsquo;\u00e0 18 heures, ce qui permettra aux Parisiennes et Parisiens de profiter des espaces a\u00e9r\u00e9s\u00a0\u00bb.<\/p>\n\n\n\n<p><strong>Emmanuel Macron a appel\u00e9 lundi \u00e0 \u00abtenir\u00bb encore \u00ab4 \u00e0 6 semaines\u00bb avant de pouvoir desserrer certaines contraintes face \u00e0 l&rsquo;\u00e9pid\u00e9mie de coronavirus, lors d&rsquo;un \u00e9change avec des jeunes dans un centre de formation aux m\u00e9tiers industriels \u00e0 Stains (Seine-Saint-Denis).<\/strong><\/p>\n\n\n\n<p>Interpell\u00e9 par un jeune homme qui lui demandait de \u00abprolonger jusqu&rsquo;\u00e0 19H00 le couvre-feu, parce que c&rsquo;est dur\u00bb, le chef de l&rsquo;Etat l&rsquo;a exhort\u00e9 en souriant \u00e0 \u00abtenir encore quelques semaines\u00bb, a constat\u00e9 l&rsquo;AFP. \u00abQuatre \u00e0 six semaines\u00bb, a-t-il ajout\u00e9, au cours d&rsquo;une visite sur le site de L&rsquo;Industreet.<\/p>\n\n\n\n<p>Alors que les indicateurs de l&rsquo;\u00e9pid\u00e9mie sont repartis \u00e0 la hausse, de nouvelles mesures de restriction pourraient \u00eatre prochainement \u00e9dict\u00e9es dans une vingtaine de d\u00e9partements plac\u00e9s sous \u00abvigilance renforc\u00e9e\u00bb.<\/p>\n\n\n\n<p>Des concertations sont actuellement en cours entre pr\u00e9fets et \u00e9lus locaux de ces d\u00e9partements, situ\u00e9s notamment en Ile-de-France et autour des grandes m\u00e9tropoles (Lyon, Marseille, Lille). Des confinements locaux le week-end, comme ceux pr\u00e9valant \u00e0 Nice et Dunkerque, pourraient \u00eatre ordonn\u00e9s \u00e0 l&rsquo;issue de ces consultations.<\/p>\n\n\n\n<p>Parall\u00e8lement, l&rsquo;ex\u00e9cutif mise sur la mont\u00e9e en puissance de la vaccination, notamment chez les plus vuln\u00e9rables et les soignants, afin d&rsquo;essayer d&rsquo;att\u00e9nuer la pression hospitali\u00e8re. Jean Castex a annonc\u00e9 jeudi qu&rsquo;\u00e0 la mi-mai, \u00abla totalit\u00e9 des personnes de plus de 50 ans se seront vu proposer une premi\u00e8re injection\u00bb contre le Covid-19.<\/p>\n\n\n\n<p>Et d&rsquo;ici fin mars, \u00ables deux tiers des personnes de plus de 75 ans seront vaccin\u00e9es\u00bb, a encore indiqu\u00e9 le Premier ministre.<\/p>\n\n\n\n<p>Le chef de l&rsquo;Etat doit aussi tenir cette semaine une r\u00e9union avec des membres du gouvernement pr\u00e9parer la mise en place d&rsquo;un \u00abpass sanitaire\u00bb, qui ne sera pas un \u00abpasseport vaccinal\u00bb, en vue de la r\u00e9ouverture des lieux culturels et des restaurants ferm\u00e9s par la pand\u00e9mie.<\/p>\n\n\n\n<p>Il faut prendre des \u00abmesures plus fortes\u00bb contre le Covid-19 en Ile-de-France mais un confinement de Paris seul serait \u00abinefficace\u00bb, a estim\u00e9 lundi l&rsquo;adjoint EELV \u00e0 la mairie de la capitale David Belliard, tout en plaidant pour rouvrir les lieux culturels. D&rsquo;\u00e9ventuelles nouvelles mesures restrictives \u00e0 Paris et en Ile-de-France seront au coeur de r\u00e9unions s\u00e9par\u00e9es lundi apr\u00e8s-midi, la mairie de Paris et la R\u00e9gion rencontrant chacune de leur c\u00f4t\u00e9 les autorit\u00e9s pr\u00e9fectorales et sanitaires.<\/p>\n\n\n\n<p>Pour David Belliard, toute d\u00e9cision de confinement doit \u00eatre \u00abune d\u00e9cision du gouvernement\u00bb car c&rsquo;est \u00abune d\u00e9cision tr\u00e8s grave qui m\u00e9rite aussi beaucoup de concertation\u00bb. \u00abCe n&rsquo;est pas au gouvernement, \u00e0 l&rsquo;Etat de d\u00e9cider tout seul mais ce n&rsquo;est pas non plus \u00e0 Paris de d\u00e9cider seul\u00bb, sans les \u00e9lus franciliens, a-t-il estim\u00e9 sur RFI. Ces propos interviennent alors que \u00abl&rsquo;hypoth\u00e8se\u00bb formul\u00e9e jeudi par le premier adjoint \u00e0 la mairie de Paris, Emmanuel Gr\u00e9goire, de reconfiner la capitale pendant trois semaines pour \u00abavoir la perspective de tout rouvrir\u00bb \u00e0 son issue a suscit\u00e9 de fortes critiques dans l&rsquo;opposition municipale comme au gouvernement, le Premier ministre Jean Castex \u00e9voquant des \u00abfadaises\u00bb.<\/p>\n\n\n\n<p>Reconnaissant dans cet \u00e9pisode \u00abbeaucoup de maladresse de communication\u00bb, M. Belliard a jug\u00e9 qu&rsquo;\u00abun confinement sur Paris serait \u00e9videmment inefficace, incompris (&#8230;), pas possible, surtout pas souhaitable\u00bb. \u00abPar contre\u00bb la \u00abmauvaise\u00bb dynamique \u00e9pid\u00e9mique en Ile-de-France, notamment \u00e0 Paris, appelle \u00absans doute\u00bb des \u00abmesures plus fortes\u00bb. Selon lui, le couvre-feu, g\u00e9n\u00e9rateur de \u00absouffrance\u00bb, n&rsquo;est \u00abpas efficace puisque la dynamique de l&rsquo;\u00e9pid\u00e9mie repart \u00e0 la hausse\u00bb.<\/p>\n\n\n\n<p>L&rsquo;\u00e9lu parisien a toutefois plaid\u00e9 pour \u00abapprendre \u00e0 vivre avec le virus\u00bb: il faut selon lui \u00ab\u00e9largir les biens essentiels et notamment ouvrir les lieux culturels, mais aussi les lieux sportifs comme on le fait avec les librairies\u00bb. Interrog\u00e9 sur les images de foule mass\u00e9e sur les quais de Seine dimanche pour profiter du beau temps, M. Belliard a estim\u00e9 qu&rsquo;\u00abil y avait sans doute trop de monde\u00bb mais que \u00ables Parisiens ont besoin de prendre l&rsquo;air\u00bb. Ils \u00abrespectent globalement les r\u00e8gles sanitaires\u00bb et cela \u00abne n\u00e9cessitait pas ce d\u00e9ploiement de forces de l&rsquo;ordre qui \u00e9tait massif\u00bb, a-t-il ajout\u00e9.<\/p>\n\n\n\n<p><\/p>\n\n\n\n<p><\/p>\n","protected":false},"excerpt":{"rendered":"<p>La maire Anne Hidalgo est en d\u00e9saccord avec le confinement le week-end \u00e0 Paris : c\u2019est une \u00ab&nbsp;proposition inhumaine&nbsp;\u00bb. Une annonce faite lors d&rsquo;un point presse cet apr\u00e8s-midi.&nbsp;\u00ab\u00a0Je propose aux enseignants de faire cours fen\u00eatres ouvertes en profitant du retour des beaux jours. Je propose de faire classe en ext\u00e9rieur quand cela est possible. Nous [&hellip;]<\/p>\n","protected":false},"author":2,"featured_media":17973,"comment_status":"open","ping_status":"open","sticky":false,"template":"","format":"standard","meta":{"_jetpack_memberships_contains_paid_content":false,"footnotes":"","jetpack_publicize_message":"","jetpack_publicize_feature_enabled":true,"jetpack_social_post_already_shared":true,"jetpack_social_options":{"image_generator_settings":{"template":"highway","default_image_id":0,"font":"","enabled":false},"version":2},"_wpas_customize_per_network":false},"categories":[405],"tags":[],"class_list":["post-17972","post","type-post","status-publish","format-standard","has-post-thumbnail","hentry","category-actu-france-monde"],"jetpack_publicize_connections":[],"jetpack_featured_media_url":"https:\/\/i0.wp.com\/www.iceagetv.com\/radiosite\/wp-content\/uploads\/2021\/03\/La-maire-Anne-Hidalgo-est-en-d%C3%A9saccord.jpg?fit=679%2C293&ssl=1","jetpack_sharing_enabled":true,"_links":{"self":[{"href":"https:\/\/www.iceagetv.com\/radiosite\/wp-json\/wp\/v2\/posts\/17972","targetHints":{"allow":["GET"]}}],"collection":[{"href":"https:\/\/www.iceagetv.com\/radiosite\/wp-json\/wp\/v2\/posts"}],"about":[{"href":"https:\/\/www.iceagetv.com\/radiosite\/wp-json\/wp\/v2\/types\/post"}],"author":[{"embeddable":true,"href":"https:\/\/www.iceagetv.com\/radiosite\/wp-json\/wp\/v2\/users\/2"}],"replies":[{"embeddable":true,"href":"https:\/\/www.iceagetv.com\/radiosite\/wp-json\/wp\/v2\/comments?post=17972"}],"version-history":[{"count":1,"href":"https:\/\/www.iceagetv.com\/radiosite\/wp-json\/wp\/v2\/posts\/17972\/revisions"}],"predecessor-version":[{"id":17974,"href":"https:\/\/www.iceagetv.com\/radiosite\/wp-json\/wp\/v2\/posts\/17972\/revisions\/17974"}],"wp:featuredmedia":[{"embeddable":true,"href":"https:\/\/www.iceagetv.com\/radiosite\/wp-json\/wp\/v2\/media\/17973"}],"wp:attachment":[{"href":"https:\/\/www.iceagetv.com\/radiosite\/wp-json\/wp\/v2\/media?parent=17972"}],"wp:term":[{"taxonomy":"category","embeddable":true,"href":"https:\/\/www.iceagetv.com\/radiosite\/wp-json\/wp\/v2\/categories?post=17972"},{"taxonomy":"post_tag","embeddable":true,"href":"https:\/\/www.iceagetv.com\/radiosite\/wp-json\/wp\/v2\/tags?post=17972"}],"curies":[{"name":"wp","href":"https:\/\/api.w.org\/{rel}","templated":true}]}}