{"id":17975,"date":"2021-03-03T11:58:44","date_gmt":"2021-03-03T11:58:44","guid":{"rendered":"http:\/\/www.iceagetv.com\/radiosite\/?p=17975"},"modified":"2021-03-03T11:58:44","modified_gmt":"2021-03-03T11:58:44","slug":"le-groupe-dextreme-droite-generation-identitaire-dissous-ce-matin-en-conseil-des-ministres-annonce-le-ministre-de-linterieur","status":"publish","type":"post","link":"https:\/\/www.iceagetv.com\/radiosite\/le-groupe-dextreme-droite-generation-identitaire-dissous-ce-matin-en-conseil-des-ministres-annonce-le-ministre-de-linterieur\/","title":{"rendered":"Le groupe d&rsquo;extr\u00eame droite G\u00e9n\u00e9ration identitaire dissous ce matin en Conseil des ministres, annonce le ministre de l&rsquo;Int\u00e9rieur"},"content":{"rendered":"\n<p>Le groupe d&rsquo;extr\u00eame droite G\u00e9n\u00e9ration identitaire a \u00e9t\u00e9 dissous ce matin en Conseil des ministres, annonce le ministre de l&rsquo;Int\u00e9rieur. \u00ab\u00a0Comme le d\u00e9taille le d\u00e9cret que j\u2019ai pr\u00e9sent\u00e9, elle incite \u00e0 la discrimination, la haine et la violence\u00a0\u00bb, explique G\u00e9rald Darmanin dans son message post\u00e9 \u00e0 la mi-journ\u00e9e sur Twitter.<\/p>\n\n\n\n<p>Le minist\u00e8re de l&rsquo;Int\u00e9rieur, qui reproche \u00e0 G\u00e9n\u00e9ration Identitaire (GI) un \u00ab\u00a0discours de haine assum\u00e9\u00a0\u00bb et son organisation en \u00ab\u00a0milice priv\u00e9e\u00a0\u00bb, avait engag\u00e9 la proc\u00e9dure de dissolution du groupe d&rsquo;extr\u00eame droite, il y a quelques semaines, r\u00e9clam\u00e9e de longue date par plusieurs associations et partis politiques. Cette proc\u00e9dure de dissolution intervient alors que le minist\u00e8re de l&rsquo;Int\u00e9rieur a, ces derniers mois, obtenu la dissolution d&rsquo;associations accus\u00e9es d&rsquo;\u00eatre proches de la mouvance islamiste (CCIF, BarakaCity, collectif Cheikh Yassine) dans le sillage de l&rsquo;assassinat de Samuel Paty.<\/p>\n","protected":false},"excerpt":{"rendered":"<p>Le groupe d&rsquo;extr\u00eame droite G\u00e9n\u00e9ration identitaire a \u00e9t\u00e9 dissous ce matin en Conseil des ministres, annonce le ministre de l&rsquo;Int\u00e9rieur. \u00ab\u00a0Comme le d\u00e9taille le d\u00e9cret que j\u2019ai pr\u00e9sent\u00e9, elle incite \u00e0 la discrimination, la haine et la violence\u00a0\u00bb, explique G\u00e9rald Darmanin dans son message post\u00e9 \u00e0 la mi-journ\u00e9e sur Twitter. Le minist\u00e8re de l&rsquo;Int\u00e9rieur, qui [&hellip;]<\/p>\n","protected":false},"author":2,"featured_media":17976,"comment_status":"open","ping_status":"open","sticky":false,"template":"","format":"standard","meta":{"_jetpack_memberships_contains_paid_content":false,"footnotes":"","jetpack_publicize_message":"","jetpack_publicize_feature_enabled":true,"jetpack_social_post_already_shared":true,"jetpack_social_options":{"image_generator_settings":{"template":"highway","default_image_id":0,"font":"","enabled":false},"version":2},"_wpas_customize_per_network":false},"categories":[405],"tags":[],"class_list":["post-17975","post","type-post","status-publish","format-standard","has-post-thumbnail","hentry","category-actu-france-monde"],"jetpack_publicize_connections":[],"jetpack_featured_media_url":"https:\/\/i0.wp.com\/www.iceagetv.com\/radiosite\/wp-content\/uploads\/2021\/03\/Le-groupe-dextr%C3%AAme-droite-G%C3%A9n%C3%A9ration-identitaire.jpg?fit=680%2C321&ssl=1","jetpack_sharing_enabled":true,"_links":{"self":[{"href":"https:\/\/www.iceagetv.com\/radiosite\/wp-json\/wp\/v2\/posts\/17975","targetHints":{"allow":["GET"]}}],"collection":[{"href":"https:\/\/www.iceagetv.com\/radiosite\/wp-json\/wp\/v2\/posts"}],"about":[{"href":"https:\/\/www.iceagetv.com\/radiosite\/wp-json\/wp\/v2\/types\/post"}],"author":[{"embeddable":true,"href":"https:\/\/www.iceagetv.com\/radiosite\/wp-json\/wp\/v2\/users\/2"}],"replies":[{"embeddable":true,"href":"https:\/\/www.iceagetv.com\/radiosite\/wp-json\/wp\/v2\/comments?post=17975"}],"version-history":[{"count":1,"href":"https:\/\/www.iceagetv.com\/radiosite\/wp-json\/wp\/v2\/posts\/17975\/revisions"}],"predecessor-version":[{"id":17977,"href":"https:\/\/www.iceagetv.com\/radiosite\/wp-json\/wp\/v2\/posts\/17975\/revisions\/17977"}],"wp:featuredmedia":[{"embeddable":true,"href":"https:\/\/www.iceagetv.com\/radiosite\/wp-json\/wp\/v2\/media\/17976"}],"wp:attachment":[{"href":"https:\/\/www.iceagetv.com\/radiosite\/wp-json\/wp\/v2\/media?parent=17975"}],"wp:term":[{"taxonomy":"category","embeddable":true,"href":"https:\/\/www.iceagetv.com\/radiosite\/wp-json\/wp\/v2\/categories?post=17975"},{"taxonomy":"post_tag","embeddable":true,"href":"https:\/\/www.iceagetv.com\/radiosite\/wp-json\/wp\/v2\/tags?post=17975"}],"curies":[{"name":"wp","href":"https:\/\/api.w.org\/{rel}","templated":true}]}}