{"id":17984,"date":"2021-03-03T19:42:21","date_gmt":"2021-03-03T19:42:21","guid":{"rendered":"http:\/\/www.iceagetv.com\/radiosite\/?p=17984"},"modified":"2021-03-03T19:42:21","modified_gmt":"2021-03-03T19:42:21","slug":"suede-huit-personnes-blessees-a-larme-blanche-dans-une-attaque-terroriste-presumee-annoncent-les-autorites-lassaillant-neutralise-par-la-police-serait-age-dune-vingtaine-dannee","status":"publish","type":"post","link":"https:\/\/www.iceagetv.com\/radiosite\/suede-huit-personnes-blessees-a-larme-blanche-dans-une-attaque-terroriste-presumee-annoncent-les-autorites-lassaillant-neutralise-par-la-police-serait-age-dune-vingtaine-dannee\/","title":{"rendered":"Su\u00e8de : Huit personnes bless\u00e9es \u00e0 l&rsquo;arme blanche dans une \u00abattaque terroriste\u00bb pr\u00e9sum\u00e9e annoncent les autorit\u00e9s &#8211; L&rsquo;assaillant neutralis\u00e9 par la police serait \u00e2g\u00e9 d&rsquo;une vingtaine d&rsquo;ann\u00e9es"},"content":{"rendered":"\n<p><strong>L&rsquo;assaillant pr\u00e9sum\u00e9, un homme d&rsquo;une vingtaine d&rsquo;ann\u00e9es, a \u00e9t\u00e9 bless\u00e9 \u00e0 la jambe par des tirs de la police et interpell\u00e9 dans l&rsquo;apr\u00e8s-midi \u00e0 Vetlanda, une petite ville du sud du pays, selon les autorit\u00e9s<\/strong>. Ces derni\u00e8res avaient initialement \u00e9cart\u00e9 la piste terroriste mais ont indiqu\u00e9 mercredi soir suspecter un \u00ab\u00a0crime terroriste\u00a0\u00bb. Le suspect \u00e9tait en possession d&rsquo;une \u00ab\u00a0arme tranchante\u00a0\u00bb a fait savoir un porte-parole de la police, Kristian Ljungberg.<\/p>\n\n\n\n<p>Selon les m\u00e9dias locaux, il s&rsquo;agissait d&rsquo;un couteau. Aucun autre d\u00e9tail n&rsquo;a \u00e9t\u00e9 donn\u00e9 sur le suspect, qui a \u00e9t\u00e9 hospitalis\u00e9 pour traiter ses blessures. Je condamne cet acte terrible. Nous affrontons ces actes odieux avec la force collective de la soci\u00e9t\u00e9\u00a0\u00bb, a r\u00e9agi le Premier ministre social-d\u00e9mocrate Stefan L\u00f6fven. \u00ab\u00a0Ce soir, je pense \u00e0 ceux qui ont \u00e9t\u00e9 bless\u00e9s \u00e0 Vetlanda et \u00e0 leurs proches\u00a0\u00bb, a-t-il ajout\u00e9 dans un tweet. La police et les renseignements, qui collaborent dans ce dossier, \u00ab\u00a0\u00e9valuent en permanence le besoin des raisons de prendre des mesures de s\u00e9curit\u00e9 et nous sommes pr\u00eats \u00e0 le faire si n\u00e9cessaire\u00a0\u00bb, a-t-il indiqu\u00e9 sur les r\u00e9seaux sociaux. <\/p>\n","protected":false},"excerpt":{"rendered":"<p>L&rsquo;assaillant pr\u00e9sum\u00e9, un homme d&rsquo;une vingtaine d&rsquo;ann\u00e9es, a \u00e9t\u00e9 bless\u00e9 \u00e0 la jambe par des tirs de la police et interpell\u00e9 dans l&rsquo;apr\u00e8s-midi \u00e0 Vetlanda, une petite ville du sud du pays, selon les autorit\u00e9s. Ces derni\u00e8res avaient initialement \u00e9cart\u00e9 la piste terroriste mais ont indiqu\u00e9 mercredi soir suspecter un \u00ab\u00a0crime terroriste\u00a0\u00bb. Le suspect \u00e9tait [&hellip;]<\/p>\n","protected":false},"author":2,"featured_media":17985,"comment_status":"open","ping_status":"open","sticky":false,"template":"","format":"standard","meta":{"_jetpack_memberships_contains_paid_content":false,"footnotes":"","jetpack_publicize_message":"","jetpack_publicize_feature_enabled":true,"jetpack_social_post_already_shared":true,"jetpack_social_options":{"image_generator_settings":{"template":"highway","default_image_id":0,"font":"","enabled":false},"version":2},"_wpas_customize_per_network":false},"categories":[405],"tags":[],"class_list":["post-17984","post","type-post","status-publish","format-standard","has-post-thumbnail","hentry","category-actu-france-monde"],"jetpack_publicize_connections":[],"jetpack_featured_media_url":"https:\/\/i0.wp.com\/www.iceagetv.com\/radiosite\/wp-content\/uploads\/2021\/03\/Huit-personnes-bless%C3%A9es-%C3%A0-larme-blanche.jpg?fit=679%2C293&ssl=1","jetpack_sharing_enabled":true,"_links":{"self":[{"href":"https:\/\/www.iceagetv.com\/radiosite\/wp-json\/wp\/v2\/posts\/17984","targetHints":{"allow":["GET"]}}],"collection":[{"href":"https:\/\/www.iceagetv.com\/radiosite\/wp-json\/wp\/v2\/posts"}],"about":[{"href":"https:\/\/www.iceagetv.com\/radiosite\/wp-json\/wp\/v2\/types\/post"}],"author":[{"embeddable":true,"href":"https:\/\/www.iceagetv.com\/radiosite\/wp-json\/wp\/v2\/users\/2"}],"replies":[{"embeddable":true,"href":"https:\/\/www.iceagetv.com\/radiosite\/wp-json\/wp\/v2\/comments?post=17984"}],"version-history":[{"count":1,"href":"https:\/\/www.iceagetv.com\/radiosite\/wp-json\/wp\/v2\/posts\/17984\/revisions"}],"predecessor-version":[{"id":17986,"href":"https:\/\/www.iceagetv.com\/radiosite\/wp-json\/wp\/v2\/posts\/17984\/revisions\/17986"}],"wp:featuredmedia":[{"embeddable":true,"href":"https:\/\/www.iceagetv.com\/radiosite\/wp-json\/wp\/v2\/media\/17985"}],"wp:attachment":[{"href":"https:\/\/www.iceagetv.com\/radiosite\/wp-json\/wp\/v2\/media?parent=17984"}],"wp:term":[{"taxonomy":"category","embeddable":true,"href":"https:\/\/www.iceagetv.com\/radiosite\/wp-json\/wp\/v2\/categories?post=17984"},{"taxonomy":"post_tag","embeddable":true,"href":"https:\/\/www.iceagetv.com\/radiosite\/wp-json\/wp\/v2\/tags?post=17984"}],"curies":[{"name":"wp","href":"https:\/\/api.w.org\/{rel}","templated":true}]}}