{"id":17990,"date":"2021-03-04T19:41:06","date_gmt":"2021-03-04T19:41:06","guid":{"rendered":"http:\/\/www.iceagetv.com\/radiosite\/?p=17990"},"modified":"2021-03-04T19:41:06","modified_gmt":"2021-03-04T19:41:06","slug":"coronavirus-le-confinement-le-week-end-est-etendu-au-pas-de-calais-dans-les-departements-en-vigilance-renforcee-les-centres-commerciaux-de-plus-de-10-000-m2-doivent-fermer-les-50-74-ans-pourron","status":"publish","type":"post","link":"https:\/\/www.iceagetv.com\/radiosite\/coronavirus-le-confinement-le-week-end-est-etendu-au-pas-de-calais-dans-les-departements-en-vigilance-renforcee-les-centres-commerciaux-de-plus-de-10-000-m2-doivent-fermer-les-50-74-ans-pourron\/","title":{"rendered":"Coronavirus &#8211; Le confinement le week-end est \u00e9tendu au Pas-de Calais &#8211; Dans les d\u00e9partements en vigilance renforc\u00e9e, les centres commerciaux de plus de 10.000 m2 doivent fermer &#8211; Les 50\/74 ans pourront se faire vacciner mi-avril"},"content":{"rendered":"\n<p> <strong>Jean Castex r\u00e9pond \u00e0 un journaliste qui remarque sa satisfaction permanentes sur les actions du gouvernement : \u00ab\u00a0Non, je ne crois pas faire d&rsquo;autosatisfaction. L&rsquo;heure en tout cas n&rsquo;est pas d&rsquo;envisager des r\u00e9ouvertures.\u00a0\u00bb<\/strong> <\/p>\n\n\n\n<p><strong>Olivier V\u00e9ran prend la parole : \u00ab\u00a0Nous allons lancer une grande campagne de vaccination se week-end.<\/strong>&nbsp;Cette vaccination en ville, elle prend son essor. C&rsquo;est un pilier de notre strat\u00e9gie pour apporter le vaccin au plus pr\u00e8s de nos concitoyens. Cette semaine, 800 000 vaccins ont \u00e9t\u00e9 livr\u00e9s aux m\u00e9decins, 750 000 la semaine prochaine. Plus d&rsquo;1,5 million de personnes vont recevoir une dose de vaccin.&nbsp;Le vaccin fait partie des armes dont nous disposons pour lutter contre l&rsquo;\u00e9pid\u00e9mie. Mais nous avons d&rsquo;autres armes. La premi\u00e8re, vous faire tester d\u00e8s que vous avez des sympt\u00f4mes. Chaque semaine, nous r\u00e9alisons plus de 2 millions de tests.&nbsp;Les risques de contamination sont accrus lors des repas, lors des lieux priv\u00e9s, sur le lieu de travail, quand la vigilance se rel\u00e2che. Les personnes en t\u00e9l\u00e9travail pr\u00e9sentent un risque de contamination inf\u00e9rieur de 30%.&nbsp;L&rsquo;\u00e9tude montre que l&rsquo;isolement est mis en place trop tardivement au sein de la cellule familiale. Seuls 60% des personnes se sont isol\u00e9es avant d&rsquo;avoir le r\u00e9sultat de leur test.<em>close<\/em><em>volume_off<\/em><\/p>\n\n\n\n<p>Le taux de vaccination des soignants d\u00e9passe aujourd&rsquo;hui le taux de couverture classique contre la grippe. 40% des soignants en Ehpad et 30% sur l&rsquo;ensemble du syst\u00e8me de sant\u00e9. Clairement, \u00e7a ne suffit pas. Nous disposons de vaccins efficaces, \u00e0 commencer par l&rsquo;AstraZeneca. Il est de notre responsabilit\u00e9 de se prot\u00e9ger soi-m\u00eame et ceux dont on prend soin.<\/p>\n\n\n\n<p><strong>Jean Castex prend la parole : \u00ab\u00a0La circulation du virus s&rsquo;est acc\u00e9l\u00e9r\u00e9e depuis 15 jours avec le variant anglais qui repr\u00e9sente 60%.&nbsp;<\/strong>La contamination sur les personnes \u00e2g\u00e9es continue de se r\u00e9duite gr\u00e2ce \u00e0 la vaccination. Il y a des diff\u00e9rence selon les r\u00e9gions dans l&rsquo;\u00e9volution du virus. Nous avons plac\u00e9 20 d\u00e9partements sous surveillance renforc\u00e9e et le virus \u00e0 continu\u00e9 \u00e0 progresser sauf dans les Bouches du Rh\u00f4ne et en Moselle. Voici les mesures:&nbsp;<\/p>\n\n\n\n<p><strong>&#8211; Le confinement le week-end est \u00e9tendu au d\u00e9partement du Pas-de calais et les grandes surfaces non alimentaires de plus de 5.000 m2 sont ferm\u00e9es.<\/strong><\/p>\n\n\n\n<p><strong>&#8211; Les grands centres commerciaux de plus de 10.000 m2 et non plus 20.000 sont ferm\u00e9s dans les zones sous surveillance renforc\u00e9e<\/strong><\/p>\n\n\n\n<p>&#8211; Les pr\u00e9fets pourront prendre des mesures pour emp\u00eacher les rassemblements le week-end, notamment sur les quais de la Seine et de la Garonne, comme on l&rsquo;a vu ce week-end. Les images que nous avons vues encore ce week-end dernier dans certaines grandes villes, y compris \u00e0&nbsp;Paris, ne sont tout simplement pas raisonnables.<\/p>\n\n\n\n<p>&#8211; J\u2019invite les habitants des 23 d\u00e9partements concern\u00e9s \u00e0 ne pas sortir, autant que possible, de leur d\u00e9partement ou de leur r\u00e9gion\u00a0s\u2019agissant des d\u00e9partements franciliens<\/p>\n\n\n\n<p><strong>La France est en t\u00eate en Europe pour la vaccination des personnes les plus vuln\u00e9rables au virus<\/strong>.&nbsp;Plus de 80% des r\u00e9sidents des Ehpads ont re\u00e7u une premi\u00e8re injection et plus de 60% ont re\u00e7u leurs deux doses. Nous avons franchi une premi\u00e8re \u00e9tape cruciale.<\/p>\n\n\n\n<p><strong>Le 1er avril nous aurons vaccin\u00e9 10 millions de personnes, 20 millions mi-mai et 30 millions d&rsquo;ici l&rsquo;\u00e9t\u00e9. La France va recevoir 22 millions de vaccins d&rsquo;ici l&rsquo;\u00e9t\u00e9.<\/strong>&nbsp;Nous ne pouvons pas vacciner tout le monde, tout de suite. Il faudra encore faire preuve de patience, mais n&rsquo;en doutez pas, vous serez vaccin\u00e9.&nbsp;Pour les personnes de plus de 50 ans, la vaccination est ouverte pour les personnes ayant des co-morbidit\u00e9s.&nbsp;<strong>Entre 50 et 74 ans vous pourrez vous faire vacciner \u00e0 partir de mi-avril<\/strong>.<\/p>\n\n\n\n<p><\/p>\n\n\n\n<p><\/p>\n\n\n\n<p><\/p>\n","protected":false},"excerpt":{"rendered":"<p>Jean Castex r\u00e9pond \u00e0 un journaliste qui remarque sa satisfaction permanentes sur les actions du gouvernement : \u00ab\u00a0Non, je ne crois pas faire d&rsquo;autosatisfaction. L&rsquo;heure en tout cas n&rsquo;est pas d&rsquo;envisager des r\u00e9ouvertures.\u00a0\u00bb Olivier V\u00e9ran prend la parole : \u00ab\u00a0Nous allons lancer une grande campagne de vaccination se week-end.&nbsp;Cette vaccination en ville, elle prend son [&hellip;]<\/p>\n","protected":false},"author":2,"featured_media":17991,"comment_status":"open","ping_status":"open","sticky":false,"template":"","format":"standard","meta":{"_jetpack_memberships_contains_paid_content":false,"footnotes":"","jetpack_publicize_message":"","jetpack_publicize_feature_enabled":true,"jetpack_social_post_already_shared":true,"jetpack_social_options":{"image_generator_settings":{"template":"highway","default_image_id":0,"font":"","enabled":false},"version":2},"_wpas_customize_per_network":false},"categories":[405],"tags":[],"class_list":["post-17990","post","type-post","status-publish","format-standard","has-post-thumbnail","hentry","category-actu-france-monde"],"jetpack_publicize_connections":[],"jetpack_featured_media_url":"https:\/\/i0.wp.com\/www.iceagetv.com\/radiosite\/wp-content\/uploads\/2021\/03\/Le-confinement-le-week-end-est-%C3%A9tendu-au-Pas-de-Calais.jpg?fit=679%2C293&ssl=1","jetpack_sharing_enabled":true,"_links":{"self":[{"href":"https:\/\/www.iceagetv.com\/radiosite\/wp-json\/wp\/v2\/posts\/17990","targetHints":{"allow":["GET"]}}],"collection":[{"href":"https:\/\/www.iceagetv.com\/radiosite\/wp-json\/wp\/v2\/posts"}],"about":[{"href":"https:\/\/www.iceagetv.com\/radiosite\/wp-json\/wp\/v2\/types\/post"}],"author":[{"embeddable":true,"href":"https:\/\/www.iceagetv.com\/radiosite\/wp-json\/wp\/v2\/users\/2"}],"replies":[{"embeddable":true,"href":"https:\/\/www.iceagetv.com\/radiosite\/wp-json\/wp\/v2\/comments?post=17990"}],"version-history":[{"count":1,"href":"https:\/\/www.iceagetv.com\/radiosite\/wp-json\/wp\/v2\/posts\/17990\/revisions"}],"predecessor-version":[{"id":17992,"href":"https:\/\/www.iceagetv.com\/radiosite\/wp-json\/wp\/v2\/posts\/17990\/revisions\/17992"}],"wp:featuredmedia":[{"embeddable":true,"href":"https:\/\/www.iceagetv.com\/radiosite\/wp-json\/wp\/v2\/media\/17991"}],"wp:attachment":[{"href":"https:\/\/www.iceagetv.com\/radiosite\/wp-json\/wp\/v2\/media?parent=17990"}],"wp:term":[{"taxonomy":"category","embeddable":true,"href":"https:\/\/www.iceagetv.com\/radiosite\/wp-json\/wp\/v2\/categories?post=17990"},{"taxonomy":"post_tag","embeddable":true,"href":"https:\/\/www.iceagetv.com\/radiosite\/wp-json\/wp\/v2\/tags?post=17990"}],"curies":[{"name":"wp","href":"https:\/\/api.w.org\/{rel}","templated":true}]}}