{"id":18009,"date":"2021-03-06T09:00:52","date_gmt":"2021-03-06T09:00:52","guid":{"rendered":"http:\/\/www.iceagetv.com\/radiosite\/?p=18009"},"modified":"2021-03-06T09:00:52","modified_gmt":"2021-03-06T09:00:52","slug":"nouveaux-incidents-cette-nuit-en-banlieue-lyonnaise-13-vehicules-incendies-a-rillieux-la-pape-et-au-moins-6-personnes-interpellees-par-les-forces-de-lordre","status":"publish","type":"post","link":"https:\/\/www.iceagetv.com\/radiosite\/nouveaux-incidents-cette-nuit-en-banlieue-lyonnaise-13-vehicules-incendies-a-rillieux-la-pape-et-au-moins-6-personnes-interpellees-par-les-forces-de-lordre\/","title":{"rendered":"Nouveaux incidents cette nuit en banlieue lyonnaise : 13 v\u00e9hicules incendi\u00e9s \u00e0 Rillieux-la-Pape et au moins 6 personnes interpell\u00e9es par les forces de l&rsquo;ordre"},"content":{"rendered":"\n<p>Au lendemain des violences urbaines dans le quartier de La Duch\u00e8re \u00e0 Lyon, 13 v\u00e9hicules ont \u00e9t\u00e9 incendi\u00e9s ce vendredi soir \u00e0 Rillieux-la-Pape, en banlieue lyonnaise. Les incidents se sont produits \u00e0 partir de 19h15 dans le quartier des Alagniers. Une trentaine d&rsquo;individus ont avanc\u00e9 \u00aben groupes tr\u00e8s compacts, tr\u00e8s mobiles\u00bb, caillassant des bus et incendiant des v\u00e9hicules sur leur passage. Le calme est revenu apr\u00e8s le d\u00e9ploiement d&rsquo;un imposant dispositif policier.<\/p>\n\n\n\n<p>Au moins 6 personnes ont \u00e9t\u00e9 interpell\u00e9es.&nbsp;Sur les&nbsp;12 personnes interpell\u00e9es, dans la soir\u00e9e, \u00e0 Lyon apr\u00e8s des affrontements entre des jeunes et des forces de l&rsquo;ordre dans le quartier de La Duch\u00e8re, deux mineurs et un majeur seront poursuivies, annonce le parquet de Lyon vendredi dans un communiqu\u00e9.<em>close<\/em><em>volume_off<\/em><\/p>\n\n\n\n<p>La personne majeure sera d\u00e9f\u00e9r\u00e9e samedi devant un juge en vue d\u2019une comparution imm\u00e9diate pour&nbsp;\u00ab\u00a0des faits de violences avec arme sur personne d\u00e9positaire de l\u2019autorit\u00e9 publique (jet de projectiles) et participation \u00e0 un groupement en vue de commettre des violences ou des d\u00e9gradations\u00a0\u00bb, pr\u00e9cise le parquet. Un mineur de 16 ans sera d\u00e9f\u00e9r\u00e9 \u00e9galement samedi pour les m\u00eames raisons. Un autre mineur de 14 ans sera poursuivi devant le juge des enfants&nbsp;\u00ab\u00a0pour d\u00e9tention d\u2019un feu d\u2019artifice de mortier\u00a0\u00bb.<\/p>\n\n\n\n<figure><iframe allowfullscreen=\"\"><\/iframe><\/figure>\n\n\n\n<p>Ces violences font suite aux \u00e9chauffour\u00e9es qui ont \u00e9clat\u00e9 jeudi soir dans le quartier de La Duch\u00e8re \u00e0 Lyon. Six v\u00e9hicules avaient \u00e9t\u00e9 incendi\u00e9s et les forces de l&rsquo;ordre prises pour cible. Trois suspects, dont deux mineurs doivent \u00eatre d\u00e9f\u00e9r\u00e9s samedi devant la justice.<\/p>\n\n\n\n<p><a href=\"https:\/\/www.lyonmag.com\/article\/113876\/pres-de-lyon-un-mineur-s-encastre-dans-un-poteau-apres-une-course-poursuite\" target=\"_blank\" rel=\"noreferrer noopener\">Selon Lyon Mag&nbsp;<\/a>ce vendredi soir, vers 22h, les policiers ont voulu contr\u00f4ler un jeune homme au volant d\u2019une puissante berline allemande \u00e0 Villeurbanne.&nbsp; L\u2019individu ne s\u2019est pas arr\u00eat\u00e9&nbsp; et poursuivi par les forces de l\u2019ordre, la course-poursuite&nbsp; &nbsp;s\u2019est termin\u00e9e par un accident \u00e0 V\u00e9nissieux. Le v\u00e9hicule lou\u00e9, fortement endommag\u00e9, a \u00e9t\u00e9 d\u00e9couvert fracass\u00e9 contre un poteau de signalisation. Mais dans l\u2019habitacle, les policiers ne trouveront personne, le conducteur avait d\u00e9j\u00e0 fui.<\/p>\n","protected":false},"excerpt":{"rendered":"<p>Au lendemain des violences urbaines dans le quartier de La Duch\u00e8re \u00e0 Lyon, 13 v\u00e9hicules ont \u00e9t\u00e9 incendi\u00e9s ce vendredi soir \u00e0 Rillieux-la-Pape, en banlieue lyonnaise. Les incidents se sont produits \u00e0 partir de 19h15 dans le quartier des Alagniers. Une trentaine d&rsquo;individus ont avanc\u00e9 \u00aben groupes tr\u00e8s compacts, tr\u00e8s mobiles\u00bb, caillassant des bus et [&hellip;]<\/p>\n","protected":false},"author":2,"featured_media":18010,"comment_status":"open","ping_status":"open","sticky":false,"template":"","format":"standard","meta":{"_jetpack_memberships_contains_paid_content":false,"footnotes":"","jetpack_publicize_message":"","jetpack_publicize_feature_enabled":true,"jetpack_social_post_already_shared":true,"jetpack_social_options":{"image_generator_settings":{"template":"highway","default_image_id":0,"font":"","enabled":false},"version":2},"_wpas_customize_per_network":false},"categories":[405],"tags":[],"class_list":["post-18009","post","type-post","status-publish","format-standard","has-post-thumbnail","hentry","category-actu-france-monde"],"jetpack_publicize_connections":[],"jetpack_featured_media_url":"https:\/\/i0.wp.com\/www.iceagetv.com\/radiosite\/wp-content\/uploads\/2021\/03\/Screenshot_20210306_095556.jpg?fit=1102%2C556&ssl=1","jetpack_sharing_enabled":true,"_links":{"self":[{"href":"https:\/\/www.iceagetv.com\/radiosite\/wp-json\/wp\/v2\/posts\/18009","targetHints":{"allow":["GET"]}}],"collection":[{"href":"https:\/\/www.iceagetv.com\/radiosite\/wp-json\/wp\/v2\/posts"}],"about":[{"href":"https:\/\/www.iceagetv.com\/radiosite\/wp-json\/wp\/v2\/types\/post"}],"author":[{"embeddable":true,"href":"https:\/\/www.iceagetv.com\/radiosite\/wp-json\/wp\/v2\/users\/2"}],"replies":[{"embeddable":true,"href":"https:\/\/www.iceagetv.com\/radiosite\/wp-json\/wp\/v2\/comments?post=18009"}],"version-history":[{"count":1,"href":"https:\/\/www.iceagetv.com\/radiosite\/wp-json\/wp\/v2\/posts\/18009\/revisions"}],"predecessor-version":[{"id":18011,"href":"https:\/\/www.iceagetv.com\/radiosite\/wp-json\/wp\/v2\/posts\/18009\/revisions\/18011"}],"wp:featuredmedia":[{"embeddable":true,"href":"https:\/\/www.iceagetv.com\/radiosite\/wp-json\/wp\/v2\/media\/18010"}],"wp:attachment":[{"href":"https:\/\/www.iceagetv.com\/radiosite\/wp-json\/wp\/v2\/media?parent=18009"}],"wp:term":[{"taxonomy":"category","embeddable":true,"href":"https:\/\/www.iceagetv.com\/radiosite\/wp-json\/wp\/v2\/categories?post=18009"},{"taxonomy":"post_tag","embeddable":true,"href":"https:\/\/www.iceagetv.com\/radiosite\/wp-json\/wp\/v2\/tags?post=18009"}],"curies":[{"name":"wp","href":"https:\/\/api.w.org\/{rel}","templated":true}]}}