{"id":18020,"date":"2021-03-07T15:08:49","date_gmt":"2021-03-07T15:08:49","guid":{"rendered":"http:\/\/www.iceagetv.com\/radiosite\/?p=18020"},"modified":"2021-03-07T15:08:49","modified_gmt":"2021-03-07T15:08:49","slug":"violences-a-lyon-neuf-suspects-dont-huit-mineurs-encore-en-garde-a-vue-aujourdhui-trois-jeunes-dont-un-majeur-arretes-a-la-duchere-vont-etre-presentes-a-un-juge","status":"publish","type":"post","link":"https:\/\/www.iceagetv.com\/radiosite\/violences-a-lyon-neuf-suspects-dont-huit-mineurs-encore-en-garde-a-vue-aujourdhui-trois-jeunes-dont-un-majeur-arretes-a-la-duchere-vont-etre-presentes-a-un-juge\/","title":{"rendered":"Violences \u00e0 Lyon : Neuf suspects dont huit mineurs encore en garde \u00e0 vue aujourd&rsquo;hui. Trois jeunes, dont un majeur, arr\u00eat\u00e9s \u00e0 La Duch\u00e8re, vont-\u00eatre pr\u00e9sent\u00e9s \u00e0 un juge"},"content":{"rendered":"\n<p><strong>Neuf suspects, dont huit mineurs, se trouvent encore en garde \u00e0 vue aujourd&rsquo;hui. Trois jeunes, dont un majeur, arr\u00eat\u00e9s \u00e0 La Duch\u00e8re attendaient de leur c\u00f4t\u00e9 d&rsquo;\u00eatre pr\u00e9sent\u00e9s \u00e0 la justice<\/strong>, selon le parquet. R\u00e9clam\u00e9 depuis de nombreux mois par les \u00e9lus de la m\u00e9tropole, un renfort de 200 policiers et gendarmes se trouvait au complet \u00e0 Lyon depuis samedi.<\/p>\n\n\n\n<p>\u00ab\u00a0On esp\u00e8re que \u00e7a va dissuader de nouveaux troubles\u00a0\u00bb, confie une source polici\u00e8re. Signe que le climat lyonnais se tend, le maire LR du 2e arrondissement Pierre Oliver a rapport\u00e9 au Progr\u00e8s avoir \u00e9t\u00e9 \u00ab\u00a0insult\u00e9 et menac\u00e9\u00a0\u00bb samedi par une trentaine de jeunes qu&rsquo;il a surpris en plein tournage de clip de rap sauvage dans un parking en sous-sol de la gare Perrache. Face aux violences et incivilit\u00e9s lyonnaises, la pr\u00e9sidente du rassemblement national Marine Le Pen a fustig\u00e9 sur Twitter la \u00ab\u00a0faiblesse et le laxisme\u00a0\u00bb du gouvernement.<\/p>\n\n\n\n<p>En d\u00e9placement \u00e0 Boulogne-sur-Mer (Pas-de-Calais) dimanche, M. Darmanin a lui estim\u00e9 que \u00ab\u00a0s&rsquo;il y a des violences urbaines, s&rsquo;il y a des voitures qui peuvent br\u00fbler, des policiers qui sont pris \u00e0 partie, des \u00e9lus menac\u00e9s, c&rsquo;est parce que avec les polices municipales, mais avec la police nationale en premier lieu, on intervient, on d\u00e9mant\u00e8le chaque jour de points de deal\u00a0\u00bb. \u00ab\u00a0Plus il y aura harc\u00e8lement de ces points de deal, plus il y a manifestement r\u00e9action des dealers, mais \u00e0 la fin ce sera toujours la police qui va gagner\u00a0\u00bb, a-t-il assur\u00e9.<\/p>\n\n\n\n<p><strong>Le r\u00e9sum\u00e9 de la nuit \u00e0 Lyon &#8211; Cinq personnes ont \u00e9t\u00e9 interpell\u00e9es \u00e0 Bron, pr\u00e8s de Lyon, pour s&rsquo;\u00eatre attaqu\u00e9es \u00e0 un fourgon de police, samedi 6 mars vers 18h<\/strong>. Trois v\u00e9hicules ont \u00e9galement \u00e9t\u00e9 incendi\u00e9s. Si le calme semblait \u00eatre revenu en d\u00e9but de soir\u00e9e, la police devait quadriller la zone, mais aussi la ville de Rillieux-la-Pape et le quartier lyonnais de la Duch\u00e8re o\u00f9 ont \u00e9clat\u00e9 des violences similaires jeudi et vendredi soir, se soldant par une quinzaine d&rsquo;arrestations. Quatre mineurs interpell\u00e9s vendredi \u00e0 Rillieux se trouvaient encore en garde \u00e0 vue samedi, et trois jeunes, dont un majeur, arr\u00eat\u00e9s \u00e0 La Duch\u00e8re attendaient d&rsquo;\u00eatre pr\u00e9sent\u00e9s \u00e0 la justice, selon le parquet.<\/p>\n\n\n\n<p>\u00ab\u00a0Encore une fois c&rsquo;est une extr\u00eame minorit\u00e9 d&rsquo;individus que l&rsquo;on g\u00eane car on veut mettre fin \u00e0 leurs petits trafics et qui ont d\u00e9cid\u00e9 qu&rsquo;il fallait des repr\u00e9sailles\u00a0\u00bb, a fustig\u00e9 \u00e0 l&rsquo;AFP le maire LR de Bron J\u00e9r\u00e9mie Br\u00e9aud. Dans un tweet, le ministre de l&rsquo;Int\u00e9rieur G\u00e9rald Darmanin a d\u00e9nonc\u00e9 des \u00ab\u00a0violences inacceptables\u00a0\u00bb.<\/p>\n\n\n\n<p>\u00ab\u00a0Aucun acte de violence ne saurait \u00eatre accept\u00e9. Soutien aux forces de police\u00a0\u00bb, a t-il encore \u00e9crit, quelques heures apr\u00e8s avoir annonc\u00e9 l&rsquo;envoi d&rsquo;une troisi\u00e8me unit\u00e9 de force mobile dans l&rsquo;agglom\u00e9ration lyonnaise. En poste depuis l&rsquo;ann\u00e9e derni\u00e8re, le maire de Bron b\u00e9n\u00e9ficie depuis peu de la protection du service des personnalit\u00e9s accord\u00e9 par le ministre de l&rsquo;Int\u00e9rieur apr\u00e8s avoir d\u00e9j\u00e0 plusieurs fois \u00e9t\u00e9 vis\u00e9 par des menaces dues selon lui \u00e0 sa volont\u00e9 de s&rsquo;en prendre aux trafiquants.<\/p>\n\n\n\n<p><\/p>\n","protected":false},"excerpt":{"rendered":"<p>Neuf suspects, dont huit mineurs, se trouvent encore en garde \u00e0 vue aujourd&rsquo;hui. Trois jeunes, dont un majeur, arr\u00eat\u00e9s \u00e0 La Duch\u00e8re attendaient de leur c\u00f4t\u00e9 d&rsquo;\u00eatre pr\u00e9sent\u00e9s \u00e0 la justice, selon le parquet. R\u00e9clam\u00e9 depuis de nombreux mois par les \u00e9lus de la m\u00e9tropole, un renfort de 200 policiers et gendarmes se trouvait au [&hellip;]<\/p>\n","protected":false},"author":2,"featured_media":18021,"comment_status":"open","ping_status":"open","sticky":false,"template":"","format":"standard","meta":{"_jetpack_memberships_contains_paid_content":false,"footnotes":"","jetpack_publicize_message":"","jetpack_publicize_feature_enabled":true,"jetpack_social_post_already_shared":true,"jetpack_social_options":{"image_generator_settings":{"template":"highway","default_image_id":0,"font":"","enabled":false},"version":2},"_wpas_customize_per_network":false},"categories":[405],"tags":[],"class_list":["post-18020","post","type-post","status-publish","format-standard","has-post-thumbnail","hentry","category-actu-france-monde"],"jetpack_publicize_connections":[],"jetpack_featured_media_url":"https:\/\/i0.wp.com\/www.iceagetv.com\/radiosite\/wp-content\/uploads\/2021\/03\/Violences-%C3%A0-Lyon.jpg?fit=679%2C293&ssl=1","jetpack_sharing_enabled":true,"_links":{"self":[{"href":"https:\/\/www.iceagetv.com\/radiosite\/wp-json\/wp\/v2\/posts\/18020","targetHints":{"allow":["GET"]}}],"collection":[{"href":"https:\/\/www.iceagetv.com\/radiosite\/wp-json\/wp\/v2\/posts"}],"about":[{"href":"https:\/\/www.iceagetv.com\/radiosite\/wp-json\/wp\/v2\/types\/post"}],"author":[{"embeddable":true,"href":"https:\/\/www.iceagetv.com\/radiosite\/wp-json\/wp\/v2\/users\/2"}],"replies":[{"embeddable":true,"href":"https:\/\/www.iceagetv.com\/radiosite\/wp-json\/wp\/v2\/comments?post=18020"}],"version-history":[{"count":1,"href":"https:\/\/www.iceagetv.com\/radiosite\/wp-json\/wp\/v2\/posts\/18020\/revisions"}],"predecessor-version":[{"id":18022,"href":"https:\/\/www.iceagetv.com\/radiosite\/wp-json\/wp\/v2\/posts\/18020\/revisions\/18022"}],"wp:featuredmedia":[{"embeddable":true,"href":"https:\/\/www.iceagetv.com\/radiosite\/wp-json\/wp\/v2\/media\/18021"}],"wp:attachment":[{"href":"https:\/\/www.iceagetv.com\/radiosite\/wp-json\/wp\/v2\/media?parent=18020"}],"wp:term":[{"taxonomy":"category","embeddable":true,"href":"https:\/\/www.iceagetv.com\/radiosite\/wp-json\/wp\/v2\/categories?post=18020"},{"taxonomy":"post_tag","embeddable":true,"href":"https:\/\/www.iceagetv.com\/radiosite\/wp-json\/wp\/v2\/tags?post=18020"}],"curies":[{"name":"wp","href":"https:\/\/api.w.org\/{rel}","templated":true}]}}