{"id":18033,"date":"2021-03-09T16:37:55","date_gmt":"2021-03-09T16:37:55","guid":{"rendered":"http:\/\/www.iceagetv.com\/radiosite\/?p=18033"},"modified":"2021-03-09T16:37:55","modified_gmt":"2021-03-09T16:37:55","slug":"adolescente-noyee-a-argenteuil-les-deux-jeunes-qui-ont-tue-notre-fille-ne-sont-pas-des-enfants-ce-sont-des-assassins-ont-temoigne-les-parents-de-la-victime","status":"publish","type":"post","link":"https:\/\/www.iceagetv.com\/radiosite\/adolescente-noyee-a-argenteuil-les-deux-jeunes-qui-ont-tue-notre-fille-ne-sont-pas-des-enfants-ce-sont-des-assassins-ont-temoigne-les-parents-de-la-victime\/","title":{"rendered":"Adolescente noy\u00e9e \u00e0 Argenteuil: \u00ab\u00a0Les deux jeunes qui ont tu\u00e9 notre fille ne sont pas des enfants, ce sont des assassins\u00a0\u00bb, ont t\u00e9moign\u00e9 les parents de la victime"},"content":{"rendered":"\n<p><strong>Le point sur ce que l&rsquo;on sait cet apr\u00e8s-midi<br><\/strong><\/p>\n\n\n\n<p>Battue et jet\u00e9e dans la Seine, o\u00f9 elle a \u00e9t\u00e9 retrouv\u00e9e morte: une adolescente de 14 ans a \u00e9t\u00e9 tu\u00e9e lundi soir lors d&rsquo;un diff\u00e9rend avec deux autres \u00e9l\u00e8ves d&rsquo;un lyc\u00e9e d&rsquo;Argenteuil (Val-d&rsquo;Oise) o\u00f9, selon plusieurs sources, elle \u00e9tait victime de harc\u00e8lement. Un adolescent de 15 ans et sa petite amie du m\u00eame \u00e2ge ont \u00e9t\u00e9 interpell\u00e9s mardi vers 02H00 du matin au domicile d&rsquo;un ami et plac\u00e9s en garde \u00e0 vue.<em>close<\/em><em>volume_off<\/em><\/p>\n\n\n\n<p>En d\u00e9but de soir\u00e9e, la m\u00e8re du gar\u00e7on s&rsquo;\u00e9tait rendue au commissariat d&rsquo;Argenteuil pour livrer le r\u00e9cit gla\u00e7ant des faits pr\u00e9sum\u00e9s. Entre 16H00 et 17H00, son fils \u00ablui a annonc\u00e9 qu&rsquo;ils venaient de frapper une jeune fille et que celle-ci \u00e9tait tomb\u00e9e dans la Seine\u00bb, a retrac\u00e9 le parquet de Pontoise. Apr\u00e8s avoir fait cet aveu et retir\u00e9 ses v\u00eatements couverts de sang, son fils s&rsquo;est enfui pour rejoindre une connaissance, a pr\u00e9cis\u00e9 une source proche de l&rsquo;enqu\u00eate.<\/p>\n\n\n\n<p>La m\u00e8re de famille \u00abs&rsquo;est imm\u00e9diatement rendue sur place et a retrouv\u00e9 un gant avec une m\u00e8che de cheveux\u00bb sur le lieu de l&rsquo;agression sous un pont, a indiqu\u00e9 cette source. Ses indications ont permis de retrouver le corps de l&rsquo;adolescente, r\u00e9cup\u00e9r\u00e9 par la police fluviale au niveau du quai Saint-Denis, qui passe sous le viaduc de l&rsquo;A15. Elle portait des \u00abtraces de coups \u00e0 la t\u00eate et au visage\u00bb, a pr\u00e9cis\u00e9 le parquet, avant une autopsie.<\/p>\n\n\n\n<p>Mardi matin, des traces de sang \u00e9taient encore visibles sur la berge. L&rsquo;enqu\u00eate, confi\u00e9e \u00e0 la police judiciaire de Cergy-Pontoise, devra d\u00e9terminer les circonstances des faits. Les trois adolescents n&rsquo;avaient aucun ant\u00e9c\u00e9dent p\u00e9nal.<\/p>\n\n\n\n<p>L&rsquo;incompr\u00e9hension et la tristesse r\u00e9gnaient mardi devant le lyc\u00e9e professionnel Cognacq-Jay, un \u00e9tablissement priv\u00e9 du centre de la ville aux 110.000 habitants. Les trois adolescents appartenaient \u00e0 une section de Troisi\u00e8me pr\u00e9parant aux formations professionnelles.<\/p>\n\n\n\n<p>Le conflit semble avoir commenc\u00e9 avant les derni\u00e8res vacances scolaires, quand des photos de la victime \u00aben sous-v\u00eatements\u00bb ont circul\u00e9 sur Snapchat, r\u00e9seau social pris\u00e9 des jeunes, selon des t\u00e9moignages d&rsquo;\u00e9l\u00e8ves recueillis sur place par l&rsquo;AFP. Selon une source proche du dossier, la m\u00e8re de la victime a \u00e9galement indiqu\u00e9 que sa fille faisait l&rsquo;objet de harc\u00e8lement. \u00abElle m&rsquo;a dit +maman j&rsquo;ai des gros probl\u00e8mes, j&rsquo;ai \u00e9t\u00e9 menac\u00e9e de mort par ce gar\u00e7on et cette fille aussi+, elle s&rsquo;est bagarr\u00e9e avec elle une semaine avant\u00bb, a-t-elle aussi t\u00e9moign\u00e9 sur BFMTV.<\/p>\n\n\n\n<p>Sur cette m\u00eame cha\u00eene, la m\u00e8re de l&rsquo;adolescent interpell\u00e9 a \u00e9voqu\u00e9 l&rsquo;hypoth\u00e8se d&rsquo;un \u00abpetit triangle amoureux qui n&rsquo;a pas d\u00fb pouvoir g\u00e9rer la chose\u00bb, en disant: \u00abApparemment mon fils a eu une petite relation avec (la victime, NDLR) avant d&rsquo;\u00eatre avec la nouvelle\u00bb.<\/p>\n\n\n\n<p>Une voisine de la m\u00e8re du gar\u00e7on plac\u00e9 en garde \u00e0 vue a confi\u00e9, choqu\u00e9e, \u00e0 l&rsquo;AFP: \u00abJe connais le petit depuis qu&rsquo;il a 4 ans, c&rsquo;est un geek, il adore les jeux vid\u00e9os, c&rsquo;est un peureux, pas un gamin qui tra\u00eene\u00bb. Dans un communiqu\u00e9, le rectorat de Versailles a exprim\u00e9 sa \u00abplus vive \u00e9motion\u00bb et indiqu\u00e9 avoir form\u00e9 une cellule d&rsquo;\u00e9coute au lyc\u00e9e. Je n\u2019aurais jamais pens\u00e9 d\u00e9noncer mon fils pour un truc comme \u00e7a\u00a0\u00bb, a t\u00e9moign\u00e9 la m\u00e8re de l\u2019agresseur en pr\u00e9cisant \u00ab\u00a0depuis qu\u2019il a rencontr\u00e9 sa copine, mon fils, ce n\u2019est plus le m\u00eame\u00a0\u00bb. <\/p>\n","protected":false},"excerpt":{"rendered":"<p>Le point sur ce que l&rsquo;on sait cet apr\u00e8s-midi Battue et jet\u00e9e dans la Seine, o\u00f9 elle a \u00e9t\u00e9 retrouv\u00e9e morte: une adolescente de 14 ans a \u00e9t\u00e9 tu\u00e9e lundi soir lors d&rsquo;un diff\u00e9rend avec deux autres \u00e9l\u00e8ves d&rsquo;un lyc\u00e9e d&rsquo;Argenteuil (Val-d&rsquo;Oise) o\u00f9, selon plusieurs sources, elle \u00e9tait victime de harc\u00e8lement. Un adolescent de 15 [&hellip;]<\/p>\n","protected":false},"author":2,"featured_media":18034,"comment_status":"open","ping_status":"open","sticky":false,"template":"","format":"standard","meta":{"_jetpack_memberships_contains_paid_content":false,"footnotes":"","jetpack_publicize_message":"","jetpack_publicize_feature_enabled":true,"jetpack_social_post_already_shared":true,"jetpack_social_options":{"image_generator_settings":{"template":"highway","default_image_id":0,"font":"","enabled":false},"version":2},"_wpas_customize_per_network":false},"categories":[405],"tags":[],"class_list":["post-18033","post","type-post","status-publish","format-standard","has-post-thumbnail","hentry","category-actu-france-monde"],"jetpack_publicize_connections":[],"jetpack_featured_media_url":"https:\/\/i0.wp.com\/www.iceagetv.com\/radiosite\/wp-content\/uploads\/2021\/03\/Adolescente-noy%C3%A9e-%C3%A0-Argenteuil.png?fit=719%2C358&ssl=1","jetpack_sharing_enabled":true,"_links":{"self":[{"href":"https:\/\/www.iceagetv.com\/radiosite\/wp-json\/wp\/v2\/posts\/18033","targetHints":{"allow":["GET"]}}],"collection":[{"href":"https:\/\/www.iceagetv.com\/radiosite\/wp-json\/wp\/v2\/posts"}],"about":[{"href":"https:\/\/www.iceagetv.com\/radiosite\/wp-json\/wp\/v2\/types\/post"}],"author":[{"embeddable":true,"href":"https:\/\/www.iceagetv.com\/radiosite\/wp-json\/wp\/v2\/users\/2"}],"replies":[{"embeddable":true,"href":"https:\/\/www.iceagetv.com\/radiosite\/wp-json\/wp\/v2\/comments?post=18033"}],"version-history":[{"count":1,"href":"https:\/\/www.iceagetv.com\/radiosite\/wp-json\/wp\/v2\/posts\/18033\/revisions"}],"predecessor-version":[{"id":18035,"href":"https:\/\/www.iceagetv.com\/radiosite\/wp-json\/wp\/v2\/posts\/18033\/revisions\/18035"}],"wp:featuredmedia":[{"embeddable":true,"href":"https:\/\/www.iceagetv.com\/radiosite\/wp-json\/wp\/v2\/media\/18034"}],"wp:attachment":[{"href":"https:\/\/www.iceagetv.com\/radiosite\/wp-json\/wp\/v2\/media?parent=18033"}],"wp:term":[{"taxonomy":"category","embeddable":true,"href":"https:\/\/www.iceagetv.com\/radiosite\/wp-json\/wp\/v2\/categories?post=18033"},{"taxonomy":"post_tag","embeddable":true,"href":"https:\/\/www.iceagetv.com\/radiosite\/wp-json\/wp\/v2\/tags?post=18033"}],"curies":[{"name":"wp","href":"https:\/\/api.w.org\/{rel}","templated":true}]}}