{"id":18036,"date":"2021-03-09T19:01:57","date_gmt":"2021-03-09T19:01:57","guid":{"rendered":"http:\/\/www.iceagetv.com\/radiosite\/?p=18036"},"modified":"2021-03-09T19:01:57","modified_gmt":"2021-03-09T19:01:57","slug":"interview-meghan-et-harry-la-reine-elisabeth-ii-attristee-par-les-difficultes-du-couple-qui-sera-toujours-tres-aime-dans-la-famille-elle-se-dit-preoccupee-par-les-accusations-de-racisme-p","status":"publish","type":"post","link":"https:\/\/www.iceagetv.com\/radiosite\/interview-meghan-et-harry-la-reine-elisabeth-ii-attristee-par-les-difficultes-du-couple-qui-sera-toujours-tres-aime-dans-la-famille-elle-se-dit-preoccupee-par-les-accusations-de-racisme-p\/","title":{"rendered":"Interview Meghan et Harry : La Reine Elisabeth II \u00ab\u00a0attrist\u00e9e\u00a0\u00bb par les difficult\u00e9s du couple qui sera toujours tr\u00e8s aim\u00e9 dans la famille\u00a0\u00bb &#8211; Elle se dit \u00ab\u00a0pr\u00e9occup\u00e9e par les accusations de racisme, prises tr\u00e8s au s\u00e9rieux\u00a0\u00bb"},"content":{"rendered":"\n<p>La reine Elizabeth II a assur\u00e9 mardi le prince Harry et de sa femme Meghan de son affection, et promis de traiter \u00ab\u00a0en priv\u00e9\u00a0\u00bb les accusations de racisme lanc\u00e9es par le couple, assurant les prendre \u00ab\u00a0tr\u00e8s au s\u00e9rieux\u00a0\u00bb. Les confessions explosives du duc et de la duchesse de Sussex \u00e0 Oprah Winfrey, diffus\u00e9es dimanche, ont plong\u00e9 la monarchie dans une nouvelle crise rappelant l&rsquo;\u00e9poque de Lady Diana, la m\u00e8re d&rsquo;Harry, dans les ann\u00e9es 1990, qui avait r\u00e9v\u00e9l\u00e9 en public ses d\u00e9boires conjugaux puis \u00e9tait morte dans un accident de voiture, pourchass\u00e9e par les paparazzis \u00e0 Paris.<\/p>\n\n\n\n<p>Sous pression pour sortir de son silence, le palais de Buckingham a publi\u00e9 un communiqu\u00e9 au nom de la reine, fait rare \u00e0 la mesure du s\u00e9isme secouant la famille royale, accus\u00e9e de s&rsquo;\u00eatre montr\u00e9e insensible face aux pens\u00e9es suicidaires de Meghan et, \u00e0 travers un membre non nomm\u00e9, de s&rsquo;\u00eatre interrog\u00e9e sur la couleur de peau de leur futur enfant.<em>close<\/em><em>volume_off<\/em><\/p>\n\n\n\n<p>\u00ab\u00a0Toute la famille est attrist\u00e9e d&rsquo;apprendre \u00e0 quel point ces derni\u00e8res ann\u00e9es ont \u00e9t\u00e9 difficiles pour Harry et Meghan\u00a0\u00bb, indique le tr\u00e8s court texte, soulignant que le couple et leur fils Archie \u00ab\u00a0seront toujours des membres de la famille tr\u00e8s aim\u00e9s\u00a0\u00bb.<\/p>\n\n\n\n<p>Install\u00e9s depuis un an en Californie, l&rsquo;ex-actrice am\u00e9ricaine m\u00e9tisse Meghan Markle, 39 ans, et le prince Harry, 36 ans et sixi\u00e8me dans l&rsquo;ordre de succession de la couronne, ont mis en cause une pression m\u00e9diatique intenable, le racisme des m\u00e9dias britanniques et l&rsquo;incompr\u00e9hension de la famille royale face \u00e0 leur situation pour expliquer leur retrait de la monarchie. Ils ont dress\u00e9 un portrait sombre de la \u00ab\u00a0firme\u00a0\u00bb qui a, selon Meghan, parfois \u00e9mue jusqu&rsquo;aux larmes, refus\u00e9 l&rsquo;aide qu&rsquo;elle r\u00e9clamait lorsqu&rsquo;elle \u00e9tait en proie \u00e0 des pens\u00e9es suicidaires.<\/p>\n\n\n\n<p>Surtout, faisant couler beaucoup d&rsquo;encre au Royaume-Uni, ils ont fait \u00e9tat de conversations au sein de la famille royale sur la couleur de peau qu&rsquo;aurait leur fils Archie, aujourd&rsquo;hui \u00e2g\u00e9 de 22 mois, avant sa naissance.<\/p>\n\n\n\n<p>Sur l&rsquo;identit\u00e9 de la personne ayant pos\u00e9 cette question, le couple a tenu \u00e0 faire savoir qu&rsquo;il ne s&rsquo;agissait ni de la reine Elizabeth II, 94 ans, ni de son mari le prince Philip, 99 ans, actuellement hospitalis\u00e9.<\/p>\n\n\n\n<p>Certains au sein du gouvernement craignent que ces accusations n&rsquo;entament durablement l&rsquo;aura de la monarchie, dans un pays r\u00e9cemment amen\u00e9 \u00e0 s&rsquo;interroger sur son pass\u00e9 colonial dans le sillage du mouvement Black Lives Matter, et ne remette en cause dans la foul\u00e9e l&rsquo;organisation du Commonwealth, ch\u00e8re \u00e0 la reine.<\/p>\n\n\n\n<p>Les Britanniques se montrent divis\u00e9s concernant le couple, auquel une partie de la presse reproche d&rsquo;affaiblir la monarchie par int\u00e9r\u00eat personnel.<\/p>\n\n\n\n<p>Selon un sondage de l&rsquo;institut YouGov, ils sont la m\u00eame proportion (32%) \u00e0 trouver qu&rsquo;ils ont \u00e9t\u00e9 trait\u00e9s justement ou injustement par la famille royale. Mais 61% des 18-24 ans trouvent qu&rsquo;ils n&rsquo;ont pas \u00e9t\u00e9 trait\u00e9s de mani\u00e8re \u00e9quitable. Le Premier ministre Boris Johnson a refus\u00e9 d&rsquo;\u00eatre entra\u00een\u00e9 dans le d\u00e9bat, se contentant d&rsquo;exprimer sa \u00ab\u00a0plus grande admiration\u00a0\u00bb pour Elizabeth II. Mais consid\u00e9r\u00e9 comme un proche de M. Johnson, le secr\u00e9taire d&rsquo;Etat charg\u00e9 du Pacifique, Zac Goldsmith, a tweet\u00e9 que \u00ab\u00a0Harry dynamite sa famille\u00a0\u00bb.<\/p>\n\n\n\n<p>Vue par 17 millions d&rsquo;Am\u00e9ricains puis 11 millions de t\u00e9l\u00e9spectateurs au Royaume-Uni, l&rsquo;interview du couple fait \u00e9cho \u00e0 celle accord\u00e9e par la princesse Diana en 1995, o\u00f9 elle avait stup\u00e9fait en levant le voile sur sa vie au sein de la monarchie. \u00ab\u00a0Les retomb\u00e9es (de l&rsquo;interview) se feront sentir \u00e0 travers les g\u00e9n\u00e9rations, comme pour celle de Diana\u00a0\u00bb, a pr\u00e9venu sur ITV le biographe de Diana, Andrew Morton..<\/p>\n","protected":false},"excerpt":{"rendered":"<p>La reine Elizabeth II a assur\u00e9 mardi le prince Harry et de sa femme Meghan de son affection, et promis de traiter \u00ab\u00a0en priv\u00e9\u00a0\u00bb les accusations de racisme lanc\u00e9es par le couple, assurant les prendre \u00ab\u00a0tr\u00e8s au s\u00e9rieux\u00a0\u00bb. Les confessions explosives du duc et de la duchesse de Sussex \u00e0 Oprah Winfrey, diffus\u00e9es dimanche, ont [&hellip;]<\/p>\n","protected":false},"author":2,"featured_media":18037,"comment_status":"open","ping_status":"open","sticky":false,"template":"","format":"standard","meta":{"_jetpack_memberships_contains_paid_content":false,"footnotes":"","jetpack_publicize_message":"","jetpack_publicize_feature_enabled":true,"jetpack_social_post_already_shared":true,"jetpack_social_options":{"image_generator_settings":{"template":"highway","default_image_id":0,"font":"","enabled":false},"version":2},"_wpas_customize_per_network":false},"categories":[405],"tags":[],"class_list":["post-18036","post","type-post","status-publish","format-standard","has-post-thumbnail","hentry","category-actu-france-monde"],"jetpack_publicize_connections":[],"jetpack_featured_media_url":"https:\/\/i0.wp.com\/www.iceagetv.com\/radiosite\/wp-content\/uploads\/2021\/03\/Interview-Meghan-et-Harry.jpg?fit=679%2C293&ssl=1","jetpack_sharing_enabled":true,"_links":{"self":[{"href":"https:\/\/www.iceagetv.com\/radiosite\/wp-json\/wp\/v2\/posts\/18036","targetHints":{"allow":["GET"]}}],"collection":[{"href":"https:\/\/www.iceagetv.com\/radiosite\/wp-json\/wp\/v2\/posts"}],"about":[{"href":"https:\/\/www.iceagetv.com\/radiosite\/wp-json\/wp\/v2\/types\/post"}],"author":[{"embeddable":true,"href":"https:\/\/www.iceagetv.com\/radiosite\/wp-json\/wp\/v2\/users\/2"}],"replies":[{"embeddable":true,"href":"https:\/\/www.iceagetv.com\/radiosite\/wp-json\/wp\/v2\/comments?post=18036"}],"version-history":[{"count":1,"href":"https:\/\/www.iceagetv.com\/radiosite\/wp-json\/wp\/v2\/posts\/18036\/revisions"}],"predecessor-version":[{"id":18038,"href":"https:\/\/www.iceagetv.com\/radiosite\/wp-json\/wp\/v2\/posts\/18036\/revisions\/18038"}],"wp:featuredmedia":[{"embeddable":true,"href":"https:\/\/www.iceagetv.com\/radiosite\/wp-json\/wp\/v2\/media\/18037"}],"wp:attachment":[{"href":"https:\/\/www.iceagetv.com\/radiosite\/wp-json\/wp\/v2\/media?parent=18036"}],"wp:term":[{"taxonomy":"category","embeddable":true,"href":"https:\/\/www.iceagetv.com\/radiosite\/wp-json\/wp\/v2\/categories?post=18036"},{"taxonomy":"post_tag","embeddable":true,"href":"https:\/\/www.iceagetv.com\/radiosite\/wp-json\/wp\/v2\/tags?post=18036"}],"curies":[{"name":"wp","href":"https:\/\/api.w.org\/{rel}","templated":true}]}}