{"id":18046,"date":"2021-03-10T17:15:43","date_gmt":"2021-03-10T17:15:43","guid":{"rendered":"http:\/\/www.iceagetv.com\/radiosite\/?p=18046"},"modified":"2021-03-10T17:15:43","modified_gmt":"2021-03-10T17:15:43","slug":"lesperance-de-vie-a-baisse-en-italie-de-presque-un-an-a-823-ans-a-cause-de-la-pandemie-selon-un-rapport-de-linstitut-national-de-statistique","status":"publish","type":"post","link":"https:\/\/www.iceagetv.com\/radiosite\/lesperance-de-vie-a-baisse-en-italie-de-presque-un-an-a-823-ans-a-cause-de-la-pandemie-selon-un-rapport-de-linstitut-national-de-statistique\/","title":{"rendered":"L&rsquo;esp\u00e9rance de vie a baiss\u00e9 en Italie de presque un an, \u00e0 82,3 ans, \u00e0 cause de la pand\u00e9mie, selon un rapport de l&rsquo;Institut national de statistique"},"content":{"rendered":"\n<p>L&rsquo;esp\u00e9rance de vie a baiss\u00e9 en Italie de presque un an, \u00e0 82,3 ans, \u00e0 cause de la pand\u00e9mie, a rapport\u00e9 mercredi l&rsquo;Institut national de statistique (Istat).<\/p>\n\n\n\n<p>La p\u00e9ninsule a \u00e9t\u00e9 l&rsquo;un des pays les plus durement frapp\u00e9s par le Covid, et le premier affect\u00e9 en Europe par la premi\u00e8re vague. Cette semaine, le pays a franchi la barre des 100.000 morts.<em>close<\/em><em>volume_off<\/em><\/p>\n\n\n\n<p>Les estimations pour 2020 \u00ab\u00a0sugg\u00e8rent un arr\u00eat soudain et une inversion significative de la tendance positive observ\u00e9e ces derni\u00e8res ann\u00e9es en mati\u00e8re d&rsquo;esp\u00e9rance de vie\u00a0\u00bb, selon l&rsquo;Istat.<\/p>\n\n\n\n<p>Les r\u00e9gions du nord du pays, les plus touch\u00e9es par le virus, sont aussi celles o\u00f9 l&rsquo;esp\u00e9rance de vie a le plus baiss\u00e9: en Lombardie, le poumon \u00e9conomique du pays, elle chute ainsi de 83,7 \u00e0 81,2 ans.<\/p>\n\n\n\n<p>Avant la pand\u00e9mie, l&rsquo;esp\u00e9rance de vie \u00e9tait pass\u00e9e de 81,7 ans en 2010 \u00e0 83,2 ans en 2019, pla\u00e7ant l&rsquo;Italie dans le peloton de t\u00eate au niveau europ\u00e9en.<\/p>\n\n\n\n<p>Selon l&rsquo;Istat, la moyenne dans l&rsquo;UE s&rsquo;\u00e9levait en 2018 \u00e0 81 ans, la dernier chiffre disponible.<\/p>\n\n\n\n<p>Dans son rapport, l&rsquo;Istat a aussi mis l&rsquo;accent sur la fracture num\u00e9rique du pays, l&rsquo;un des chantiers qui devrait \u00eatre affront\u00e9 dans le cadre du plan de relance financ\u00e9 par Bruxelles \u00e0 hauteur de pr\u00e8s de 200 milliards d&rsquo;euros.<\/p>\n\n\n\n<p>Un tiers des foyers italiens n&rsquo;ont pas d&rsquo;ordinateur ou de connexion internet, et 24% de la population n&rsquo;est pas all\u00e9e sur internet au cours des trois dernier mois.<\/p>\n\n\n\n<p>Parall\u00e8lement, les \u00ab\u00a0utilisateurs r\u00e9guliers d&rsquo;internet\u00a0\u00bb sont pass\u00e9s de 44% en 2010 \u00e0 70%.<\/p>\n","protected":false},"excerpt":{"rendered":"<p>L&rsquo;esp\u00e9rance de vie a baiss\u00e9 en Italie de presque un an, \u00e0 82,3 ans, \u00e0 cause de la pand\u00e9mie, a rapport\u00e9 mercredi l&rsquo;Institut national de statistique (Istat). La p\u00e9ninsule a \u00e9t\u00e9 l&rsquo;un des pays les plus durement frapp\u00e9s par le Covid, et le premier affect\u00e9 en Europe par la premi\u00e8re vague. Cette semaine, le pays [&hellip;]<\/p>\n","protected":false},"author":2,"featured_media":18047,"comment_status":"open","ping_status":"open","sticky":false,"template":"","format":"standard","meta":{"_jetpack_memberships_contains_paid_content":false,"footnotes":"","jetpack_publicize_message":"","jetpack_publicize_feature_enabled":true,"jetpack_social_post_already_shared":true,"jetpack_social_options":{"image_generator_settings":{"template":"highway","default_image_id":0,"font":"","enabled":false},"version":2},"_wpas_customize_per_network":false},"categories":[405],"tags":[],"class_list":["post-18046","post","type-post","status-publish","format-standard","has-post-thumbnail","hentry","category-actu-france-monde"],"jetpack_publicize_connections":[],"jetpack_featured_media_url":"https:\/\/i0.wp.com\/www.iceagetv.com\/radiosite\/wp-content\/uploads\/2021\/03\/Lesp%C3%A9rance-de-vie-a-baiss%C3%A9-en-Italie-de-presque-un-an-%C3%A0-823-ans.png?fit=586%2C250&ssl=1","jetpack_sharing_enabled":true,"_links":{"self":[{"href":"https:\/\/www.iceagetv.com\/radiosite\/wp-json\/wp\/v2\/posts\/18046","targetHints":{"allow":["GET"]}}],"collection":[{"href":"https:\/\/www.iceagetv.com\/radiosite\/wp-json\/wp\/v2\/posts"}],"about":[{"href":"https:\/\/www.iceagetv.com\/radiosite\/wp-json\/wp\/v2\/types\/post"}],"author":[{"embeddable":true,"href":"https:\/\/www.iceagetv.com\/radiosite\/wp-json\/wp\/v2\/users\/2"}],"replies":[{"embeddable":true,"href":"https:\/\/www.iceagetv.com\/radiosite\/wp-json\/wp\/v2\/comments?post=18046"}],"version-history":[{"count":1,"href":"https:\/\/www.iceagetv.com\/radiosite\/wp-json\/wp\/v2\/posts\/18046\/revisions"}],"predecessor-version":[{"id":18048,"href":"https:\/\/www.iceagetv.com\/radiosite\/wp-json\/wp\/v2\/posts\/18046\/revisions\/18048"}],"wp:featuredmedia":[{"embeddable":true,"href":"https:\/\/www.iceagetv.com\/radiosite\/wp-json\/wp\/v2\/media\/18047"}],"wp:attachment":[{"href":"https:\/\/www.iceagetv.com\/radiosite\/wp-json\/wp\/v2\/media?parent=18046"}],"wp:term":[{"taxonomy":"category","embeddable":true,"href":"https:\/\/www.iceagetv.com\/radiosite\/wp-json\/wp\/v2\/categories?post=18046"},{"taxonomy":"post_tag","embeddable":true,"href":"https:\/\/www.iceagetv.com\/radiosite\/wp-json\/wp\/v2\/tags?post=18046"}],"curies":[{"name":"wp","href":"https:\/\/api.w.org\/{rel}","templated":true}]}}