{"id":18055,"date":"2021-03-11T08:07:17","date_gmt":"2021-03-11T08:07:17","guid":{"rendered":"http:\/\/www.iceagetv.com\/radiosite\/?p=18055"},"modified":"2021-03-11T08:07:17","modified_gmt":"2021-03-11T08:07:17","slug":"meurtre-dalisha-les-deux-mineurs-de-15-ans-ont-ete-mis-en-examen-et-place-en-detention-hier-soir-pour-assassinat-apres-la-mort-de-la-jeune-fille","status":"publish","type":"post","link":"https:\/\/www.iceagetv.com\/radiosite\/meurtre-dalisha-les-deux-mineurs-de-15-ans-ont-ete-mis-en-examen-et-place-en-detention-hier-soir-pour-assassinat-apres-la-mort-de-la-jeune-fille\/","title":{"rendered":"Meurtre d&rsquo;Alisha : Les deux mineurs de 15 ans ont \u00e9t\u00e9 mis en examen et plac\u00e9 en d\u00e9tention hier soir pour assassinat apr\u00e8s la mort de la jeune fille"},"content":{"rendered":"\n<p><strong>Les deux mineurs de 15 ans ont \u00e9t\u00e9 mis en examen hier soir pour assassinat apr\u00e8s la mort de la jeune Alisha, \u00e0 Argenteuil. Les deux adolescents de 15 ans soup\u00e7onn\u00e9s du meurtre d&rsquo;Alisha, une jeune fille de 14 ans retrouv\u00e9e morte lundi dans la Seine \u00e0 Argenteuil, et mis en examen mercredi soir pour assassinat, ont \u00e9t\u00e9 plac\u00e9s en d\u00e9tention provisoire selon BFMTV du parquet de Pontoise ce matin.<\/strong><\/p>\n\n\n\n<p>Les enqu\u00eateurs tentent d\u2019\u00e9claircir l\u2019encha\u00eenement qui a men\u00e9 \u00e0 la mort de l\u2019adolescente de 14 ans, violemment battue et jet\u00e9e \u00e0 la Seine sous le viaduc de l\u2019autoroute A15. Les deux suspects ont \u00e9t\u00e9 arr\u00eat\u00e9s apr\u00e8s un signalement \u00e0 la police de la m\u00e8re du gar\u00e7on. Son fils venait de lui confesser avoir frapp\u00e9 la jeune fille et lui avait dit qu\u2019elle \u00e9tait tomb\u00e9e dans le fleuve. Les policiers ont d\u00e9couvert le corps contusionn\u00e9 dans l\u2019eau quelques heures plus tard.<\/p>\n\n\n\n<p>Les premiers \u00e9l\u00e9ments de l\u2019enqu\u00eate indiquent que la victime a \u00e9t\u00e9 frapp\u00e9e par le gar\u00e7on puis jet\u00e9e encore vivante avec l\u2019aide de la fille dans la Seine, o\u00f9 elle est morte noy\u00e9e. \u00ab La victime \u00e0 ce moment-l\u00e0 \u00e9tait encore consciente. Elle g\u00e9missait, les yeux ouverts. Le jeune homme et la jeune fille auraient alors attrap\u00e9 la victime pour la jeter dans la Seine en contrebas du quai. C\u2019est un quai tr\u00e8s haut en b\u00e9ton \u00bb, a d\u00e9taill\u00e9 le procureur dans un r\u00e9cit gla\u00e7ant.<\/p>\n\n\n\n<p>Les deux adolescents faisaient l\u2019objet d\u2019une proc\u00e9dure disciplinaire pour harc\u00e8lement de la victime, a rapport\u00e9 leur \u00e9tablissement scolaire, ce mercredi. Dans un communiqu\u00e9 transmis \u00e0 l\u2019AFP, le lyc\u00e9e professionnel priv\u00e9 Cognacq-Jay d\u2019Argenteuil a \u00e9voqu\u00e9 une \u00ab situation de tension entre ces trois \u00e9l\u00e8ves, suite au piratage du t\u00e9l\u00e9phone de la victime et \u00e0 la diffusion de photos \u00e0 caract\u00e8re compromettant par ses deux camarades \u00bb.<\/p>\n\n\n\n<p>Ces faits ont amen\u00e9 l\u2019\u00e9tablissement \u00e0 ouvrir une proc\u00e9dure disciplinaire d\u00e9but f\u00e9vrier. Le personnel de l\u2019\u00e9tablissement avait re\u00e7u la victime et sa m\u00e8re et leur avait conseill\u00e9 de porter plainte aupr\u00e8s de la police.<\/p>\n\n\n\n<p>Les deux suspects \u00ab avaient fait l\u2019objet d\u2019une interdiction de se rendre dans l\u2019\u00e9tablissement et \u00e9taient convoqu\u00e9s en conseil de discipline pour mardi 9 mars \u00bb, soit le lendemain de la mort de la jeune fille, a rapport\u00e9 le lyc\u00e9e.<\/p>\n\n\n\n<p>\u00ab Une br\u00e8ve relation amoureuse s\u2019\u00e9tait nou\u00e9e pendant une semaine entre le jeune homme et la victime au cours du mois de f\u00e9vrier 2021, une photo de la victime en sous-v\u00eatements a \u00e9t\u00e9 pirat\u00e9e sur son propre compte Snapchat \u00bb, a indiqu\u00e9 le magistrat charg\u00e9 de l\u2019enqu\u00eate<\/p>\n\n\n\n<p><\/p>\n","protected":false},"excerpt":{"rendered":"<p>Les deux mineurs de 15 ans ont \u00e9t\u00e9 mis en examen hier soir pour assassinat apr\u00e8s la mort de la jeune Alisha, \u00e0 Argenteuil. Les deux adolescents de 15 ans soup\u00e7onn\u00e9s du meurtre d&rsquo;Alisha, une jeune fille de 14 ans retrouv\u00e9e morte lundi dans la Seine \u00e0 Argenteuil, et mis en examen mercredi soir pour [&hellip;]<\/p>\n","protected":false},"author":2,"featured_media":18056,"comment_status":"open","ping_status":"open","sticky":false,"template":"","format":"standard","meta":{"_jetpack_memberships_contains_paid_content":false,"footnotes":"","jetpack_publicize_message":"","jetpack_publicize_feature_enabled":true,"jetpack_social_post_already_shared":true,"jetpack_social_options":{"image_generator_settings":{"template":"highway","default_image_id":0,"font":"","enabled":false},"version":2},"_wpas_customize_per_network":false},"categories":[405],"tags":[],"class_list":["post-18055","post","type-post","status-publish","format-standard","has-post-thumbnail","hentry","category-actu-france-monde"],"jetpack_publicize_connections":[],"jetpack_featured_media_url":"https:\/\/i0.wp.com\/www.iceagetv.com\/radiosite\/wp-content\/uploads\/2021\/03\/Les-deux-mineurs-de-15-ans-ont-%C3%A9t%C3%A9-mis-en-examen-et-plac%C3%A9-en-d%C3%A9tention-hier-soir-pour-assassinat-apr%C3%A8s-la-mort-de-la-jeune-fille.jpg?fit=679%2C293&ssl=1","jetpack_sharing_enabled":true,"_links":{"self":[{"href":"https:\/\/www.iceagetv.com\/radiosite\/wp-json\/wp\/v2\/posts\/18055","targetHints":{"allow":["GET"]}}],"collection":[{"href":"https:\/\/www.iceagetv.com\/radiosite\/wp-json\/wp\/v2\/posts"}],"about":[{"href":"https:\/\/www.iceagetv.com\/radiosite\/wp-json\/wp\/v2\/types\/post"}],"author":[{"embeddable":true,"href":"https:\/\/www.iceagetv.com\/radiosite\/wp-json\/wp\/v2\/users\/2"}],"replies":[{"embeddable":true,"href":"https:\/\/www.iceagetv.com\/radiosite\/wp-json\/wp\/v2\/comments?post=18055"}],"version-history":[{"count":1,"href":"https:\/\/www.iceagetv.com\/radiosite\/wp-json\/wp\/v2\/posts\/18055\/revisions"}],"predecessor-version":[{"id":18057,"href":"https:\/\/www.iceagetv.com\/radiosite\/wp-json\/wp\/v2\/posts\/18055\/revisions\/18057"}],"wp:featuredmedia":[{"embeddable":true,"href":"https:\/\/www.iceagetv.com\/radiosite\/wp-json\/wp\/v2\/media\/18056"}],"wp:attachment":[{"href":"https:\/\/www.iceagetv.com\/radiosite\/wp-json\/wp\/v2\/media?parent=18055"}],"wp:term":[{"taxonomy":"category","embeddable":true,"href":"https:\/\/www.iceagetv.com\/radiosite\/wp-json\/wp\/v2\/categories?post=18055"},{"taxonomy":"post_tag","embeddable":true,"href":"https:\/\/www.iceagetv.com\/radiosite\/wp-json\/wp\/v2\/tags?post=18055"}],"curies":[{"name":"wp","href":"https:\/\/api.w.org\/{rel}","templated":true}]}}