{"id":18064,"date":"2021-03-12T17:03:54","date_gmt":"2021-03-12T17:03:54","guid":{"rendered":"http:\/\/www.iceagetv.com\/radiosite\/?p=18064"},"modified":"2021-03-12T17:03:54","modified_gmt":"2021-03-12T17:03:54","slug":"crise-sanitaire-lexecutif-se-deploie-en-ile-de-france","status":"publish","type":"post","link":"https:\/\/www.iceagetv.com\/radiosite\/crise-sanitaire-lexecutif-se-deploie-en-ile-de-france\/","title":{"rendered":"Crise sanitaire : l\u2019ex\u00e9cutif se d\u00e9ploie en \u00cele-de-France"},"content":{"rendered":"\n<p><em>&nbsp;Les prochains jours seront d\u00e9cisifs&nbsp;\u00bb<\/em>, pr\u00e9vient un conseiller \u00e0 Matignon. La situation sanitaire de l\u2019\u00cele-de-France inqui\u00e8te l\u2019ex\u00e9cutif, qui mise sur des \u00e9vacuations sanitaires massives et une acc\u00e9l\u00e9ration de la vaccination pour \u00e9viter de confiner la premi\u00e8re r\u00e9gion de France et ses douze millions d\u2019habitants.&nbsp;<em>\u00ab Nous proc\u00e9dons \u00e0 un suivi pr\u00e9cis, mais il n\u2019y a pas encore de configuration de r\u00e9union pour prendre de nouvelles d\u00e9cisions&nbsp;\u00bb<\/em>, assure l\u2019entourage du premier ministre, qui indique que le gouvernement souhaite \u00e0 tout prix&nbsp;<em>\u00ab \u00e9viter de proc\u00e9der \u00e0 un tri entre les patients \u00e0 l\u2019h\u00f4pital&nbsp;\u00bb<\/em>.<\/p>\n\n\n\n<p>Jean Castex devrait s\u2019exprimer ce soir depuis l\u2019h\u00f4pital parisien de la Piti\u00e9 Salp\u00eatri\u00e8re, o\u00f9 il visitera le service de r\u00e9animation. Le chef du gouvernement se rendra demain au centre de vaccination de Saint-Maixent (Deux-S\u00e8vres) avant une nouvelle visite dans un \u00e9tablissement de sant\u00e9 francilien, probablement en Seine-Saint-Denis. De son c\u00f4t\u00e9, le porte-parole du gouvernement Gabriel Attal suivra dimanche une op\u00e9ration d\u2019\u00e9vacuation sanitaire de patients covid.<\/p>\n\n\n\n<p><em>\u00c7a monte beaucoup en \u00cele-de-France. Le pr\u00e9sident ne veut pas reconfiner mais n\u2019aura pas la main qui tremble s\u2019il devait s\u2019y r\u00e9signer. Si on se prend l\u2019ascenseur, on devra de toute fa\u00e7on fermer le robinet&nbsp;\u00bb<\/em>, observe un interlocuteur quotidien du chef de l\u2019\u00c9tat.&nbsp;<em>\u00ab Il faut s\u2019attendre \u00e0 ce que de nouvelles mesures soient prises.<\/em>&nbsp;\u00bb La piste d\u2019un confinement est donc sur la table, pour bloquer la prolif\u00e9ration du variant britannique.&nbsp;<em>\u00ab On suit avec attention les chiffres. Dans les \u00e9coles, les contaminations sont en tout cas contenues, le taux de positivit\u00e9 des tests est inf\u00e9rieur \u00e0 1 %&nbsp;\u00bb<\/em>, pointe un ministre, alors que des rumeurs sur une \u00e9ventuelle fermeture des \u00e9coles circulent.<em>&nbsp;\u00ab On n\u2019en est pas l\u00e0&nbsp;\u00bb<\/em>, nuance-t-on.<\/p>\n\n\n\n<p><em>\u00ab Confiner l\u2019\u00cele-de-France alors qu\u2019on est en plein dans l\u2019anniversaire du premier confinement, le signal politique serait terrible&nbsp;\u00bb<\/em>, s\u2019inqui\u00e8te un conseiller de l\u2019ex\u00e9cutif.&nbsp;<em>\u00ab \u00c7a peut \u00eatre moralement compliqu\u00e9&nbsp;: c\u2019est le film &lsquo;Un jour sans fin&rsquo; appliqu\u00e9 \u00e0 l\u2019ann\u00e9e&nbsp;\u00bb<\/em>, redoute un ministre.<\/p>\n\n\n\n<p><\/p>\n","protected":false},"excerpt":{"rendered":"<p>&nbsp;Les prochains jours seront d\u00e9cisifs&nbsp;\u00bb, pr\u00e9vient un conseiller \u00e0 Matignon. La situation sanitaire de l\u2019\u00cele-de-France inqui\u00e8te l\u2019ex\u00e9cutif, qui mise sur des \u00e9vacuations sanitaires massives et une acc\u00e9l\u00e9ration de la vaccination pour \u00e9viter de confiner la premi\u00e8re r\u00e9gion de France et ses douze millions d\u2019habitants.&nbsp;\u00ab Nous proc\u00e9dons \u00e0 un suivi pr\u00e9cis, mais il n\u2019y a pas [&hellip;]<\/p>\n","protected":false},"author":2,"featured_media":18065,"comment_status":"open","ping_status":"open","sticky":false,"template":"","format":"standard","meta":{"_jetpack_memberships_contains_paid_content":false,"footnotes":"","jetpack_publicize_message":"","jetpack_publicize_feature_enabled":true,"jetpack_social_post_already_shared":true,"jetpack_social_options":{"image_generator_settings":{"template":"highway","default_image_id":0,"font":"","enabled":false},"version":2},"_wpas_customize_per_network":false},"categories":[405],"tags":[],"class_list":["post-18064","post","type-post","status-publish","format-standard","has-post-thumbnail","hentry","category-actu-france-monde"],"jetpack_publicize_connections":[],"jetpack_featured_media_url":"https:\/\/i0.wp.com\/www.iceagetv.com\/radiosite\/wp-content\/uploads\/2021\/03\/l%E2%80%99ex%C3%A9cutif-se-d%C3%A9ploie-en-%C3%8Ele-de-France.png?fit=527%2C289&ssl=1","jetpack_sharing_enabled":true,"_links":{"self":[{"href":"https:\/\/www.iceagetv.com\/radiosite\/wp-json\/wp\/v2\/posts\/18064","targetHints":{"allow":["GET"]}}],"collection":[{"href":"https:\/\/www.iceagetv.com\/radiosite\/wp-json\/wp\/v2\/posts"}],"about":[{"href":"https:\/\/www.iceagetv.com\/radiosite\/wp-json\/wp\/v2\/types\/post"}],"author":[{"embeddable":true,"href":"https:\/\/www.iceagetv.com\/radiosite\/wp-json\/wp\/v2\/users\/2"}],"replies":[{"embeddable":true,"href":"https:\/\/www.iceagetv.com\/radiosite\/wp-json\/wp\/v2\/comments?post=18064"}],"version-history":[{"count":1,"href":"https:\/\/www.iceagetv.com\/radiosite\/wp-json\/wp\/v2\/posts\/18064\/revisions"}],"predecessor-version":[{"id":18066,"href":"https:\/\/www.iceagetv.com\/radiosite\/wp-json\/wp\/v2\/posts\/18064\/revisions\/18066"}],"wp:featuredmedia":[{"embeddable":true,"href":"https:\/\/www.iceagetv.com\/radiosite\/wp-json\/wp\/v2\/media\/18065"}],"wp:attachment":[{"href":"https:\/\/www.iceagetv.com\/radiosite\/wp-json\/wp\/v2\/media?parent=18064"}],"wp:term":[{"taxonomy":"category","embeddable":true,"href":"https:\/\/www.iceagetv.com\/radiosite\/wp-json\/wp\/v2\/categories?post=18064"},{"taxonomy":"post_tag","embeddable":true,"href":"https:\/\/www.iceagetv.com\/radiosite\/wp-json\/wp\/v2\/tags?post=18064"}],"curies":[{"name":"wp","href":"https:\/\/api.w.org\/{rel}","templated":true}]}}