{"id":18101,"date":"2021-03-19T15:36:24","date_gmt":"2021-03-19T15:36:24","guid":{"rendered":"http:\/\/www.iceagetv.com\/radiosite\/?p=18101"},"modified":"2021-03-19T15:36:24","modified_gmt":"2021-03-19T15:36:24","slug":"coronavirus-le-premier-ministre-jean-castex-a-recu-sa-premiere-dose-du-vaccin-astrazeneca-cet-apres-midi-a-lhopital-begin-de-saint-mande","status":"publish","type":"post","link":"https:\/\/www.iceagetv.com\/radiosite\/coronavirus-le-premier-ministre-jean-castex-a-recu-sa-premiere-dose-du-vaccin-astrazeneca-cet-apres-midi-a-lhopital-begin-de-saint-mande\/","title":{"rendered":"Coronavirus: Le Premier ministre Jean Castex a re\u00e7u sa premi\u00e8re dose du vaccin AstraZeneca cet apr\u00e8s-midi \u00e0 l\u2019h\u00f4pital B\u00e9gin de Saint-Mand\u00e9"},"content":{"rendered":"\n<p>Le Premier ministre Jean Castex a re\u00e7u sa premi\u00e8re dose du vaccin AstraZeneca vendredi \u00e0 l&rsquo;h\u00f4pital B\u00e9gin de Saint-Mand\u00e9, pr\u00e8s de Paris, une injection destin\u00e9e \u00e0 rassurer les Fran\u00e7ais apr\u00e8s la br\u00e8ve suspension du s\u00e9rum anti-Covid. \u00abJe n&rsquo;ai rien senti alors que je suis un peu douillet\u00bb, a comment\u00e9 le Premier ministre, 55 ans. \u00abOn ne va pas faire comme M. V\u00e9ran\u00bb, a-t-il plaisant\u00e9 en remontant la manche de sa chemise pour recevoir l&rsquo;injection.<\/p>\n\n\n\n<p>Deux heures plus t\u00f4t, la Haute autorit\u00e9 de sant\u00e9 (HAS) avait donn\u00e9 son feu vert \u00e0 la reprise \u00absans d\u00e9lai\u00bb de la vaccination avec AstraZeneca, tout en recommandant de le r\u00e9server aux personnes de 55 ans et plus. Comme une quinzaine d&rsquo;autres pays, la France avait suspendu par pr\u00e9caution mardi l&rsquo;utilisation du vaccin su\u00e9do-britannique, apr\u00e8s le signalement d&rsquo;effets secondaires graves tels que des troubles de la coagulation et la formation de caillots.<\/p>\n\n\n\n<p>Mais jeudi, l&rsquo;Agence europ\u00e9enne des m\u00e9dicaments (EMA) a jug\u00e9 \u00abs\u00fbr et efficace\u00bb l&rsquo;AstraZeneca dans un avis tr\u00e8s attendu, sur fond de p\u00e9nurie de vaccins en Europe. Face au risque de d\u00e9fiance d&rsquo;une partie de la population, M. Castex avait annonc\u00e9 d\u00e8s mardi qu&rsquo;il se ferait vacciner \u00abtr\u00e8s rapidement\u00bb si la suspension d&rsquo;AstraZeneca \u00e9tait lev\u00e9e, qualifiant ce vaccin d&rsquo;\u00abutile\u00bb, en d\u00e9pit des inqui\u00e9tudes sur de possibles effets secondaires.<\/p>\n\n\n\n<p>\u00abJusqu&rsquo;\u00e0 pr\u00e9sent, je m&rsquo;\u00e9tais fix\u00e9 une ligne de conduite, c&rsquo;est-\u00e0-dire me faire vacciner quand mon tour viendra, pas de passe-droit\u00bb, avait d\u00e9clar\u00e9 mardi M. Castex, \u00e2g\u00e9 de 55 ans et qui ne d\u00e9clare \u00abpas de comorbidit\u00e9 connue\u00bb. \u00abMais je me suis dit effectivement qu&rsquo;il serait judicieux que je me fasse vacciner tr\u00e8s rapidement (&#8230;) pour montrer \u00e0 mes concitoyens que la vaccination, c&rsquo;est la porte de sortie de cette crise et qu&rsquo;on peut y aller en toute s\u00e9curit\u00e9\u00bb, avait-il poursuivi.<\/p>\n\n\n\n<p><\/p>\n","protected":false},"excerpt":{"rendered":"<p>Le Premier ministre Jean Castex a re\u00e7u sa premi\u00e8re dose du vaccin AstraZeneca vendredi \u00e0 l&rsquo;h\u00f4pital B\u00e9gin de Saint-Mand\u00e9, pr\u00e8s de Paris, une injection destin\u00e9e \u00e0 rassurer les Fran\u00e7ais apr\u00e8s la br\u00e8ve suspension du s\u00e9rum anti-Covid. \u00abJe n&rsquo;ai rien senti alors que je suis un peu douillet\u00bb, a comment\u00e9 le Premier ministre, 55 ans. \u00abOn [&hellip;]<\/p>\n","protected":false},"author":2,"featured_media":18102,"comment_status":"open","ping_status":"open","sticky":false,"template":"","format":"standard","meta":{"_jetpack_memberships_contains_paid_content":false,"footnotes":"","jetpack_publicize_message":"","jetpack_publicize_feature_enabled":true,"jetpack_social_post_already_shared":true,"jetpack_social_options":{"image_generator_settings":{"template":"highway","default_image_id":0,"font":"","enabled":false},"version":2},"_wpas_customize_per_network":false},"categories":[405],"tags":[],"class_list":["post-18101","post","type-post","status-publish","format-standard","has-post-thumbnail","hentry","category-actu-france-monde"],"jetpack_publicize_connections":[],"jetpack_featured_media_url":"https:\/\/i0.wp.com\/www.iceagetv.com\/radiosite\/wp-content\/uploads\/2021\/03\/Le-Premier-ministre-Jean-Castex.jpg?fit=679%2C293&ssl=1","jetpack_sharing_enabled":true,"_links":{"self":[{"href":"https:\/\/www.iceagetv.com\/radiosite\/wp-json\/wp\/v2\/posts\/18101","targetHints":{"allow":["GET"]}}],"collection":[{"href":"https:\/\/www.iceagetv.com\/radiosite\/wp-json\/wp\/v2\/posts"}],"about":[{"href":"https:\/\/www.iceagetv.com\/radiosite\/wp-json\/wp\/v2\/types\/post"}],"author":[{"embeddable":true,"href":"https:\/\/www.iceagetv.com\/radiosite\/wp-json\/wp\/v2\/users\/2"}],"replies":[{"embeddable":true,"href":"https:\/\/www.iceagetv.com\/radiosite\/wp-json\/wp\/v2\/comments?post=18101"}],"version-history":[{"count":1,"href":"https:\/\/www.iceagetv.com\/radiosite\/wp-json\/wp\/v2\/posts\/18101\/revisions"}],"predecessor-version":[{"id":18103,"href":"https:\/\/www.iceagetv.com\/radiosite\/wp-json\/wp\/v2\/posts\/18101\/revisions\/18103"}],"wp:featuredmedia":[{"embeddable":true,"href":"https:\/\/www.iceagetv.com\/radiosite\/wp-json\/wp\/v2\/media\/18102"}],"wp:attachment":[{"href":"https:\/\/www.iceagetv.com\/radiosite\/wp-json\/wp\/v2\/media?parent=18101"}],"wp:term":[{"taxonomy":"category","embeddable":true,"href":"https:\/\/www.iceagetv.com\/radiosite\/wp-json\/wp\/v2\/categories?post=18101"},{"taxonomy":"post_tag","embeddable":true,"href":"https:\/\/www.iceagetv.com\/radiosite\/wp-json\/wp\/v2\/tags?post=18101"}],"curies":[{"name":"wp","href":"https:\/\/api.w.org\/{rel}","templated":true}]}}