{"id":18107,"date":"2021-03-20T07:32:59","date_gmt":"2021-03-20T07:32:59","guid":{"rendered":"http:\/\/www.iceagetv.com\/radiosite\/?p=18107"},"modified":"2021-03-20T07:32:59","modified_gmt":"2021-03-20T07:32:59","slug":"faux-confinement-voici-la-tres-longue-liste-des-commerces-autorises-a-ouvrir-avec-des-nouveautes-fleuristes-chocolatiers-coiffeurs-cordonniers","status":"publish","type":"post","link":"https:\/\/www.iceagetv.com\/radiosite\/faux-confinement-voici-la-tres-longue-liste-des-commerces-autorises-a-ouvrir-avec-des-nouveautes-fleuristes-chocolatiers-coiffeurs-cordonniers\/","title":{"rendered":"Faux confinement &#8211; Voici la tr\u00e8s longue liste des commerces autoris\u00e9s \u00e0 ouvrir avec des nouveaut\u00e9s : Fleuristes, chocolatiers, coiffeurs, cordonniers&#8230;"},"content":{"rendered":"\n<p>\u00c0 compter ce vendredi 19 mars \u00e0 minuit, Paris et les autres d\u00e9partements d\u2019\u00cele-de-France (Hauts-de-Seine, Seine-Saint-Denis, Val-de-Marne, Essonne, Yvelines, Seine-et-Marne, Val-d&rsquo;Oise) vont dont \u00eatre soumis \u00e0 un reconfinement 7 jours sur 7, pendant 4 semaines au moins, entra\u00eenant la fermeture des commerces et rayons non-essentiels.<\/p>\n\n\n\n<p>\u00ab\u00a0S\u2019agissant des commerces, comme en mars et en novembre, seuls les commerces vendant des biens et des services de premi\u00e8re n\u00e9cessit\u00e9 seront autoris\u00e9s \u00e0 ouvrir. Cette notion de bien de premi\u00e8re n\u00e9cessit\u00e9 sera \u00e9tendue aux livres et \u00e0 la musique, ce qui permettra aux libraires et aux disquaires de rester ouverts.\u00a0\u00bb a annonc\u00e9 le Premier ministre.&nbsp;<em>close<\/em><em>volume_off<\/em><\/p>\n\n\n\n<figure><iframe src=\"javascript:false\"><\/iframe><\/figure>\n\n\n\n<p>Par ailleurs, les restrictions de vente s\u2019appliqueront aux m\u00eames produits vendus dans les grandes surfaces. \u00ab\u00a0Par souci d\u2019\u00e9quit\u00e9, les restrictions de vente s\u2019appliqueront aux m\u00eames produits qu\u2019ils soient vendus dans un rayon de grande surface, un commerce sp\u00e9cialis\u00e9 ou un petit commerce de centre-ville \u00bb, a pr\u00e9cis\u00e9 le Premier ministre.<\/p>\n\n\n\n<p>\u00c9videmment, les restaurants et les bars resteront ferm\u00e9s \u00e0 l\u2019heure de ce nouveau confinement, m\u00eame s\u2019ils auront toujours l\u2019opportunit\u00e9 de recourir au \u00ab click and collect \u00bb.<\/p>\n\n\n\n<p>Jean Castex avait ajout\u00e9 \u00e0 la liste des commerces jug\u00e9s \u00ab\u00a0essentiels\u00a0\u00bb du confinement de novembre,&nbsp;les libraires et disquaires. Ce qui avait suscit\u00e9 l&rsquo;incompr\u00e9hension d&rsquo;autres commer\u00e7ants, jugeant ce deux poids, deux mesures injuste.<\/p>\n\n\n\n<p>L&rsquo;ex\u00e9cutif a rencontr\u00e9 tout au long de la journ\u00e9e d&rsquo;hier les organisations professionnelles et vient donc d&rsquo;ajouter \u00e0 la d\u00e9j\u00e0 longue liste des commerces autoris\u00e9s \u00e0 rester ouverts (Ils sont en rouge au d\u00e9but de la liste ci-dessous):<\/p>\n\n\n\n<p><strong>Disquaires<\/strong><\/p>\n\n\n\n<ul class=\"wp-block-list\"><li><strong>Les fleuristes et jardineries<\/strong><\/li><li><strong>Les jardineries<\/strong><\/li><li><strong>Les cordonneries<\/strong><\/li><li><strong>Les chocolateries<\/strong><\/li><li><strong>Les salons de coiffure<\/strong><\/li><li>Les concessions automobiles sur rendez-vous<\/li><\/ul>\n\n\n\n<ul class=\"wp-block-list\"><li><\/li><\/ul>\n\n\n\n<ul class=\"wp-block-list\"><li><\/li><\/ul>\n\n\n\n<ul class=\"wp-block-list\"><li><\/li><\/ul>\n\n\n\n<ul class=\"wp-block-list\"><li><\/li><\/ul>\n\n\n\n<ul class=\"wp-block-list\"><li><\/li><\/ul>\n\n\n\n<ul class=\"wp-block-list\"><li><\/li><\/ul>\n\n\n\n<ul class=\"wp-block-list\"><li><\/li><\/ul>\n\n\n\n<ul class=\"wp-block-list\"><li><\/li><\/ul>\n\n\n\n<ul class=\"wp-block-list\"><li><\/li><\/ul>\n\n\n\n<ul class=\"wp-block-list\"><li><\/li><\/ul>\n\n\n\n<ul class=\"wp-block-list\"><li><\/li><\/ul>\n\n\n\n<ul class=\"wp-block-list\"><li><\/li><\/ul>\n\n\n\n<ul class=\"wp-block-list\"><li><\/li><\/ul>\n\n\n\n<ul class=\"wp-block-list\"><li><\/li><\/ul>\n\n\n\n<ul class=\"wp-block-list\"><li><\/li><\/ul>\n\n\n\n<ul class=\"wp-block-list\"><li><\/li><\/ul>\n\n\n\n<ul class=\"wp-block-list\"><li><\/li><\/ul>\n\n\n\n<ul class=\"wp-block-list\"><li><\/li><\/ul>\n\n\n\n<ul class=\"wp-block-list\"><li><\/li><\/ul>\n\n\n\n<ul class=\"wp-block-list\"><li><\/li><\/ul>\n\n\n\n<ul class=\"wp-block-list\"><li><\/li><\/ul>\n\n\n\n<ul class=\"wp-block-list\"><li><\/li><\/ul>\n\n\n\n<ul class=\"wp-block-list\"><li><\/li><\/ul>\n\n\n\n<ul class=\"wp-block-list\"><li><\/li><\/ul>\n\n\n\n<ul class=\"wp-block-list\"><li><\/li><\/ul>\n\n\n\n<ul class=\"wp-block-list\"><li><\/li><\/ul>\n\n\n\n<ul class=\"wp-block-list\"><li><\/li><\/ul>\n\n\n\n<ul class=\"wp-block-list\"><li><\/li><\/ul>\n\n\n\n<ul class=\"wp-block-list\"><li><\/li><\/ul>\n\n\n\n<ul class=\"wp-block-list\"><li><\/li><\/ul>\n\n\n\n<ul class=\"wp-block-list\"><li><\/li><\/ul>\n\n\n\n<ul class=\"wp-block-list\"><li><\/li><\/ul>\n\n\n\n<ul class=\"wp-block-list\"><li><\/li><\/ul>\n\n\n\n<ul class=\"wp-block-list\"><li><\/li><\/ul>\n\n\n\n<ul class=\"wp-block-list\"><li><\/li><\/ul>\n\n\n\n<p><\/p>\n","protected":false},"excerpt":{"rendered":"<p>\u00c0 compter ce vendredi 19 mars \u00e0 minuit, Paris et les autres d\u00e9partements d\u2019\u00cele-de-France (Hauts-de-Seine, Seine-Saint-Denis, Val-de-Marne, Essonne, Yvelines, Seine-et-Marne, Val-d&rsquo;Oise) vont dont \u00eatre soumis \u00e0 un reconfinement 7 jours sur 7, pendant 4 semaines au moins, entra\u00eenant la fermeture des commerces et rayons non-essentiels. \u00ab\u00a0S\u2019agissant des commerces, comme en mars et en novembre, seuls [&hellip;]<\/p>\n","protected":false},"author":2,"featured_media":18108,"comment_status":"open","ping_status":"open","sticky":false,"template":"","format":"standard","meta":{"_jetpack_memberships_contains_paid_content":false,"footnotes":"","jetpack_publicize_message":"","jetpack_publicize_feature_enabled":true,"jetpack_social_post_already_shared":true,"jetpack_social_options":{"image_generator_settings":{"template":"highway","default_image_id":0,"font":"","enabled":false},"version":2},"_wpas_customize_per_network":false},"categories":[405],"tags":[],"class_list":["post-18107","post","type-post","status-publish","format-standard","has-post-thumbnail","hentry","category-actu-france-monde"],"jetpack_publicize_connections":[],"jetpack_featured_media_url":"https:\/\/i0.wp.com\/www.iceagetv.com\/radiosite\/wp-content\/uploads\/2021\/03\/Faux-confinement.jpg?fit=679%2C293&ssl=1","jetpack_sharing_enabled":true,"_links":{"self":[{"href":"https:\/\/www.iceagetv.com\/radiosite\/wp-json\/wp\/v2\/posts\/18107","targetHints":{"allow":["GET"]}}],"collection":[{"href":"https:\/\/www.iceagetv.com\/radiosite\/wp-json\/wp\/v2\/posts"}],"about":[{"href":"https:\/\/www.iceagetv.com\/radiosite\/wp-json\/wp\/v2\/types\/post"}],"author":[{"embeddable":true,"href":"https:\/\/www.iceagetv.com\/radiosite\/wp-json\/wp\/v2\/users\/2"}],"replies":[{"embeddable":true,"href":"https:\/\/www.iceagetv.com\/radiosite\/wp-json\/wp\/v2\/comments?post=18107"}],"version-history":[{"count":1,"href":"https:\/\/www.iceagetv.com\/radiosite\/wp-json\/wp\/v2\/posts\/18107\/revisions"}],"predecessor-version":[{"id":18109,"href":"https:\/\/www.iceagetv.com\/radiosite\/wp-json\/wp\/v2\/posts\/18107\/revisions\/18109"}],"wp:featuredmedia":[{"embeddable":true,"href":"https:\/\/www.iceagetv.com\/radiosite\/wp-json\/wp\/v2\/media\/18108"}],"wp:attachment":[{"href":"https:\/\/www.iceagetv.com\/radiosite\/wp-json\/wp\/v2\/media?parent=18107"}],"wp:term":[{"taxonomy":"category","embeddable":true,"href":"https:\/\/www.iceagetv.com\/radiosite\/wp-json\/wp\/v2\/categories?post=18107"},{"taxonomy":"post_tag","embeddable":true,"href":"https:\/\/www.iceagetv.com\/radiosite\/wp-json\/wp\/v2\/tags?post=18107"}],"curies":[{"name":"wp","href":"https:\/\/api.w.org\/{rel}","templated":true}]}}