{"id":18126,"date":"2021-03-22T16:44:20","date_gmt":"2021-03-22T16:44:20","guid":{"rendered":"http:\/\/www.iceagetv.com\/radiosite\/?p=18126"},"modified":"2021-03-22T16:44:20","modified_gmt":"2021-03-22T16:44:20","slug":"coronavirus-la-ministre-du-travail-elisabeth-borne-testee-positive-au-covid-19-a-ete-hospitalisee-et-placee-sous-surveillance-medicale","status":"publish","type":"post","link":"https:\/\/www.iceagetv.com\/radiosite\/coronavirus-la-ministre-du-travail-elisabeth-borne-testee-positive-au-covid-19-a-ete-hospitalisee-et-placee-sous-surveillance-medicale\/","title":{"rendered":"Coronavirus &#8211; La ministre du Travail Elisabeth Borne, test\u00e9e positive au Covid-19, a \u00e9t\u00e9 hospitalis\u00e9e et plac\u00e9e sous surveillance m\u00e9dicale"},"content":{"rendered":"\n<p>La ministre du Travail \u00c9lisabeth Borne, qui avait \u00e9t\u00e9 test\u00e9e positive au Covid-19 le 14 mars dernier, \u00ab&nbsp;a \u00e9t\u00e9 plac\u00e9e sous surveillance m\u00e9dicale dans un h\u00f4pital de la r\u00e9gion parisienne&nbsp;\u00bb, et son \u00e9tat de sant\u00e9 est \u00ab&nbsp;en voie d\u2019am\u00e9lioration&nbsp;\u00bb, a indiqu\u00e9 le minist\u00e8re lundi dans un communiqu\u00e9. Elisabeth Borne avait annonc\u00e9 le 14 mars sur son compte Twitter avoir \u00e9t\u00e9 test\u00e9e positive au Covid-19, tout en indiquant qu\u2019elle continuerait d\u2019exercer ses fonctions \u00e0 distance.<\/p>\n\n\n\n<p>L\u2019entourage de la ministre, \u00e2g\u00e9e de 59 ans, se veut \u00ab\u00a0rassurant\u00a0\u00bb sur son \u00e9tat de sant\u00e9 et ses services pr\u00e9cisent qu\u2019\u00ab\u00a0en lien avec la ministre et avec l\u2019appui de son cabinet, Brigitte Klinkert, ministre d\u00e9l\u00e9gu\u00e9e charg\u00e9e de l\u2019Insertion, et Laurent Pietraszewski, secr\u00e9taire d\u2019Etat charg\u00e9 des Retraites et de la Sant\u00e9 au travail, assurent la continuit\u00e9 des dossiers et du travail gouvernemental\u00a0\u00bb. N\u00e9e le 18 avril 1961, elle est en charge depuis juillet 2020 du lourd dossier du Travail, de l\u2019Emploi et de la Formation, \u00e0 l\u2019heure de la crise du Covid-19. Auparavant, dans les gouvernements d\u2019Edouard Philippe, elle avait g\u00e9r\u00e9 le portefeuille des Transports, puis remplac\u00e9 Fran\u00e7ois de Rugy comme ministre de la Transition \u00e9cologique et solidaire en juillet 2019 <\/p>\n","protected":false},"excerpt":{"rendered":"<p>La ministre du Travail \u00c9lisabeth Borne, qui avait \u00e9t\u00e9 test\u00e9e positive au Covid-19 le 14 mars dernier, \u00ab&nbsp;a \u00e9t\u00e9 plac\u00e9e sous surveillance m\u00e9dicale dans un h\u00f4pital de la r\u00e9gion parisienne&nbsp;\u00bb, et son \u00e9tat de sant\u00e9 est \u00ab&nbsp;en voie d\u2019am\u00e9lioration&nbsp;\u00bb, a indiqu\u00e9 le minist\u00e8re lundi dans un communiqu\u00e9. Elisabeth Borne avait annonc\u00e9 le 14 mars sur [&hellip;]<\/p>\n","protected":false},"author":2,"featured_media":18127,"comment_status":"open","ping_status":"open","sticky":false,"template":"","format":"standard","meta":{"_jetpack_memberships_contains_paid_content":false,"footnotes":"","jetpack_publicize_message":"","jetpack_publicize_feature_enabled":true,"jetpack_social_post_already_shared":true,"jetpack_social_options":{"image_generator_settings":{"template":"highway","default_image_id":0,"font":"","enabled":false},"version":2},"_wpas_customize_per_network":false},"categories":[405],"tags":[],"class_list":["post-18126","post","type-post","status-publish","format-standard","has-post-thumbnail","hentry","category-actu-france-monde"],"jetpack_publicize_connections":[],"jetpack_featured_media_url":"https:\/\/i0.wp.com\/www.iceagetv.com\/radiosite\/wp-content\/uploads\/2021\/03\/La-ministre-du-Travail-Elisabeth-Borne.jpg?fit=679%2C293&ssl=1","jetpack_sharing_enabled":true,"_links":{"self":[{"href":"https:\/\/www.iceagetv.com\/radiosite\/wp-json\/wp\/v2\/posts\/18126","targetHints":{"allow":["GET"]}}],"collection":[{"href":"https:\/\/www.iceagetv.com\/radiosite\/wp-json\/wp\/v2\/posts"}],"about":[{"href":"https:\/\/www.iceagetv.com\/radiosite\/wp-json\/wp\/v2\/types\/post"}],"author":[{"embeddable":true,"href":"https:\/\/www.iceagetv.com\/radiosite\/wp-json\/wp\/v2\/users\/2"}],"replies":[{"embeddable":true,"href":"https:\/\/www.iceagetv.com\/radiosite\/wp-json\/wp\/v2\/comments?post=18126"}],"version-history":[{"count":1,"href":"https:\/\/www.iceagetv.com\/radiosite\/wp-json\/wp\/v2\/posts\/18126\/revisions"}],"predecessor-version":[{"id":18128,"href":"https:\/\/www.iceagetv.com\/radiosite\/wp-json\/wp\/v2\/posts\/18126\/revisions\/18128"}],"wp:featuredmedia":[{"embeddable":true,"href":"https:\/\/www.iceagetv.com\/radiosite\/wp-json\/wp\/v2\/media\/18127"}],"wp:attachment":[{"href":"https:\/\/www.iceagetv.com\/radiosite\/wp-json\/wp\/v2\/media?parent=18126"}],"wp:term":[{"taxonomy":"category","embeddable":true,"href":"https:\/\/www.iceagetv.com\/radiosite\/wp-json\/wp\/v2\/categories?post=18126"},{"taxonomy":"post_tag","embeddable":true,"href":"https:\/\/www.iceagetv.com\/radiosite\/wp-json\/wp\/v2\/tags?post=18126"}],"curies":[{"name":"wp","href":"https:\/\/api.w.org\/{rel}","templated":true}]}}