{"id":18134,"date":"2021-03-24T12:39:59","date_gmt":"2021-03-24T12:39:59","guid":{"rendered":"http:\/\/www.iceagetv.com\/radiosite\/?p=18134"},"modified":"2021-03-24T12:39:59","modified_gmt":"2021-03-24T12:39:59","slug":"coronavirus-positive-au-covid-19-la-ministre-de-la-culture-roselyne-bachelot-est-hospitalisee-annonce-son-entourage-cest-la-deuxieme-ministre-hospitalisee-apres-elisabeth-borne-la-semaine-derni","status":"publish","type":"post","link":"https:\/\/www.iceagetv.com\/radiosite\/coronavirus-positive-au-covid-19-la-ministre-de-la-culture-roselyne-bachelot-est-hospitalisee-annonce-son-entourage-cest-la-deuxieme-ministre-hospitalisee-apres-elisabeth-borne-la-semaine-derni\/","title":{"rendered":"Coronavirus: Positive au Covid-19, la ministre de la Culture Roselyne Bachelot est hospitalis\u00e9e, annonce son entourage &#8211; C&rsquo;est la deuxi\u00e8me ministre hospitalis\u00e9e apr\u00e8s Elisabeth Borne la semaine derni\u00e8re"},"content":{"rendered":"\n<p><strong>Le point sur ce que l&rsquo;on sait ce matin<br><\/strong><\/p>\n\n\n\n<p>Positive au Covid-19, Roselyne Bachelot a \u00e9t\u00e9 hospitalis\u00e9e, mais son \u00ab\u00e9tat est stable et n&rsquo;inspire pas d&rsquo;inqui\u00e9tudes\u00bb, a annonc\u00e9 mercredi l&rsquo;entourage de la ministre de la Culture \u00e0 l&rsquo;AFP. \u00abSon m\u00e9decin a pr\u00e9conis\u00e9 une surveillance accrue \u00e0 l&rsquo;h\u00f4pital pour les quelques jours \u00e0 venir\u00bb, a-t-on ajout\u00e9 de m\u00eame source.<\/p>\n\n\n\n<p>La ministre de 74 ans avait annonc\u00e9 samedi sur Twitter avoir \u00e9t\u00e9 test\u00e9e positive \u00ab\u00e0 la suite de sympt\u00f4mes respiratoires\u00bb.<\/p>\n\n\n\n<p>Roselyne Bachelot est le deuxi\u00e8me membre du gouvernement malade du coronavirus et hospitalis\u00e9, apr\u00e8s la ministre du Travail Elisabeth Borne, 59 ans, admise lundi dans un \u00e9tablissement de la r\u00e9gion parisienne.<\/p>\n\n\n\n<p>Ancienne ministre de la Sant\u00e9, Mme Bachelot avait \u00e9t\u00e9 nomm\u00e9e en juillet \u00e0 la t\u00eate du minist\u00e8re, succ\u00e9dant ainsi \u00e0 Franck Riester, qui avait lui-m\u00eame contract\u00e9 le virus il y a un an. Depuis son arriv\u00e9e rue de Valois, elle a eu \u00e0 g\u00e9rer les retomb\u00e9es de la crise sanitaire sur le monde culturel, dont les mus\u00e9es, le cin\u00e9ma et le spectacle vivant, qui sont portes closes depuis le 30 octobre.<\/p>\n\n\n\n<p><strong>\u00a0Roselyne Bachelot est la deuxi\u00e8me ministre \u00e0 \u00eatre hospitalis\u00e9e en moins d&rsquo;une semaine.<\/strong>\u00a0La semaine derni\u00e8re, la ministre du Travail \u00c9lisabeth Borne, qui avait \u00e9t\u00e9 test\u00e9e positive au Covid-19 le 14 mars dernier, \u00ab\u00a0a \u00e9t\u00e9 plac\u00e9e sous surveillance m\u00e9dicale dans un h\u00f4pital de la r\u00e9gion parisienne\u00a0\u00bb, et son \u00e9tat de sant\u00e9 est \u00ab\u00a0en voie d\u2019am\u00e9lioration\u00a0\u00bb. Elisabeth Borne avait annonc\u00e9 le 14 mars sur son compte Twitter avoir \u00e9t\u00e9 test\u00e9e positive au Covid-19, tout en indiquant qu\u2019elle continuerait d\u2019exercer ses fonctions \u00e0 distance.<\/p>\n\n\n\n<p><strong>\u00a0<\/strong>Le 20 mars dernier, Roselyne Bachelot annon\u00e7ait avoir \u00e9t\u00e9 test\u00e9e positive au coronavirus. \u00ab\u00a0\u00c0 la suite de sympt\u00f4mes respiratoires, j\u2019ai fait un test qui confirme que je suis positive au covid. \u00c0 l\u2019isolement, je vais am\u00e9nager mon programme pour la semaine qui vient. Je ne manquerai pas de vous donner des nouvelles r\u00e9guli\u00e8rement!\u00a0\u00bb, expliquait-elle sur le r\u00e9seau social.\u00a0 \u00a0Ancienne ministre de la Sant\u00e9, Mme Bachelot avait \u00e9t\u00e9 nomm\u00e9e en juillet \u00e0 la t\u00eate du minist\u00e8re, succ\u00e9dant ainsi \u00e0 Franck Riester, qui avait lui-m\u00eame contract\u00e9 le virus il y a un an. Depuis son arriv\u00e9e rue de Valois, elle a eu \u00e0 g\u00e9rer les retomb\u00e9es de la crise sanitaire sur le monde culturel, dont les mus\u00e9es, le cin\u00e9ma et le spectacle vivant, qui sont portes closes depuis le 30 octobre. <\/p>\n\n\n\n<p><\/p>\n","protected":false},"excerpt":{"rendered":"<p>Le point sur ce que l&rsquo;on sait ce matin Positive au Covid-19, Roselyne Bachelot a \u00e9t\u00e9 hospitalis\u00e9e, mais son \u00ab\u00e9tat est stable et n&rsquo;inspire pas d&rsquo;inqui\u00e9tudes\u00bb, a annonc\u00e9 mercredi l&rsquo;entourage de la ministre de la Culture \u00e0 l&rsquo;AFP. \u00abSon m\u00e9decin a pr\u00e9conis\u00e9 une surveillance accrue \u00e0 l&rsquo;h\u00f4pital pour les quelques jours \u00e0 venir\u00bb, a-t-on ajout\u00e9 [&hellip;]<\/p>\n","protected":false},"author":2,"featured_media":18135,"comment_status":"open","ping_status":"open","sticky":false,"template":"","format":"standard","meta":{"_jetpack_memberships_contains_paid_content":false,"footnotes":"","jetpack_publicize_message":"","jetpack_publicize_feature_enabled":true,"jetpack_social_post_already_shared":true,"jetpack_social_options":{"image_generator_settings":{"template":"highway","default_image_id":0,"font":"","enabled":false},"version":2},"_wpas_customize_per_network":false},"categories":[405],"tags":[],"class_list":["post-18134","post","type-post","status-publish","format-standard","has-post-thumbnail","hentry","category-actu-france-monde"],"jetpack_publicize_connections":[],"jetpack_featured_media_url":"https:\/\/i0.wp.com\/www.iceagetv.com\/radiosite\/wp-content\/uploads\/2021\/03\/Positive-au-Covid-19-la-ministre-de-la-Culture-Roselyne-Bachelot.jpg?fit=679%2C293&ssl=1","jetpack_sharing_enabled":true,"_links":{"self":[{"href":"https:\/\/www.iceagetv.com\/radiosite\/wp-json\/wp\/v2\/posts\/18134","targetHints":{"allow":["GET"]}}],"collection":[{"href":"https:\/\/www.iceagetv.com\/radiosite\/wp-json\/wp\/v2\/posts"}],"about":[{"href":"https:\/\/www.iceagetv.com\/radiosite\/wp-json\/wp\/v2\/types\/post"}],"author":[{"embeddable":true,"href":"https:\/\/www.iceagetv.com\/radiosite\/wp-json\/wp\/v2\/users\/2"}],"replies":[{"embeddable":true,"href":"https:\/\/www.iceagetv.com\/radiosite\/wp-json\/wp\/v2\/comments?post=18134"}],"version-history":[{"count":1,"href":"https:\/\/www.iceagetv.com\/radiosite\/wp-json\/wp\/v2\/posts\/18134\/revisions"}],"predecessor-version":[{"id":18136,"href":"https:\/\/www.iceagetv.com\/radiosite\/wp-json\/wp\/v2\/posts\/18134\/revisions\/18136"}],"wp:featuredmedia":[{"embeddable":true,"href":"https:\/\/www.iceagetv.com\/radiosite\/wp-json\/wp\/v2\/media\/18135"}],"wp:attachment":[{"href":"https:\/\/www.iceagetv.com\/radiosite\/wp-json\/wp\/v2\/media?parent=18134"}],"wp:term":[{"taxonomy":"category","embeddable":true,"href":"https:\/\/www.iceagetv.com\/radiosite\/wp-json\/wp\/v2\/categories?post=18134"},{"taxonomy":"post_tag","embeddable":true,"href":"https:\/\/www.iceagetv.com\/radiosite\/wp-json\/wp\/v2\/tags?post=18134"}],"curies":[{"name":"wp","href":"https:\/\/api.w.org\/{rel}","templated":true}]}}