{"id":18140,"date":"2021-03-24T16:39:58","date_gmt":"2021-03-24T16:39:58","guid":{"rendered":"http:\/\/www.iceagetv.com\/radiosite\/?p=18140"},"modified":"2021-03-24T16:39:58","modified_gmt":"2021-03-24T16:39:58","slug":"le-gouvernement-envisage-de-verbaliser-tous-les-rassemblements-de-plus-de-6-personnes-sur-la-voie-publique-qui-nauront-pas-ete-autorises-par-les-autorites-rtl","status":"publish","type":"post","link":"https:\/\/www.iceagetv.com\/radiosite\/le-gouvernement-envisage-de-verbaliser-tous-les-rassemblements-de-plus-de-6-personnes-sur-la-voie-publique-qui-nauront-pas-ete-autorises-par-les-autorites-rtl\/","title":{"rendered":"Le gouvernement envisage de verbaliser tous les rassemblements de plus de 6 personnes sur la voie publique qui n&rsquo;auront pas \u00e9t\u00e9 autoris\u00e9s par les autorit\u00e9s (RTL)"},"content":{"rendered":"\n<p>Dans un t\u00e9l\u00e9gramme adress\u00e9 \u00e0 l\u2019ensemble des pr\u00e9fets hier, G\u00e9rald Darmanin demande que les rassemblements \u00ab\u00a0non autoris\u00e9s de plus de six personnes\u00a0\u00bb soient verbalis\u00e9s, affirme le site de&nbsp;<a href=\"https:\/\/www.rtl.fr\/actu\/justice-faits-divers\/coronavirus-les-rassemblements-exterieurs-de-plus-de-6-personnes-vont-etre-verbalises-7900012119\" target=\"_blank\" rel=\"noreferrer noopener\">RTL<\/a>. Et d&rsquo;ajouter que cette consigne \u00ab\u00a0stricte\u00a0\u00bb soit appliqu\u00e9e \u00ab\u00a0en particulier dans les d\u00e9partements \u00e0 mesures renforc\u00e9es\u00a0\u00bb. Nos confr\u00e8res, qui ont pu consulter cette note, rapporte une phrase \u00e9crite : \u00ab\u00a0les rassemblements sur la voie publique (\u2026) ne doivent pas d\u00e9passer 6 personnes tout en respectant les gestes barri\u00e8res. Les rassemblements de plus de 6 personnes doivent \u00eatre verbalis\u00e9s\u00a0\u00bb. Toutefois, les manifestations autoris\u00e9es par les pr\u00e9fectures, les enterrements et les r\u00e9unions \u00e0 caract\u00e8re professionnel, ne sont pas concern\u00e9es par cette mesure.<\/p>\n\n\n\n<p><a href=\"https:\/\/www.rtl.fr\/actu\/justice-faits-divers\/coronavirus-les-rassemblements-exterieurs-de-plus-de-6-personnes-vont-etre-verbalises-7900012119\" target=\"_blank\" rel=\"noreferrer noopener\">RTL<\/a>&nbsp;rappelle toutefois que \u00ab\u00a0l&rsquo;interdiction des rassemblements de plus de six personnes \u00e0 l&rsquo;ext\u00e9rieur \u00e9tait en r\u00e9alit\u00e9 en vigueur depuis le deuxi\u00e8me confinement et le d\u00e9cret du 29 octobre 2020 mais le gouvernement ne l&rsquo;avait pas particuli\u00e8rement mise en avant\u00a0\u00bb. Dans cette note, le ministre de l\u2019int\u00e9rieur demande \u00e9galement un contr\u00f4le renforc\u00e9 du couvre-feu \u00ab\u00a0avec la perspective du changement d\u2019heure \u00e0 venir qui peut amener nos concitoyens \u00e0 retarder leur retour au domicile\u00a0\u00bb, et une lutte active contre les \u00e9tablissements \u00ab\u00a0qui ouvrent clandestinement\u00a0\u00bb. Mais aussi de porter \u00ab\u00a0une attention toute particuli\u00e8re aux pr\u00e9visions de manifestations &lsquo;non revendicatives'\u00a0\u00bb sur la voie publique, pour lesquelles les pr\u00e9fets doivent \u00ab\u00a0envisager l\u2019interdiction d\u00e8s que les crit\u00e8res de droit sont r\u00e9unis\u00a0\u00bb.<\/p>\n","protected":false},"excerpt":{"rendered":"<p>Dans un t\u00e9l\u00e9gramme adress\u00e9 \u00e0 l\u2019ensemble des pr\u00e9fets hier, G\u00e9rald Darmanin demande que les rassemblements \u00ab\u00a0non autoris\u00e9s de plus de six personnes\u00a0\u00bb soient verbalis\u00e9s, affirme le site de&nbsp;RTL. Et d&rsquo;ajouter que cette consigne \u00ab\u00a0stricte\u00a0\u00bb soit appliqu\u00e9e \u00ab\u00a0en particulier dans les d\u00e9partements \u00e0 mesures renforc\u00e9es\u00a0\u00bb. Nos confr\u00e8res, qui ont pu consulter cette note, rapporte une phrase [&hellip;]<\/p>\n","protected":false},"author":2,"featured_media":18141,"comment_status":"open","ping_status":"open","sticky":false,"template":"","format":"standard","meta":{"_jetpack_memberships_contains_paid_content":false,"footnotes":"","jetpack_publicize_message":"","jetpack_publicize_feature_enabled":true,"jetpack_social_post_already_shared":true,"jetpack_social_options":{"image_generator_settings":{"template":"highway","default_image_id":0,"font":"","enabled":false},"version":2},"_wpas_customize_per_network":false},"categories":[405],"tags":[],"class_list":["post-18140","post","type-post","status-publish","format-standard","has-post-thumbnail","hentry","category-actu-france-monde"],"jetpack_publicize_connections":[],"jetpack_featured_media_url":"https:\/\/i0.wp.com\/www.iceagetv.com\/radiosite\/wp-content\/uploads\/2021\/03\/Le-gouvernement-envisage-de-verbaliser-tous-les-rassemblements-de-plus-de-6-personnes-sur-la-voie-publique-qui-nauront-pas-%C3%A9t%C3%A9-autoris%C3%A9s-par-les-autorit%C3%A9s.png?fit=806%2C369&ssl=1","jetpack_sharing_enabled":true,"_links":{"self":[{"href":"https:\/\/www.iceagetv.com\/radiosite\/wp-json\/wp\/v2\/posts\/18140","targetHints":{"allow":["GET"]}}],"collection":[{"href":"https:\/\/www.iceagetv.com\/radiosite\/wp-json\/wp\/v2\/posts"}],"about":[{"href":"https:\/\/www.iceagetv.com\/radiosite\/wp-json\/wp\/v2\/types\/post"}],"author":[{"embeddable":true,"href":"https:\/\/www.iceagetv.com\/radiosite\/wp-json\/wp\/v2\/users\/2"}],"replies":[{"embeddable":true,"href":"https:\/\/www.iceagetv.com\/radiosite\/wp-json\/wp\/v2\/comments?post=18140"}],"version-history":[{"count":1,"href":"https:\/\/www.iceagetv.com\/radiosite\/wp-json\/wp\/v2\/posts\/18140\/revisions"}],"predecessor-version":[{"id":18142,"href":"https:\/\/www.iceagetv.com\/radiosite\/wp-json\/wp\/v2\/posts\/18140\/revisions\/18142"}],"wp:featuredmedia":[{"embeddable":true,"href":"https:\/\/www.iceagetv.com\/radiosite\/wp-json\/wp\/v2\/media\/18141"}],"wp:attachment":[{"href":"https:\/\/www.iceagetv.com\/radiosite\/wp-json\/wp\/v2\/media?parent=18140"}],"wp:term":[{"taxonomy":"category","embeddable":true,"href":"https:\/\/www.iceagetv.com\/radiosite\/wp-json\/wp\/v2\/categories?post=18140"},{"taxonomy":"post_tag","embeddable":true,"href":"https:\/\/www.iceagetv.com\/radiosite\/wp-json\/wp\/v2\/tags?post=18140"}],"curies":[{"name":"wp","href":"https:\/\/api.w.org\/{rel}","templated":true}]}}