{"id":18148,"date":"2021-03-25T17:35:48","date_gmt":"2021-03-25T17:35:48","guid":{"rendered":"http:\/\/www.iceagetv.com\/radiosite\/?p=18148"},"modified":"2021-03-25T17:35:48","modified_gmt":"2021-03-25T17:35:48","slug":"coronavirus-olivier-veran-la-nievre-laube-et-le-rhone-voient-les-mesures-renforcees-et-le-confinement-mis-en-place-la-situation-epidemique-nest-pas-bonne-et-la-tendance-est-a-laccelerati","status":"publish","type":"post","link":"https:\/\/www.iceagetv.com\/radiosite\/coronavirus-olivier-veran-la-nievre-laube-et-le-rhone-voient-les-mesures-renforcees-et-le-confinement-mis-en-place-la-situation-epidemique-nest-pas-bonne-et-la-tendance-est-a-laccelerati\/","title":{"rendered":"Coronavirus &#8211; Olivier V\u00e9ran : \u00ab\u00a0La Ni\u00e8vre, l&rsquo;Aube et le Rh\u00f4ne voient les mesures renforc\u00e9es et le confinement mis en place. La situation \u00e9pid\u00e9mique n&rsquo;est pas bonne et la tendance est \u00e0 l&rsquo;acc\u00e9l\u00e9ration \u00ab\u00a0"},"content":{"rendered":"\n<p><strong>Olivier V\u00e9ran prend la parole :&nbsp;<\/strong><strong>\u00ab\u00a0La situation \u00e9pid\u00e9mique n&rsquo;est pas bonne et la tendance est \u00e0 l&rsquo;acc\u00e9l\u00e9ration.&nbsp;<\/strong>Plus de 45 000 Fran\u00e7ais ont \u00e9t\u00e9 diagnostiqu\u00e9s au coronavirus ces derni\u00e8res 24 heures. La situation est la plus pr\u00e9occupante en Ile-de-France, dans les Hauts-de-France et en Provence-Alpes-C\u00f4te d&rsquo;Azur.<\/p>\n\n\n\n<p><strong>La Ni\u00e8vre, l&rsquo;Aude et le Rh\u00f4ne voient les mesures renforc\u00e9es et le confinement mis en place. La Ni\u00e8vre, l&rsquo;Aube et le Rh\u00f4ne sont confin\u00e9s.\u00a0<\/strong>Dans trois d\u00e9partements suppl\u00e9mentaires, vous le savez, la situation est encore plus d\u00e9grad\u00e9e, la pression \u00e9pid\u00e9mique y atteint des niveaux alarmants. La pression sanitaire se fait fortement sentir sur les h\u00f4pitaux et la m\u00e9decine de ville et la dynamique \u00e9pid\u00e9mique qui est forte : il s&rsquo;agit de la Ni\u00e8vre, du Rh\u00f4ne et de l&rsquo;Aube\u00a0\u00bb.<\/p>\n\n\n\n<p>l est apparu indispensable d&rsquo;amplifier les mesures de protection, \u00e0 l&rsquo;instar de ce qui a \u00e9t\u00e9 mis en \u0153uvre la semaine derni\u00e8re dans les d\u00e9partements concern\u00e9s en Ile de France, dans les Hauts de France et en Normandie, \u00e0 compter de ce vendredi minuit et pour quatre semaines. Donc, dans ces trois d\u00e9partements, le couvre continuent de s&rsquo;appliquer de 19 heures \u00e0 6 heures. Les rassemblements en ext\u00e9rieur ne doivent pas d\u00e9passer six personnes. Les d\u00e9placements sont autoris\u00e9s de 6 heures \u00e0 19 heures lorsque c&rsquo;est dans un rayon inf\u00e9rieur \u00e0 10 km, sans attestation, sans dur\u00e9e\u00a0\u00bb.<br>\u00ab\u00a0Les d\u00e9placements interr\u00e9gionaux sont interdits, sauf motif imp\u00e9rieux ou professionnel. Les commerces de premi\u00e8re n\u00e9cessit\u00e9 restent ouverts. Les \u00e9coles maternelles et primaires et les coll\u00e8ges restent ouverts, tandis que les lyc\u00e9es passent tous en demi jauge. Enfin, les lieux de culte restent ouverts\u00a0\u00bb.<\/p>\n\n\n\n<p><strong>&nbsp;Nous ne fermerons les \u00e9coles qu&rsquo;en derni\u00e8re n\u00e9cessit\u00e9.&nbsp;<\/strong>Pourquoi est ce que nous maintenons les \u00e9coles ouvertes? La fermeture des \u00e9coles, c&rsquo;est une d\u00e9cision de dernier recours que nous voulons \u00e0 tout prix \u00e9viter parce que nous savons des cons\u00e9quences tr\u00e8s lourdes sur le d\u00e9veloppement des enfants et sur le quotidien des parents. Nous ne nions pas que le virus peut aussi se transmettre \u00e0 l&rsquo;\u00e9cole, puis de l&rsquo;\u00e9cole vers les familles. C&rsquo;est pourquoi, avec le ministre de l&rsquo;Education nationale, Jean-Michel Blanquer, nous irons \u00e0 des protocoles sanitaires renforc\u00e9s, en sus de ceux qui sont d\u00e9j\u00e0 mis en place dans les \u00e9tablissements scolaires.<\/p>\n\n\n\n<p><strong>En Ile de France la situation est critique avec des patients plus jeunes et sans comorbidit\u00e9s.&nbsp;<\/strong>La pression hospitali\u00e8re, d\u00e9j\u00e0 forte, va continuer de monter dans les prochains jours. Comme beaucoup de r\u00e9animateurs en t\u00e9moignent, le profil de ces patients change : plus jeune et parfois sans comorbidit\u00e9.&nbsp;<\/p>\n\n\n\n<p>Le temps joue en notre faveur et il nous rend plus fort. Il n&rsquo;y a pas un confinement, il y a cinquante nuances de mesures qui tiennent compte de la situation \u00e9pid\u00e9mique et de ce que nous savons du virus. La situation est \u00e9volutive parce que le virus ne circule pas toujours \u00e0 la m\u00eame vitesse, parce que des variants sont apparus, parce que la vaccination change la donne.<\/p>\n\n\n\n<p><\/p>\n","protected":false},"excerpt":{"rendered":"<p>Olivier V\u00e9ran prend la parole :&nbsp;\u00ab\u00a0La situation \u00e9pid\u00e9mique n&rsquo;est pas bonne et la tendance est \u00e0 l&rsquo;acc\u00e9l\u00e9ration.&nbsp;Plus de 45 000 Fran\u00e7ais ont \u00e9t\u00e9 diagnostiqu\u00e9s au coronavirus ces derni\u00e8res 24 heures. La situation est la plus pr\u00e9occupante en Ile-de-France, dans les Hauts-de-France et en Provence-Alpes-C\u00f4te d&rsquo;Azur. La Ni\u00e8vre, l&rsquo;Aude et le Rh\u00f4ne voient les mesures renforc\u00e9es [&hellip;]<\/p>\n","protected":false},"author":2,"featured_media":18149,"comment_status":"open","ping_status":"open","sticky":false,"template":"","format":"standard","meta":{"_jetpack_memberships_contains_paid_content":false,"footnotes":"","jetpack_publicize_message":"","jetpack_publicize_feature_enabled":true,"jetpack_social_post_already_shared":true,"jetpack_social_options":{"image_generator_settings":{"template":"highway","default_image_id":0,"font":"","enabled":false},"version":2},"_wpas_customize_per_network":false},"categories":[405],"tags":[],"class_list":["post-18148","post","type-post","status-publish","format-standard","has-post-thumbnail","hentry","category-actu-france-monde"],"jetpack_publicize_connections":[],"jetpack_featured_media_url":"https:\/\/i0.wp.com\/www.iceagetv.com\/radiosite\/wp-content\/uploads\/2021\/03\/La-Ni%C3%A8vre-lAube-et-le-Rh%C3%B4ne-voient-les-mesures-renforc%C3%A9es.jpg?fit=679%2C293&ssl=1","jetpack_sharing_enabled":true,"_links":{"self":[{"href":"https:\/\/www.iceagetv.com\/radiosite\/wp-json\/wp\/v2\/posts\/18148","targetHints":{"allow":["GET"]}}],"collection":[{"href":"https:\/\/www.iceagetv.com\/radiosite\/wp-json\/wp\/v2\/posts"}],"about":[{"href":"https:\/\/www.iceagetv.com\/radiosite\/wp-json\/wp\/v2\/types\/post"}],"author":[{"embeddable":true,"href":"https:\/\/www.iceagetv.com\/radiosite\/wp-json\/wp\/v2\/users\/2"}],"replies":[{"embeddable":true,"href":"https:\/\/www.iceagetv.com\/radiosite\/wp-json\/wp\/v2\/comments?post=18148"}],"version-history":[{"count":1,"href":"https:\/\/www.iceagetv.com\/radiosite\/wp-json\/wp\/v2\/posts\/18148\/revisions"}],"predecessor-version":[{"id":18150,"href":"https:\/\/www.iceagetv.com\/radiosite\/wp-json\/wp\/v2\/posts\/18148\/revisions\/18150"}],"wp:featuredmedia":[{"embeddable":true,"href":"https:\/\/www.iceagetv.com\/radiosite\/wp-json\/wp\/v2\/media\/18149"}],"wp:attachment":[{"href":"https:\/\/www.iceagetv.com\/radiosite\/wp-json\/wp\/v2\/media?parent=18148"}],"wp:term":[{"taxonomy":"category","embeddable":true,"href":"https:\/\/www.iceagetv.com\/radiosite\/wp-json\/wp\/v2\/categories?post=18148"},{"taxonomy":"post_tag","embeddable":true,"href":"https:\/\/www.iceagetv.com\/radiosite\/wp-json\/wp\/v2\/tags?post=18148"}],"curies":[{"name":"wp","href":"https:\/\/api.w.org\/{rel}","templated":true}]}}