{"id":18154,"date":"2021-03-26T07:56:36","date_gmt":"2021-03-26T07:56:36","guid":{"rendered":"http:\/\/www.iceagetv.com\/radiosite\/?p=18154"},"modified":"2021-03-26T07:56:36","modified_gmt":"2021-03-26T07:56:36","slug":"covid-19-emmanuel-macron-evoque-de-nouvelles-mesures-face-a-la-troisieme-vague","status":"publish","type":"post","link":"https:\/\/www.iceagetv.com\/radiosite\/covid-19-emmanuel-macron-evoque-de-nouvelles-mesures-face-a-la-troisieme-vague\/","title":{"rendered":"Covid-19 : Emmanuel Macron \u00e9voque de \u00abnouvelles mesures\u00bb face \u00e0 la troisi\u00e8me vague"},"content":{"rendered":"\n<p> Le pr\u00e9sident fran\u00e7ais a pr\u00e9dit jeudi soir en marge du Conseil europ\u00e9en des semaines \u00e0 venir \u00ab<em>difficiles<\/em>\u00bb et a assur\u00e9 qu&rsquo;il n&rsquo;y avait \u00ab<em>aucun tabou<\/em>\u00bb pour les prochaines restrictions.  <em>Aucun mea culpa<\/em>\u00bb pour ne pas avoir reconfin\u00e9 fin janvier, mais Emmanuel Macron a \u00e9voqu\u00e9 jeudi de futures \u00ab<em>nouvelles mesures \u00e0 prendre dans les prochaines semaines<\/em>\u00bb et \u00ab<em>sans tabou<\/em>\u00bb, face \u00e0 la troisi\u00e8me vague qui monte toujours plus dans les h\u00f4pitaux. \u00ab<em>Ces semaines qui viennent seront difficiles, nous prendrons toutes les mesures utiles en temps et en heure et il n&rsquo;y a \u00e0 mes yeux aucun tabou<\/em>\u00bb, a-t-il averti, \u00e0 l&rsquo;issue d&rsquo;un Conseil europ\u00e9en en visioconf\u00e9rence. <\/p>\n\n\n\n<p>Face aux critiques qui montent aussi, Emmanuel Macron a d\u00e9fendu sa strat\u00e9gie, \u00e0 la fois sa d\u00e9cision fin janvier de ne pas reconfiner et le confinement hybride appliqu\u00e9 actuellement. \u00ab<em>Nous avons eu raison de ne pas reconfiner la France parce qu&rsquo;il n&rsquo;y a pas eu l&rsquo;explosion qui \u00e9tait pr\u00e9vue par tous les mod\u00e8les<\/em>\u00bb. \u00ab<em>Je n&rsquo;ai aucun mea culpa \u00e0 faire, aucun remords, aucun constat d&rsquo;\u00e9chec<\/em>\u00bb, a-t-il lanc\u00e9, en assurant que les mesures de freinage actuelles sont \u00ab<em>tr\u00e8s fortes<\/em>\u00bb.<\/p>\n\n\n\n<p>L&rsquo;\u00e9pid\u00e9mie touche de nouveau jusqu&rsquo;\u00e0 l&rsquo;ex\u00e9cutif\u00a0: la ministre de la Culture Roselyne Bachelot, 74 ans, hospitalis\u00e9e et victime de difficult\u00e9s respiratoires,\u00a0<a href=\"https:\/\/www.lefigaro.fr\/politique\/covid-19-roselyne-bachelot-sous-oxygenotherapie-renforcee-20210325\">a d\u00fb \u00eatre plac\u00e9e sous \u00aboxyg\u00e9noth\u00e9rapie renforc\u00e9e\u00bb<\/a>. Sa coll\u00e8gue du Travail Elisabeth Borne a elle pu sortir cette semaine.<\/p>\n\n\n\n<h2 class=\"wp-block-heading\">Extension des mesures de \u00abfreinage renforc\u00e9es\u00bb \u00e0 trois d\u00e9partements<\/h2>\n\n\n\n<p>V\u00eatu d&rsquo;un costume noir, le ministre de la Sant\u00e9 Olivier V\u00e9ran a annonc\u00e9 sombrement que 80% de d\u00e9programmations d&rsquo;op\u00e9rations seraient \u00ab<em>sans doute<\/em>\u00bb n\u00e9cessaires dans les h\u00f4pitaux franciliens afin de porter les capacit\u00e9s en r\u00e9animation \u00e0 2250. Ces services accueillent des malades graves de plus en plus jeunes. Tout en affirmant que la \u00ab<em>tendance n&rsquo;est pas bonne<\/em>\u00bb, le ministre de la Sant\u00e9 a fait valoir qu&rsquo;il \u00e9tait \u00ab<em>trop t\u00f4t<\/em>\u00bb pour \u00e9valuer l&rsquo;efficacit\u00e9 des mesures en vigueur depuis le week-end dernier. En attendant, il a seulement annonc\u00e9 l&rsquo;extension des mesures de \u00abfreinage renforc\u00e9es\u00bb \u00e0 trois d\u00e9partements: le Rh\u00f4ne, l&rsquo;Aube et la Ni\u00e8vre.<\/p>\n\n\n\n<p><\/p>\n\n\n\n<p><\/p>\n","protected":false},"excerpt":{"rendered":"<p>Le pr\u00e9sident fran\u00e7ais a pr\u00e9dit jeudi soir en marge du Conseil europ\u00e9en des semaines \u00e0 venir \u00abdifficiles\u00bb et a assur\u00e9 qu&rsquo;il n&rsquo;y avait \u00abaucun tabou\u00bb pour les prochaines restrictions. Aucun mea culpa\u00bb pour ne pas avoir reconfin\u00e9 fin janvier, mais Emmanuel Macron a \u00e9voqu\u00e9 jeudi de futures \u00abnouvelles mesures \u00e0 prendre dans les prochaines semaines\u00bb [&hellip;]<\/p>\n","protected":false},"author":2,"featured_media":18155,"comment_status":"open","ping_status":"open","sticky":false,"template":"","format":"standard","meta":{"_jetpack_memberships_contains_paid_content":false,"footnotes":"","jetpack_publicize_message":"","jetpack_publicize_feature_enabled":true,"jetpack_social_post_already_shared":true,"jetpack_social_options":{"image_generator_settings":{"template":"highway","default_image_id":0,"font":"","enabled":false},"version":2},"_wpas_customize_per_network":false},"categories":[405],"tags":[],"class_list":["post-18154","post","type-post","status-publish","format-standard","has-post-thumbnail","hentry","category-actu-france-monde"],"jetpack_publicize_connections":[],"jetpack_featured_media_url":"https:\/\/i0.wp.com\/www.iceagetv.com\/radiosite\/wp-content\/uploads\/2021\/03\/Emmanuel-Macron-%C3%A9voque-de-%C2%ABnouvelles-mesures%C2%BB-face-%C3%A0-la-troisi%C3%A8me-vague.png?fit=383%2C216&ssl=1","jetpack_sharing_enabled":true,"_links":{"self":[{"href":"https:\/\/www.iceagetv.com\/radiosite\/wp-json\/wp\/v2\/posts\/18154","targetHints":{"allow":["GET"]}}],"collection":[{"href":"https:\/\/www.iceagetv.com\/radiosite\/wp-json\/wp\/v2\/posts"}],"about":[{"href":"https:\/\/www.iceagetv.com\/radiosite\/wp-json\/wp\/v2\/types\/post"}],"author":[{"embeddable":true,"href":"https:\/\/www.iceagetv.com\/radiosite\/wp-json\/wp\/v2\/users\/2"}],"replies":[{"embeddable":true,"href":"https:\/\/www.iceagetv.com\/radiosite\/wp-json\/wp\/v2\/comments?post=18154"}],"version-history":[{"count":1,"href":"https:\/\/www.iceagetv.com\/radiosite\/wp-json\/wp\/v2\/posts\/18154\/revisions"}],"predecessor-version":[{"id":18156,"href":"https:\/\/www.iceagetv.com\/radiosite\/wp-json\/wp\/v2\/posts\/18154\/revisions\/18156"}],"wp:featuredmedia":[{"embeddable":true,"href":"https:\/\/www.iceagetv.com\/radiosite\/wp-json\/wp\/v2\/media\/18155"}],"wp:attachment":[{"href":"https:\/\/www.iceagetv.com\/radiosite\/wp-json\/wp\/v2\/media?parent=18154"}],"wp:term":[{"taxonomy":"category","embeddable":true,"href":"https:\/\/www.iceagetv.com\/radiosite\/wp-json\/wp\/v2\/categories?post=18154"},{"taxonomy":"post_tag","embeddable":true,"href":"https:\/\/www.iceagetv.com\/radiosite\/wp-json\/wp\/v2\/tags?post=18154"}],"curies":[{"name":"wp","href":"https:\/\/api.w.org\/{rel}","templated":true}]}}