{"id":18160,"date":"2021-03-26T12:55:53","date_gmt":"2021-03-26T12:55:53","guid":{"rendered":"http:\/\/www.iceagetv.com\/radiosite\/?p=18160"},"modified":"2021-03-26T12:55:53","modified_gmt":"2021-03-26T12:55:53","slug":"confinement-les-controles-vont-etre-renforces-des-aujourdhui-dans-les-gares-les-aeroports-et-aux-peages","status":"publish","type":"post","link":"https:\/\/www.iceagetv.com\/radiosite\/confinement-les-controles-vont-etre-renforces-des-aujourdhui-dans-les-gares-les-aeroports-et-aux-peages\/","title":{"rendered":"Confinement : les contr\u00f4les vont \u00eatre renforc\u00e9s d\u00e8s aujourd&rsquo;hui dans les gares, les a\u00e9roports et aux p\u00e9ages"},"content":{"rendered":"\n<p>Le contr\u00f4le du confinement se durcit. Des contr\u00f4les intensifi\u00e9s seront men\u00e9s, d\u00e8s vendredi 25 mars, dans les gares, les a\u00e9roports et aux p\u00e9ages, annonce Matignon. Le gouvernement veut faire respecter les mesures de confinement d\u00e9cr\u00e9t\u00e9s dans 19 d\u00e9partements face \u00e0 la troisi\u00e8me vague du&nbsp;<a href=\"https:\/\/www.francetvinfo.fr\/sante\/maladie\/coronavirus\/\">Covid-19<\/a>. Suivez notre direct.<\/p>\n\n\n\n<p>&nbsp;<strong>Des chiffres inqui\u00e9tants dans les \u00e9coles.<\/strong>&nbsp;Selon&nbsp;<a href=\"https:\/\/www.francetvinfo.fr\/sante\/maladie\/coronavirus\/covid-19-148-etablissements-scolaires-et-3-256-classes-fermes-des-chiffres-en-nette-hausse_4348299.html\">le dernier bilan du minist\u00e8re de l&rsquo;Education nationale<\/a>,&nbsp;148 \u00e9tablissements scolaires et 3&nbsp;256&nbsp;classes sont actuellement ferm\u00e9s \u00e0 cause de l&rsquo;\u00e9pid\u00e9mie (contre 80 et 2018 la semaine derni\u00e8re).<\/p>\n\n\n\n<p>&nbsp;<strong>L<\/strong><strong>es v\u00e9t\u00e9rinaires et dentistes autoris\u00e9s \u00e0 vacciner.<\/strong>&nbsp;La Haute Autorit\u00e9 de sant\u00e9 (HAS) a rendu un avis vendredi dans lequel&nbsp;<a href=\"https:\/\/www.francetvinfo.fr\/sante\/maladie\/coronavirus\/vaccin\/covid-19-les-veterinaires-et-les-dentistes-sont-autorises-a-vacciner-selon-un-avis-de-la-haute-autorite-de-sante_4348199.html\">elle autorise l<\/a><a href=\"https:\/\/www.francetvinfo.fr\/sante\/maladie\/coronavirus\/vaccin\/covid-19-les-veterinaires-et-les-dentistes-sont-autorises-a-vacciner-selon-un-avis-de-la-haute-autorite-de-sante_4348199.html\">es v\u00e9t\u00e9rinaires et les dentistes&nbsp;\u00e0 pouvoir&nbsp;administrer le vaccin<\/a>&nbsp;contre le Covid-19. Cet avis doit encore \u00eatre ent\u00e9rin\u00e9 formellement par le gouvernement. D&rsquo;autres cat\u00e9gories de professionnels de sant\u00e9 sont concern\u00e9es par cet \u00e9largissement, comme par exemple les pharmaciens de laboratoires d&rsquo;analyses. Selon la HAS, cela permettra \u00e0 252&nbsp;000&nbsp;professionnels suppl\u00e9mentaires de pouvoir injecter des doses de vaccins.<\/p>\n\n\n\n<p>&nbsp;<strong>Les mesures \u00e9conomiques vont co\u00fbter 32 milliards \u00e0 l&rsquo;Etat en 2021.<\/strong>&nbsp;Selon Olivier Dussopt, ministre de l&rsquo;Action et des Comptes publics, l&rsquo;Etat&nbsp;devrait d\u00e9penser 32 milliards d&rsquo;euros pour soutenir l&rsquo;\u00e9conomie en 2021, a-t-il affirm\u00e9 vendredi dans un entretien \u00e0 l&rsquo;AFP.&nbsp;L&rsquo;ann\u00e9e 2020 a vu la dette et le d\u00e9ficit public atteindre des niveaux&nbsp;jamais vu depuis l&rsquo;apr\u00e8s-guerre,<a href=\"https:\/\/www.francetvinfo.fr\/sante\/maladie\/coronavirus\/covid-19-la-dette-publique-francaise-s-est-envolee-a-115-7-du-pib-en-2020-le-deficit-public-a-9-2_4348037.html\">&nbsp;a d\u00e9voil\u00e9 l&rsquo;Insee vendredi<\/a>.<\/p>\n\n\n\n<p>&nbsp;<strong>Emmanuel Macron&nbsp;\u00e9voque de possibles \u00ab\u00a0nouvelles mesures\u00a0\u00bb<\/strong>.&nbsp;Le&nbsp;pr\u00e9sident de la R\u00e9publique a \u00e9voqu\u00e9 jeudi d&rsquo;\u00e9ventuelles&nbsp;<em>\u00ab\u00a0nouvelles mesures \u00e0 prendre dans les prochaines semaines\u00a0\u00bb<\/em>&nbsp;et<em>&nbsp;\u00ab\u00a0sans tabou\u00a0\u00bb<\/em>, face \u00e0 la&nbsp;forte hausse des cas de&nbsp;<a href=\"https:\/\/www.francetvinfo.fr\/sante\/maladie\/coronavirus\/\">Covid-19<\/a>&nbsp;et la tension hospitali\u00e8re qu&rsquo;ils engendrent.&nbsp;<em>\u00ab\u00a0Ces semaines qui viennent seront difficiles, nous prendrons toutes les mesures utiles en temps et en heure et il n&rsquo;y a \u00e0 mes yeux aucun tabou\u00a0\u00bb<\/em>, a-t-il averti, \u00e0 l&rsquo;issue d&rsquo;un conseil europ\u00e9en en visioconf\u00e9rence.&nbsp;<\/p>\n","protected":false},"excerpt":{"rendered":"<p>Le contr\u00f4le du confinement se durcit. Des contr\u00f4les intensifi\u00e9s seront men\u00e9s, d\u00e8s vendredi 25 mars, dans les gares, les a\u00e9roports et aux p\u00e9ages, annonce Matignon. Le gouvernement veut faire respecter les mesures de confinement d\u00e9cr\u00e9t\u00e9s dans 19 d\u00e9partements face \u00e0 la troisi\u00e8me vague du&nbsp;Covid-19. Suivez notre direct. &nbsp;Des chiffres inqui\u00e9tants dans les \u00e9coles.&nbsp;Selon&nbsp;le dernier bilan [&hellip;]<\/p>\n","protected":false},"author":2,"featured_media":18161,"comment_status":"open","ping_status":"open","sticky":false,"template":"","format":"standard","meta":{"_jetpack_memberships_contains_paid_content":false,"footnotes":"","jetpack_publicize_message":"","jetpack_publicize_feature_enabled":true,"jetpack_social_post_already_shared":true,"jetpack_social_options":{"image_generator_settings":{"template":"highway","default_image_id":0,"font":"","enabled":false},"version":2},"_wpas_customize_per_network":false},"categories":[405],"tags":[],"class_list":["post-18160","post","type-post","status-publish","format-standard","has-post-thumbnail","hentry","category-actu-france-monde"],"jetpack_publicize_connections":[],"jetpack_featured_media_url":"https:\/\/i0.wp.com\/www.iceagetv.com\/radiosite\/wp-content\/uploads\/2021\/03\/les-contr%C3%B4les-vont-%C3%AAtre-renforc%C3%A9s-d%C3%A8s-aujourdhui-dans-les-gares.jpg?fit=770%2C433&ssl=1","jetpack_sharing_enabled":true,"_links":{"self":[{"href":"https:\/\/www.iceagetv.com\/radiosite\/wp-json\/wp\/v2\/posts\/18160","targetHints":{"allow":["GET"]}}],"collection":[{"href":"https:\/\/www.iceagetv.com\/radiosite\/wp-json\/wp\/v2\/posts"}],"about":[{"href":"https:\/\/www.iceagetv.com\/radiosite\/wp-json\/wp\/v2\/types\/post"}],"author":[{"embeddable":true,"href":"https:\/\/www.iceagetv.com\/radiosite\/wp-json\/wp\/v2\/users\/2"}],"replies":[{"embeddable":true,"href":"https:\/\/www.iceagetv.com\/radiosite\/wp-json\/wp\/v2\/comments?post=18160"}],"version-history":[{"count":1,"href":"https:\/\/www.iceagetv.com\/radiosite\/wp-json\/wp\/v2\/posts\/18160\/revisions"}],"predecessor-version":[{"id":18162,"href":"https:\/\/www.iceagetv.com\/radiosite\/wp-json\/wp\/v2\/posts\/18160\/revisions\/18162"}],"wp:featuredmedia":[{"embeddable":true,"href":"https:\/\/www.iceagetv.com\/radiosite\/wp-json\/wp\/v2\/media\/18161"}],"wp:attachment":[{"href":"https:\/\/www.iceagetv.com\/radiosite\/wp-json\/wp\/v2\/media?parent=18160"}],"wp:term":[{"taxonomy":"category","embeddable":true,"href":"https:\/\/www.iceagetv.com\/radiosite\/wp-json\/wp\/v2\/categories?post=18160"},{"taxonomy":"post_tag","embeddable":true,"href":"https:\/\/www.iceagetv.com\/radiosite\/wp-json\/wp\/v2\/tags?post=18160"}],"curies":[{"name":"wp","href":"https:\/\/api.w.org\/{rel}","templated":true}]}}