{"id":18163,"date":"2021-03-26T15:43:18","date_gmt":"2021-03-26T15:43:18","guid":{"rendered":"http:\/\/www.iceagetv.com\/radiosite\/?p=18163"},"modified":"2021-03-26T15:43:18","modified_gmt":"2021-03-26T15:43:18","slug":"michel-sardou-annonce-etre-negatif-au-covid19-mais-se-dit-tres-inquiet-pour-letat-de-sante-de-roselyne-bachelot-la-ministre-de-la-culture","status":"publish","type":"post","link":"https:\/\/www.iceagetv.com\/radiosite\/michel-sardou-annonce-etre-negatif-au-covid19-mais-se-dit-tres-inquiet-pour-letat-de-sante-de-roselyne-bachelot-la-ministre-de-la-culture\/","title":{"rendered":"Michel Sardou annonce \u00eatre n\u00e9gatif au Covid19 mais se dit \u00ab\u00a0tr\u00e8s inquiet\u00a0\u00bb pour l&rsquo;\u00e9tat de sant\u00e9 de Roselyne Bachelot, la ministre de la Culture"},"content":{"rendered":"\n<p>Une semaine apr\u00e8s avoir \u00e9t\u00e9 d\u00e9cor\u00e9 au minist\u00e8re de la Culture par Roselyne Bachelot, Michel Sardou annonce avoir \u00e9t\u00e9 test\u00e9 n\u00e9gatif au coronavirus, alors que la ministre est actuellement hospitalis\u00e9e. \u00ab\u00a0Au bout d\u2019une semaine, j\u2019\u00e9tais toujours en forme, je n\u2019avais aucun sympt\u00f4me, c\u2019\u00e9tait bon signe\u00a0\u00bb, explique le chanteur au&nbsp;<a href=\"https:\/\/www.leparisien.fr\/culture-loisirs\/michel-sardou-negatif-au-covid-mais-tres-inquiet-pour-roselyne-bachelot-26-03-2021-NK5IGSEYEBCU3MLU5NK4BRMV3A.php\" target=\"_blank\" rel=\"noreferrer noopener\">Parisien<\/a>&nbsp;en indiquant que son \u00e9pouse et l&rsquo;amie qui assistait \u00e0 la c\u00e9r\u00e9monie sont \u00e9galement n\u00e9gatives.<\/p>\n\n\n\n<p>\u00ab\u00a0Je suis pass\u00e9 \u00e0 travers, tant mieux, mais je suis tr\u00e8s inquiet pour Roselyne, cela m\u2019emmerde. J\u2019ai pris de ses nouvelles aupr\u00e8s de sa secr\u00e9taire qui m\u2019a confirm\u00e9 ce que disent les journaux, qu\u2019elle est hospitalis\u00e9e sous oxyg\u00e9noth\u00e9rapie renforc\u00e9e mais pas en r\u00e9animation. J\u2019esp\u00e8re de tout c\u0153ur que \u00e7a va aller\u00a0\u00bb, a-t-il continu\u00e9. La ministre de la Culture Roselyne Bachelot, malade du Covid-19, est sous un traitement d&rsquo;\u00aboxyg\u00e9noth\u00e9rapie renforc\u00e9e\u00bb, a-t-elle annonc\u00e9 hier sur son compte Twitter. \u00c2g\u00e9e de 74 ans, elle avait annonc\u00e9 samedi avoir \u00e9t\u00e9 test\u00e9e positive \u00ab\u00e0 la suite de sympt\u00f4mes respiratoires\u00bb, avant que son entourage annonce mercredi son hospitalisation. Dans un tweet jeudi, elle dit \u00eatre \u00abprise en charge par des soignants exceptionnels et b\u00e9n\u00e9ficie(r) d\u00e9sormais d\u2019une oxyg\u00e9noth\u00e9rapie renforc\u00e9e\u00bb. <\/p>\n","protected":false},"excerpt":{"rendered":"<p>Une semaine apr\u00e8s avoir \u00e9t\u00e9 d\u00e9cor\u00e9 au minist\u00e8re de la Culture par Roselyne Bachelot, Michel Sardou annonce avoir \u00e9t\u00e9 test\u00e9 n\u00e9gatif au coronavirus, alors que la ministre est actuellement hospitalis\u00e9e. \u00ab\u00a0Au bout d\u2019une semaine, j\u2019\u00e9tais toujours en forme, je n\u2019avais aucun sympt\u00f4me, c\u2019\u00e9tait bon signe\u00a0\u00bb, explique le chanteur au&nbsp;Parisien&nbsp;en indiquant que son \u00e9pouse et l&rsquo;amie [&hellip;]<\/p>\n","protected":false},"author":2,"featured_media":18164,"comment_status":"open","ping_status":"open","sticky":false,"template":"","format":"standard","meta":{"_jetpack_memberships_contains_paid_content":false,"footnotes":"","jetpack_publicize_message":"","jetpack_publicize_feature_enabled":true,"jetpack_social_post_already_shared":true,"jetpack_social_options":{"image_generator_settings":{"template":"highway","default_image_id":0,"font":"","enabled":false},"version":2},"_wpas_customize_per_network":false},"categories":[68],"tags":[],"class_list":["post-18163","post","type-post","status-publish","format-standard","has-post-thumbnail","hentry","category-actu-culturelle"],"jetpack_publicize_connections":[],"jetpack_featured_media_url":"https:\/\/i0.wp.com\/www.iceagetv.com\/radiosite\/wp-content\/uploads\/2021\/03\/Michel-Sardou-annonce-%C3%AAtre-n%C3%A9gatif-au-Covid19.jpg?fit=679%2C293&ssl=1","jetpack_sharing_enabled":true,"_links":{"self":[{"href":"https:\/\/www.iceagetv.com\/radiosite\/wp-json\/wp\/v2\/posts\/18163","targetHints":{"allow":["GET"]}}],"collection":[{"href":"https:\/\/www.iceagetv.com\/radiosite\/wp-json\/wp\/v2\/posts"}],"about":[{"href":"https:\/\/www.iceagetv.com\/radiosite\/wp-json\/wp\/v2\/types\/post"}],"author":[{"embeddable":true,"href":"https:\/\/www.iceagetv.com\/radiosite\/wp-json\/wp\/v2\/users\/2"}],"replies":[{"embeddable":true,"href":"https:\/\/www.iceagetv.com\/radiosite\/wp-json\/wp\/v2\/comments?post=18163"}],"version-history":[{"count":1,"href":"https:\/\/www.iceagetv.com\/radiosite\/wp-json\/wp\/v2\/posts\/18163\/revisions"}],"predecessor-version":[{"id":18165,"href":"https:\/\/www.iceagetv.com\/radiosite\/wp-json\/wp\/v2\/posts\/18163\/revisions\/18165"}],"wp:featuredmedia":[{"embeddable":true,"href":"https:\/\/www.iceagetv.com\/radiosite\/wp-json\/wp\/v2\/media\/18164"}],"wp:attachment":[{"href":"https:\/\/www.iceagetv.com\/radiosite\/wp-json\/wp\/v2\/media?parent=18163"}],"wp:term":[{"taxonomy":"category","embeddable":true,"href":"https:\/\/www.iceagetv.com\/radiosite\/wp-json\/wp\/v2\/categories?post=18163"},{"taxonomy":"post_tag","embeddable":true,"href":"https:\/\/www.iceagetv.com\/radiosite\/wp-json\/wp\/v2\/tags?post=18163"}],"curies":[{"name":"wp","href":"https:\/\/api.w.org\/{rel}","templated":true}]}}