{"id":18182,"date":"2021-03-31T18:31:39","date_gmt":"2021-03-31T18:31:39","guid":{"rendered":"http:\/\/www.iceagetv.com\/radiosite\/?p=18182"},"modified":"2021-03-31T18:31:39","modified_gmt":"2021-03-31T18:31:39","slug":"coronavirus-emmanuel-macron-les-regles-en-vigueur-dans-19-departements-seront-appliquees-a-toute-la-france-des-samedi-les-creches-ecoles-lycees-et-colleges-vont-etre-fermes-pour-3-semaines","status":"publish","type":"post","link":"https:\/\/www.iceagetv.com\/radiosite\/coronavirus-emmanuel-macron-les-regles-en-vigueur-dans-19-departements-seront-appliquees-a-toute-la-france-des-samedi-les-creches-ecoles-lycees-et-colleges-vont-etre-fermes-pour-3-semaines\/","title":{"rendered":"Coronavirus &#8211; Emmanuel Macron : \u00ab\u00a0Les r\u00e8gles en vigueur dans 19 d\u00e9partements seront appliqu\u00e9es \u00e0 toute la France d\u00e8s samedi &#8211; Les cr\u00e8ches, \u00e9coles, lyc\u00e9es et coll\u00e8ges vont \u00eatre ferm\u00e9s pour 3 semaines\u00a0\u00bb"},"content":{"rendered":"\n<p><strong>Emmanuel Macron prend la parole : \u00ab\u00a0Je m&rsquo;adresse avec vous avec humilit\u00e9 et d\u00e9termination pour appeler \u00e0 la mobilisation de chacun pour ce mois d&rsquo;avril. Nous avons tous consenti \u00e0 des efforts importants et nous avons gagn\u00e9 des jours pr\u00e9cieux de libert\u00e9.&nbsp;<\/strong>Apr\u00e8s un confinement dur lors de la premi\u00e8re vague au printemps 2020, puis ce qu&rsquo;on a appel\u00e9 un confinement adapt\u00e9 lors de la seconde vague \u00e0 l&rsquo;automne dernier, nous avons opt\u00e9 depuis le d\u00e9but de cette ann\u00e9e 2021 pour une r\u00e9ponse qui visait \u00e0 freiner l&rsquo;\u00e9pid\u00e9mie sans nous confiner.<\/p>\n\n\n\n<p>Trois principes n&rsquo;ont cess\u00e9 de nous guider, explique-t-il. D&rsquo;abord, la s\u00e9curit\u00e9. Vous prot\u00e9ger. Ne jamais transiger sur la sant\u00e9 des Fran\u00e7ais.\u00a0\u00bbPuis, l&rsquo;\u00e9quilibre, c&rsquo;est-\u00e0-dire prendre en compte les cons\u00e9quences aussi des restrictions sur nos enfants et leur \u00e9ducation, sur l&rsquo;\u00e9conomie, la soci\u00e9t\u00e9, la sant\u00e9 mentale, notamment des plus jeunes.<\/p>\n\n\n\n<p>Veiller \u00e0 ne pas p\u00e9naliser les territoires o\u00f9 le virus circule moins ou peu\u00a0\u00bb. Enfin, la responsabilit\u00e9, c&rsquo;est-\u00e0-dire faire confiance, pr\u00e9f\u00e9rer aux contraintes pour tous le civisme de chacun pour avoir les bons comportements face au virus.<\/p>\n\n\n\n<p><strong>Il y a d\u00e9sormais une \u00e9pid\u00e9mie dans l&rsquo;\u00e9pid\u00e9mie plus \u00e9tendue et plus dangereuse<\/strong>&nbsp;avec un virus plus dangereux et plus meurtrier. Oui, notre strat\u00e9gie dans 16 d\u00e9partements depuis 15 jours \u00e0 des effets, mais ne suffit pas.&nbsp;es services de r\u00e9animation ont \u00e0 prendre en charge des personnes en bonne sant\u00e9 qui ont aujourd&rsquo;hui 60 ans et m\u00eame 50 ans, quelques-uns parfois sont plus jeunes. Retenez un chiffre : 44% des patients en r\u00e9animation ont aujourd&rsquo;hui moins de 65 ans. La capacit\u00e9 en r\u00e9animation va \u00eatre port\u00e9e \u00e0 10.000 lits en France.<\/p>\n\n\n\n<p><strong>Les r\u00e8gles en vigueur dans 19 d\u00e9partements seront appliqu\u00e9es \u00e0 toute la France d\u00e8s samedi. Il sera possible ce week-end de se d\u00e9placer en France pour ceux qui veulent se mettre au vert.&nbsp;<\/strong>Les Fran\u00e7aises et les Fran\u00e7ais de l&rsquo;\u00e9tranger qui veulent rentrer en France pourront aussi le faire \u00e0 tout moment et nous ferons tout pour faciliter le quotidien de nos concitoyens travailleurs transfrontaliers.<\/p>\n\n\n\n<p>Concernant les \u00e9coles nous pouvons nous f\u00e9liciter de les avoir laiss\u00e9 ouvertes. Oui, le virus y circule mais pas plus qu&rsquo;ailleurs. L&rsquo;\u00e9ducation n&rsquo;est pas n\u00e9gociable.&nbsp;<\/p>\n\n\n\n<p>Certains militaient, je le sais, pour le retour g\u00e9n\u00e9ralis\u00e9 de l&rsquo;attestation, comme en mars 2020. Nous n&rsquo;avons pas retenu cette option parce que l&rsquo;irresponsabilit\u00e9 de quelques-uns ne doit pas ruiner les efforts de tous. Les contr\u00f4les, les sanctions seront renforc\u00e9s sur la voie publique pour limiter les rassemblements parce que c&rsquo;est l\u00e0 que le danger existe.&nbsp;<strong>L&rsquo;attestation sera obligatoire en journ\u00e9e uniquement pour les d\u00e9placements au-del\u00e0 de 10 kilom\u00e8tres.<\/strong><\/p>\n\n\n\n<p><strong>Les cr\u00e8ches, \u00e9coles, lyc\u00e9es et coll\u00e8ges vont \u00eatre ferm\u00e9s pour 3 semaines<\/strong>.&nbsp;Le calendrier sera adapt\u00e9.&nbsp;Cela signifie que la semaine prochaine, les cours pour les \u00e9coles, coll\u00e8ges et lyc\u00e9es se feront \u00e0 la maison, sauf pour les enfants des soignants et de quelques autres professions qui seront accueillis, de m\u00eame que les enfants en situation de handicap.&nbsp;Les deux semaines suivantes, soit \u00e0 partir du 12 avril, la France enti\u00e8re, quelle que soit la zone de vacances, sera plac\u00e9e en vacances de printemps. La rentr\u00e9e aura donc lieu pour tous le 26 avril.<\/p>\n\n\n\n<p><\/p>\n","protected":false},"excerpt":{"rendered":"<p>Emmanuel Macron prend la parole : \u00ab\u00a0Je m&rsquo;adresse avec vous avec humilit\u00e9 et d\u00e9termination pour appeler \u00e0 la mobilisation de chacun pour ce mois d&rsquo;avril. Nous avons tous consenti \u00e0 des efforts importants et nous avons gagn\u00e9 des jours pr\u00e9cieux de libert\u00e9.&nbsp;Apr\u00e8s un confinement dur lors de la premi\u00e8re vague au printemps 2020, puis ce [&hellip;]<\/p>\n","protected":false},"author":2,"featured_media":18183,"comment_status":"open","ping_status":"open","sticky":false,"template":"","format":"standard","meta":{"_jetpack_memberships_contains_paid_content":false,"footnotes":"","jetpack_publicize_message":"","jetpack_publicize_feature_enabled":true,"jetpack_social_post_already_shared":true,"jetpack_social_options":{"image_generator_settings":{"template":"highway","default_image_id":0,"font":"","enabled":false},"version":2},"_wpas_customize_per_network":false},"categories":[405],"tags":[],"class_list":["post-18182","post","type-post","status-publish","format-standard","has-post-thumbnail","hentry","category-actu-france-monde"],"jetpack_publicize_connections":[],"jetpack_featured_media_url":"https:\/\/i0.wp.com\/www.iceagetv.com\/radiosite\/wp-content\/uploads\/2021\/03\/Les-r%C3%A8gles-en-vigueur-dans-19-d%C3%A9partements-seront-appliqu%C3%A9es-%C3%A0-toute-la-France-d%C3%A8s-samedi.png?fit=578%2C261&ssl=1","jetpack_sharing_enabled":true,"_links":{"self":[{"href":"https:\/\/www.iceagetv.com\/radiosite\/wp-json\/wp\/v2\/posts\/18182","targetHints":{"allow":["GET"]}}],"collection":[{"href":"https:\/\/www.iceagetv.com\/radiosite\/wp-json\/wp\/v2\/posts"}],"about":[{"href":"https:\/\/www.iceagetv.com\/radiosite\/wp-json\/wp\/v2\/types\/post"}],"author":[{"embeddable":true,"href":"https:\/\/www.iceagetv.com\/radiosite\/wp-json\/wp\/v2\/users\/2"}],"replies":[{"embeddable":true,"href":"https:\/\/www.iceagetv.com\/radiosite\/wp-json\/wp\/v2\/comments?post=18182"}],"version-history":[{"count":1,"href":"https:\/\/www.iceagetv.com\/radiosite\/wp-json\/wp\/v2\/posts\/18182\/revisions"}],"predecessor-version":[{"id":18184,"href":"https:\/\/www.iceagetv.com\/radiosite\/wp-json\/wp\/v2\/posts\/18182\/revisions\/18184"}],"wp:featuredmedia":[{"embeddable":true,"href":"https:\/\/www.iceagetv.com\/radiosite\/wp-json\/wp\/v2\/media\/18183"}],"wp:attachment":[{"href":"https:\/\/www.iceagetv.com\/radiosite\/wp-json\/wp\/v2\/media?parent=18182"}],"wp:term":[{"taxonomy":"category","embeddable":true,"href":"https:\/\/www.iceagetv.com\/radiosite\/wp-json\/wp\/v2\/categories?post=18182"},{"taxonomy":"post_tag","embeddable":true,"href":"https:\/\/www.iceagetv.com\/radiosite\/wp-json\/wp\/v2\/tags?post=18182"}],"curies":[{"name":"wp","href":"https:\/\/api.w.org\/{rel}","templated":true}]}}