{"id":18191,"date":"2021-04-01T08:56:51","date_gmt":"2021-04-01T08:56:51","guid":{"rendered":"http:\/\/www.iceagetv.com\/radiosite\/?p=18191"},"modified":"2021-04-01T08:56:51","modified_gmt":"2021-04-01T08:56:51","slug":"covid-19-la-nouvelle-caledonie-se-deconfine","status":"publish","type":"post","link":"https:\/\/www.iceagetv.com\/radiosite\/covid-19-la-nouvelle-caledonie-se-deconfine\/","title":{"rendered":"COVID-19: LA NOUVELLE-CAL\u00c9DONIE SE D\u00c9CONFINE"},"content":{"rendered":"\n<p>\n\nSeuls les rassemblements de plus de 50 personnes restent interdits et les discoth\u00e8ques ferm\u00e9es. Les bars et restaurants vont rouvrir.<\/p>\n\n\n\n<p>Les autorit\u00e9s de Nouvelle-Cal\u00e9donie ont annonc\u00e9 jeudi&nbsp;<a href=\"https:\/\/www.bfmtv.com\/sante\/covid-19-en-nouvelle-caledonie-les-autorites-evoquent-des-chiffres-rassurants_AD-202103150150.html\">la fin des mesures de confinement en place depuis le 9 mars<\/a>, compte tenu du risque \u00ab\u00a0d\u00e9sormais tr\u00e8s faible\u00a0\u00bb de circulation du virus du Covid-19.<\/p>\n\n\n\n<blockquote class=\"wp-block-quote is-layout-flow wp-block-quote-is-layout-flow\"><p>\u00ab\u00a0Au moment o\u00f9 je vous parle, le risque que le virus circule au sein de la population cal\u00e9donienne est d\u00e9sormais tr\u00e8s faible\u00a0\u00bb, a d\u00e9clar\u00e9 Thierry Santa, pr\u00e9sident du gouvernement lors d&rsquo;une conf\u00e9rence de presse.<\/p><\/blockquote>\n\n\n\n<p>\u00ab\u00a0Nous avons d\u00e9cid\u00e9 de la reprise la plus large possible des activit\u00e9s (&#8230;). D\u00e8s demain, vous pourrez librement profiter de la vie en ext\u00e9rieur, toutes les activit\u00e9s pourront reprendre, \u00e0 la seule condition de respecter les gestes barri\u00e8res et les recommandations\u00a0\u00bb des autorit\u00e9s sanitaires, a-t-il \u00e9galement annonc\u00e9.<\/p>\n\n\n\n<p>\n\nSeuls les rassemblements de plus de 50 personnes restent interdits et les discoth\u00e8ques ferm\u00e9es. Les bars et restaurants vont rouvrir.<\/p>\n\n\n\n<p>Les autorit\u00e9s de Nouvelle-Cal\u00e9donie ont annonc\u00e9 jeudi&nbsp;<a href=\"https:\/\/www.bfmtv.com\/sante\/covid-19-en-nouvelle-caledonie-les-autorites-evoquent-des-chiffres-rassurants_AD-202103150150.html\">la fin des mesures de confinement en place depuis le 9 mars<\/a>, compte tenu du risque \u00ab\u00a0d\u00e9sormais tr\u00e8s faible\u00a0\u00bb de circulation du virus du Covid-19.<\/p>\n\n\n\n<blockquote class=\"wp-block-quote is-layout-flow wp-block-quote-is-layout-flow\"><p>\u00ab\u00a0Au moment o\u00f9 je vous parle, le risque que le virus circule au sein de la population cal\u00e9donienne est d\u00e9sormais tr\u00e8s faible\u00a0\u00bb, a d\u00e9clar\u00e9 Thierry Santa, pr\u00e9sident du gouvernement lors d&rsquo;une conf\u00e9rence de presse.<\/p><\/blockquote>\n\n\n\n<p>\u00ab\u00a0Nous avons d\u00e9cid\u00e9 de la reprise la plus large possible des activit\u00e9s (&#8230;). D\u00e8s demain, vous pourrez librement profiter de la vie en ext\u00e9rieur, toutes les activit\u00e9s pourront reprendre, \u00e0 la seule condition de respecter les gestes barri\u00e8res et les recommandations\u00a0\u00bb des autorit\u00e9s sanitaires, a-t-il \u00e9galement annonc\u00e9.<\/p>\n\n\n\n<h2 class=\"wp-block-heading\">Un confinement prolong\u00e9 \u00e0 deux reprises<\/h2>\n\n\n\n<p>Un confinement strict avec fermeture des \u00e9coles avait \u00e9t\u00e9 d\u00e9cr\u00e9t\u00e9 le 9 mars pour deux semaines puis prolong\u00e9 \u00e0 deux reprises apr\u00e8s la d\u00e9tection de cas hors quatorzaine pour la premi\u00e8re fois depuis un an.<\/p>\n\n\n\n<p>Le virus a \u00e9t\u00e9 introduit via la bulle sanitaire en place avec l&rsquo;archipel voisin de Wallis et Futuna. En tout depuis le 7 mars, 14 cas import\u00e9s de Wallis et Futuna, 11 cas secondaires et un cas autochtone le 25 mars ont \u00e9t\u00e9 d\u00e9cel\u00e9s.<\/p>\n\n\n\n<h2 class=\"wp-block-heading\">Les bars et restaurants rouvrent<\/h2>\n\n\n\n<p>Seuls les rassemblements de plus de 50 personnes restent interdits et les discoth\u00e8ques ferm\u00e9es jusqu&rsquo;au dimanche 11 avril. De m\u00eame, le port du masque continue d&rsquo;\u00eatre obligatoire dans les locaux de travail, les lieux recevant du public et lors de d\u00e9placements \u00e0 plusieurs.<\/p>\n\n\n\n<p>Quant aux bars et restaurants, ils peuvent rouvrir mais doivent fermer \u00e0 minuit, se cantonner \u00e0 un service \u00e0 table et mettre en place des cahiers de rappel, permettant de tracer et d&rsquo;identifier leurs clients.<\/p>\n\n\n\n<h2 class=\"wp-block-heading\">Un territoire \u00ab\u00a0Covid-free\u00a0\u00bb?<\/h2>\n\n\n\n<p>Les scolaires et les \u00e9tudiants sont en vacances de P\u00e2ques jusqu&rsquo;au 12 avril. Le transport int\u00e9rieur, terrestre et a\u00e9rien, va reprendre mais \u00e0 l&rsquo;international, le trafic a\u00e9rien est drastiquement r\u00e9duit jusqu&rsquo;au 31 octobre et tout arrivant demeure soumis \u00e0 un isolement de 14 jours dans des h\u00f4tels r\u00e9quisitionn\u00e9s.<\/p>\n\n\n\n<blockquote class=\"wp-block-quote is-layout-flow wp-block-quote-is-layout-flow\"><p>\u00ab\u00a0Nous avons de nouveau l&rsquo;opportunit\u00e9 d&rsquo;\u00eatre un exemple de territoire capable de ma\u00eetriser la circulation du virus et redevenir Covid-free\u00a0\u00bb, a de son c\u00f4t\u00e9 d\u00e9clar\u00e9 le haut-commissaire de R\u00e9publique, Laurent Pr\u00e9vost, rendant hommage au \u00ab\u00a0civisme de la population\u00a0\u00bb.<\/p><\/blockquote>\n\n\n\n<p><\/p>\n","protected":false},"excerpt":{"rendered":"<p>Seuls les rassemblements de plus de 50 personnes restent interdits et les discoth\u00e8ques ferm\u00e9es. Les bars et restaurants vont rouvrir. Les autorit\u00e9s de Nouvelle-Cal\u00e9donie ont annonc\u00e9 jeudi&nbsp;la fin des mesures de confinement en place depuis le 9 mars, compte tenu du risque \u00ab\u00a0d\u00e9sormais tr\u00e8s faible\u00a0\u00bb de circulation du virus du Covid-19. \u00ab\u00a0Au moment o\u00f9 je [&hellip;]<\/p>\n","protected":false},"author":2,"featured_media":18192,"comment_status":"open","ping_status":"open","sticky":false,"template":"","format":"standard","meta":{"_jetpack_memberships_contains_paid_content":false,"footnotes":"","jetpack_publicize_message":"","jetpack_publicize_feature_enabled":true,"jetpack_social_post_already_shared":true,"jetpack_social_options":{"image_generator_settings":{"template":"highway","default_image_id":0,"font":"","enabled":false},"version":2},"_wpas_customize_per_network":false},"categories":[405],"tags":[],"class_list":["post-18191","post","type-post","status-publish","format-standard","has-post-thumbnail","hentry","category-actu-france-monde"],"jetpack_publicize_connections":[],"jetpack_featured_media_url":"https:\/\/i0.wp.com\/www.iceagetv.com\/radiosite\/wp-content\/uploads\/2021\/04\/LA-NOUVELLE-CAL%C3%89DONIE-SE-D%C3%89CONFINE.jpg?fit=800%2C450&ssl=1","jetpack_sharing_enabled":true,"_links":{"self":[{"href":"https:\/\/www.iceagetv.com\/radiosite\/wp-json\/wp\/v2\/posts\/18191","targetHints":{"allow":["GET"]}}],"collection":[{"href":"https:\/\/www.iceagetv.com\/radiosite\/wp-json\/wp\/v2\/posts"}],"about":[{"href":"https:\/\/www.iceagetv.com\/radiosite\/wp-json\/wp\/v2\/types\/post"}],"author":[{"embeddable":true,"href":"https:\/\/www.iceagetv.com\/radiosite\/wp-json\/wp\/v2\/users\/2"}],"replies":[{"embeddable":true,"href":"https:\/\/www.iceagetv.com\/radiosite\/wp-json\/wp\/v2\/comments?post=18191"}],"version-history":[{"count":1,"href":"https:\/\/www.iceagetv.com\/radiosite\/wp-json\/wp\/v2\/posts\/18191\/revisions"}],"predecessor-version":[{"id":18193,"href":"https:\/\/www.iceagetv.com\/radiosite\/wp-json\/wp\/v2\/posts\/18191\/revisions\/18193"}],"wp:featuredmedia":[{"embeddable":true,"href":"https:\/\/www.iceagetv.com\/radiosite\/wp-json\/wp\/v2\/media\/18192"}],"wp:attachment":[{"href":"https:\/\/www.iceagetv.com\/radiosite\/wp-json\/wp\/v2\/media?parent=18191"}],"wp:term":[{"taxonomy":"category","embeddable":true,"href":"https:\/\/www.iceagetv.com\/radiosite\/wp-json\/wp\/v2\/categories?post=18191"},{"taxonomy":"post_tag","embeddable":true,"href":"https:\/\/www.iceagetv.com\/radiosite\/wp-json\/wp\/v2\/tags?post=18191"}],"curies":[{"name":"wp","href":"https:\/\/api.w.org\/{rel}","templated":true}]}}