{"id":18194,"date":"2021-04-01T10:56:23","date_gmt":"2021-04-01T10:56:23","guid":{"rendered":"http:\/\/www.iceagetv.com\/radiosite\/?p=18194"},"modified":"2021-04-01T10:56:23","modified_gmt":"2021-04-01T10:56:23","slug":"jean-jacques-peroni-vire-de-rtl-apres-son-interview-hier-ou-il-critiquait-laurent-ruquier-et-les-grosses-tetes-cest-la-kommandantur-bien-pensante","status":"publish","type":"post","link":"https:\/\/www.iceagetv.com\/radiosite\/jean-jacques-peroni-vire-de-rtl-apres-son-interview-hier-ou-il-critiquait-laurent-ruquier-et-les-grosses-tetes-cest-la-kommandantur-bien-pensante\/","title":{"rendered":"Jean-Jacques Peroni vir\u00e9 de RTL apr\u00e8s son interview hier o\u00f9 il critiquait Laurent Ruquier et \u00ab\u00a0Les Grosses T\u00eates\u00a0\u00bb: \u00ab\u00a0C&rsquo;est la kommandantur bien pensante\u00a0\u00bb"},"content":{"rendered":"\n<p>Jean-Jacques Peroni, humoriste membre des \u00ab\u00a0Grosses T\u00eates\u00a0\u00bb, est vir\u00e9 de RTL apr\u00e8s ses propos tenus hier sur le plateau de \u00ab\u00a0Non Stop People\u00a0\u00bb o\u00f9 il critiquait Laurent Ruquier et l&rsquo;\u00e9mission. La direction de RTL l&rsquo;a appel\u00e9 ce matin pour lui indiquer qu&rsquo;il \u00e9tait imm\u00e9diatement d\u00e9barqu\u00e9 de la station.<\/p>\n\n\n\n<p>Invit\u00e9 de \u00ab\u00a0L\u2019instant de luxe\u00a0\u00bb sur Non Stop People, Jean-Jacques Peroni n&rsquo;avait pas m\u00e2ch\u00e9 ses mots sur le programme pr\u00e9sent\u00e9 par Laurent Ruquier. \u00ab\u00a0Je n\u2019ai pas peur de quitter les Grosses T\u00eates. Je suis bien parti du &lsquo;Th\u00e9\u00e2tre de Bouvard&rsquo; au bout de trois ans. Quand je m\u2019emmerde, je me tire\u00a0\u00bb, a-t-il d\u00e9but\u00e9 en indiquant \u00ab\u00a0s\u2019emmerder un peu\u00a0\u00bb dans \u00ab\u00a0Les Grosses T\u00eates\u00a0\u00bb.<br>\u00ab\u00a0Ce n\u2019est pas une question d\u2019\u00e9poque. Je n\u2019ai plus personne avec qui boire un verre apr\u00e8s l\u2019\u00e9mission. Ce sont les gens qui ne m\u2019int\u00e9ressent pas. Comme on est sous la botte \u00e0 la kommandantur bien pensante, je m\u2019emmerde. J\u2019en ai marre de cette \u00e9poque. Ce sont les gens, l&rsquo;\u00e9poque, leur fa\u00e7on de penser&#8230; Je dis qu&rsquo;on ne peut pas faire rire avec des bonnes pens\u00e9es\u00a0\u00bb, a-t-il continu\u00e9.<\/p>\n\n\n\n<p>Et d&rsquo;ajouter : \u00ab\u00a0Je n&rsquo;en parle pas avec mes coll\u00e8gues des Grosses T\u00eates. J&rsquo;arrive, je mets les pieds sous la table, je fais le con et je me tire tout de suite apr\u00e8s. On est censur\u00e9 par la bien-pensance. Je raconte une blague. Et Laurent Ruquier me dit &lsquo;celle-l\u00e0, on va la couper&rsquo;. Comme je dis, on n&rsquo;est pas \u00e0 France Inter ! J&rsquo;en ai marre de la censure ! Les autres de l&rsquo;\u00e9mission disent &lsquo;ah oui, il faut le couper'\u00a0\u00bb.<\/p>\n\n\n\n<p>\u00ab\u00a0Vous r\u00e9agissez comment \u00e0 \u00e7a ?\u00a0\u00bb, a demand\u00e9 Jordan de Luxe avant que son invit\u00e9 fasse un doigt d&rsquo;honneur. \u00ab\u00a0C&rsquo;est tout\u00a0\u00bb, a ajout\u00e9 l&rsquo;humoriste.&nbsp;<\/p>\n\n\n\n<p><\/p>\n","protected":false},"excerpt":{"rendered":"<p>Jean-Jacques Peroni, humoriste membre des \u00ab\u00a0Grosses T\u00eates\u00a0\u00bb, est vir\u00e9 de RTL apr\u00e8s ses propos tenus hier sur le plateau de \u00ab\u00a0Non Stop People\u00a0\u00bb o\u00f9 il critiquait Laurent Ruquier et l&rsquo;\u00e9mission. La direction de RTL l&rsquo;a appel\u00e9 ce matin pour lui indiquer qu&rsquo;il \u00e9tait imm\u00e9diatement d\u00e9barqu\u00e9 de la station. Invit\u00e9 de \u00ab\u00a0L\u2019instant de luxe\u00a0\u00bb sur Non [&hellip;]<\/p>\n","protected":false},"author":2,"featured_media":18195,"comment_status":"open","ping_status":"open","sticky":false,"template":"","format":"standard","meta":{"_jetpack_memberships_contains_paid_content":false,"footnotes":"","jetpack_publicize_message":"","jetpack_publicize_feature_enabled":true,"jetpack_social_post_already_shared":true,"jetpack_social_options":{"image_generator_settings":{"template":"highway","default_image_id":0,"font":"","enabled":false},"version":2},"_wpas_customize_per_network":false},"categories":[68],"tags":[],"class_list":["post-18194","post","type-post","status-publish","format-standard","has-post-thumbnail","hentry","category-actu-culturelle"],"jetpack_publicize_connections":[],"jetpack_featured_media_url":"https:\/\/i0.wp.com\/www.iceagetv.com\/radiosite\/wp-content\/uploads\/2021\/04\/Jean-Jacques-Peroni-vir%C3%A9-de-RTL.jpg?fit=679%2C293&ssl=1","jetpack_sharing_enabled":true,"_links":{"self":[{"href":"https:\/\/www.iceagetv.com\/radiosite\/wp-json\/wp\/v2\/posts\/18194","targetHints":{"allow":["GET"]}}],"collection":[{"href":"https:\/\/www.iceagetv.com\/radiosite\/wp-json\/wp\/v2\/posts"}],"about":[{"href":"https:\/\/www.iceagetv.com\/radiosite\/wp-json\/wp\/v2\/types\/post"}],"author":[{"embeddable":true,"href":"https:\/\/www.iceagetv.com\/radiosite\/wp-json\/wp\/v2\/users\/2"}],"replies":[{"embeddable":true,"href":"https:\/\/www.iceagetv.com\/radiosite\/wp-json\/wp\/v2\/comments?post=18194"}],"version-history":[{"count":1,"href":"https:\/\/www.iceagetv.com\/radiosite\/wp-json\/wp\/v2\/posts\/18194\/revisions"}],"predecessor-version":[{"id":18196,"href":"https:\/\/www.iceagetv.com\/radiosite\/wp-json\/wp\/v2\/posts\/18194\/revisions\/18196"}],"wp:featuredmedia":[{"embeddable":true,"href":"https:\/\/www.iceagetv.com\/radiosite\/wp-json\/wp\/v2\/media\/18195"}],"wp:attachment":[{"href":"https:\/\/www.iceagetv.com\/radiosite\/wp-json\/wp\/v2\/media?parent=18194"}],"wp:term":[{"taxonomy":"category","embeddable":true,"href":"https:\/\/www.iceagetv.com\/radiosite\/wp-json\/wp\/v2\/categories?post=18194"},{"taxonomy":"post_tag","embeddable":true,"href":"https:\/\/www.iceagetv.com\/radiosite\/wp-json\/wp\/v2\/tags?post=18194"}],"curies":[{"name":"wp","href":"https:\/\/api.w.org\/{rel}","templated":true}]}}