{"id":18203,"date":"2021-04-01T18:21:25","date_gmt":"2021-04-01T18:21:25","guid":{"rendered":"http:\/\/www.iceagetv.com\/radiosite\/?p=18203"},"modified":"2021-04-01T18:21:25","modified_gmt":"2021-04-01T18:21:25","slug":"le-chanteur-patrick-juvet-connu-pour-son-tube-ou-sont-les-femmes-est-mort-a-lage-de-70-ans","status":"publish","type":"post","link":"https:\/\/www.iceagetv.com\/radiosite\/le-chanteur-patrick-juvet-connu-pour-son-tube-ou-sont-les-femmes-est-mort-a-lage-de-70-ans\/","title":{"rendered":"Le chanteur Patrick Juvet, connu pour son tube \u00ab\u00a0O\u00f9 sont les femmes ?\u00a0\u00bb, est mort \u00e0 l&rsquo;\u00e2ge de 70 ans"},"content":{"rendered":"\n<p>Le chanteur suisse Patrick Juvet, devenu c\u00e9l\u00e8bre dans les ann\u00e9es 1970 pour son tube disco&nbsp;<em>\u00ab\u00a0O\u00f9 sont les femmes ?\u00a0\u00bb<\/em>, est mort \u00e0 l&rsquo;\u00e2ge de 70 ans, a annonc\u00e9 \u00e0 l&rsquo;AFP jeudi 1er avril son agent, Yann Ydoux. Le corps de l&rsquo;artiste a \u00e9t\u00e9 retrouv\u00e9 dans un appartement \u00e0 Barcelone. Les causes du d\u00e9c\u00e8s ne sont pas encore \u00e9tablies.&nbsp;<em>\u00ab\u00a0Il y aura une autopsie, je l&rsquo;avais eu au t\u00e9l\u00e9phone il y a trois jours, je l&rsquo;avais trouv\u00e9 bien\u00a0\u00bb<\/em>, a expliqu\u00e9 Yann Ydoux.&nbsp;<\/p>\n\n\n\n<p>Patrick Juvet r\u00e9sidait \u00e0 Paris, mais se rendait de temps en temps \u00e0 Barcelone ou en Suisse.&nbsp;<em>\u00ab\u00a0O\u00f9 sont les femmes ?\u00a0\u00bb<\/em>, \u00e0 l&rsquo;immense succ\u00e8s, figurait sur&nbsp;<em>\u00ab\u00a0Paris by Night\u00a0\u00bb<\/em>, album de 1977. Cet album est le fruit de la collaboration entre le chanteur-compositeur et Jean-Michel Jarre.<\/p>\n\n\n\n<h2 class=\"wp-block-heading\">Derni\u00e8res apparitions sur sc\u00e8ne dans les ann\u00e9es 2000<\/h2>\n\n\n\n<p>Chose peu connue du grand public, Daniel Balavoine a d\u00e9but\u00e9 sa carri\u00e8re comme choriste pour Patrick Juvet. Sa carri\u00e8re&nbsp;<em>\u00ab\u00a0a connu des hauts et des bas, des p\u00e9riodes fastes, d&rsquo;autres moins, un peu comme Renaud\u00a0\u00bb<\/em>, a r\u00e9sum\u00e9 Yann Ydoux, qui a rencontr\u00e9 le chanteur il y a 22 ans.<\/p>\n\n\n\n<p>Les derni\u00e8res apparitions sur sc\u00e8ne de Patrick Juvet remontent \u00e0 la tourn\u00e9e \u00ab\u00a0\u00c2ge tendre et t\u00eate de bois\u00a0\u00bb dans les ann\u00e9es 2000, soit une sorte de \u00ab\u00a0all-star\u00a0\u00bb des vedettes populaires. Dave, Sheila, Mich\u00e8le Torr ou encore Stone et Charden \u00e9taient \u00e9galement \u00e0 l&rsquo;affiche \u00e0 cette \u00e9poque.&nbsp;<em>\u00ab\u00a0Patrick avait encore pleins de projets, notamment un nouvel album en tant que compositeur\u00a0\u00bb<\/em>, a ajout\u00e9 son agent.<\/p>\n","protected":false},"excerpt":{"rendered":"<p>Le chanteur suisse Patrick Juvet, devenu c\u00e9l\u00e8bre dans les ann\u00e9es 1970 pour son tube disco&nbsp;\u00ab\u00a0O\u00f9 sont les femmes ?\u00a0\u00bb, est mort \u00e0 l&rsquo;\u00e2ge de 70 ans, a annonc\u00e9 \u00e0 l&rsquo;AFP jeudi 1er avril son agent, Yann Ydoux. Le corps de l&rsquo;artiste a \u00e9t\u00e9 retrouv\u00e9 dans un appartement \u00e0 Barcelone. Les causes du d\u00e9c\u00e8s ne sont [&hellip;]<\/p>\n","protected":false},"author":2,"featured_media":18204,"comment_status":"open","ping_status":"open","sticky":false,"template":"","format":"standard","meta":{"_jetpack_memberships_contains_paid_content":false,"footnotes":"","jetpack_publicize_message":"","jetpack_publicize_feature_enabled":true,"jetpack_social_post_already_shared":true,"jetpack_social_options":{"image_generator_settings":{"template":"highway","default_image_id":0,"font":"","enabled":false},"version":2},"_wpas_customize_per_network":false},"categories":[68],"tags":[2909],"class_list":["post-18203","post","type-post","status-publish","format-standard","has-post-thumbnail","hentry","category-actu-culturelle","tag-le-chanteur-patrick-juvet"],"jetpack_publicize_connections":[],"jetpack_featured_media_url":"https:\/\/i0.wp.com\/www.iceagetv.com\/radiosite\/wp-content\/uploads\/2021\/04\/Le-chanteur-Patrick-Juvet-connu-pour-son-tube.png?fit=667%2C500&ssl=1","jetpack_sharing_enabled":true,"_links":{"self":[{"href":"https:\/\/www.iceagetv.com\/radiosite\/wp-json\/wp\/v2\/posts\/18203","targetHints":{"allow":["GET"]}}],"collection":[{"href":"https:\/\/www.iceagetv.com\/radiosite\/wp-json\/wp\/v2\/posts"}],"about":[{"href":"https:\/\/www.iceagetv.com\/radiosite\/wp-json\/wp\/v2\/types\/post"}],"author":[{"embeddable":true,"href":"https:\/\/www.iceagetv.com\/radiosite\/wp-json\/wp\/v2\/users\/2"}],"replies":[{"embeddable":true,"href":"https:\/\/www.iceagetv.com\/radiosite\/wp-json\/wp\/v2\/comments?post=18203"}],"version-history":[{"count":1,"href":"https:\/\/www.iceagetv.com\/radiosite\/wp-json\/wp\/v2\/posts\/18203\/revisions"}],"predecessor-version":[{"id":18205,"href":"https:\/\/www.iceagetv.com\/radiosite\/wp-json\/wp\/v2\/posts\/18203\/revisions\/18205"}],"wp:featuredmedia":[{"embeddable":true,"href":"https:\/\/www.iceagetv.com\/radiosite\/wp-json\/wp\/v2\/media\/18204"}],"wp:attachment":[{"href":"https:\/\/www.iceagetv.com\/radiosite\/wp-json\/wp\/v2\/media?parent=18203"}],"wp:term":[{"taxonomy":"category","embeddable":true,"href":"https:\/\/www.iceagetv.com\/radiosite\/wp-json\/wp\/v2\/categories?post=18203"},{"taxonomy":"post_tag","embeddable":true,"href":"https:\/\/www.iceagetv.com\/radiosite\/wp-json\/wp\/v2\/tags?post=18203"}],"curies":[{"name":"wp","href":"https:\/\/api.w.org\/{rel}","templated":true}]}}